{"id":373000,"date":"2023-08-31T08:15:35","date_gmt":"2023-08-31T11:15:35","guid":{"rendered":"https:\/\/www.mendoza.gov.ar\/prensa\/?p=373000"},"modified":"2023-08-31T08:45:56","modified_gmt":"2023-08-31T11:45:56","slug":"dario-silva-obtuvo-el-primer-puesto-de-su-categoria-en-el-mundial-de-natacion-de-invierno","status":"publish","type":"post","link":"https:\/\/www.mendoza.gov.ar\/prensa\/dario-silva-obtuvo-el-primer-puesto-de-su-categoria-en-el-mundial-de-natacion-de-invierno\/","title":{"rendered":"Dar\u00edo Silva obtuvo el primer puesto de su categor\u00eda en el Mundial de Nataci\u00f3n de Invierno"},"content":{"rendered":"<!DOCTYPE html PUBLIC \"-\/\/W3C\/\/DTD HTML 4.0 Transitional\/\/EN\" \"http:\/\/www.w3.org\/TR\/REC-html40\/loose.dtd\">\n<html><body><h5><strong>El mendocino se qued&oacute; con el podio y<\/strong> <strong>medalla de oro en la categor&iacute;a 55-59<\/strong> <strong>a&ntilde;os en la competencia disputada en<\/strong> <strong>El Calafate. Participaron unos 158<\/strong> <strong>deportistas de 11 pa&iacute;ses.<\/strong><\/h5>\n\n\n\n<p>El nadador mendocino Dar&iacute;o Silva, oriundo de Luj&aacute;n, de 55 a&ntilde;os, logr&oacute; el primer puesto y medalla dorada en la categor&iacute;a 55-59 a&ntilde;os. Fue en el Mundial de Nataci&oacute;n de Invierno disputado del&nbsp; 22 al 27 de este mes en Lago Argentino, al pie del glaciar Perito Moreno, en El Calafate, provincia de Santa Cruz, donde participaci&oacute;n 158 nadadores y nadadoras de 11 pa&iacute;ses.<\/p>\n\n\n\n<p>El lujanino disput&oacute; todas sus carreras sin traje de neoprene y sum&oacute; as&iacute; su tercera participaci&oacute;n mundialista<strong>,&nbsp;<\/strong>ya que anteriormente estuvo representando a la Argentina en 2018, en Estonia, y en 2020, en Eslovenia, adem&aacute;s de varios circuitos europeos.&nbsp;&nbsp;<\/p>\n\n\n\n<p>Silva, quien logr&oacute; tres primeros puestos y dos segundos, explic&oacute;: &ldquo;Son varias las competencias en diferentes distancias que uno corre en las que suma puntos. Posteriormente te otorgan las medallas de oro, plata o bronce en funci&oacute;n del lugar en que uno sali&oacute;, de acuerdo con la sumatoria de todas las pruebas. En mi caso, esos puestos logrados me permitieron quedar primero absoluto en mi categor&iacute;a&rdquo;.<\/p>\n\n\n\n<p>Al hacer un balance de su participaci&oacute;n en este mundial, el deportista destac&oacute;:<strong>&nbsp;<\/strong>&ldquo;Fue sumamente positivo, ya que se nado pruebas sumamente dif&iacute;ciles por las condiciones del agua y del clima -mucho viento-, que hac&iacute;an que el nado sea a&uacute;n m&aacute;s dif&iacute;cil&rdquo;,<\/p>\n\n\n\n<p>En ese sentido, manifest&oacute;: &ldquo;Me sent&iacute; pleno en cada carrera poniendo el 100 por ciento, que con el correr de los minutos expuestos en esa masa fr&iacute;a de agua, se iba disminuyendo, pero pude terminar todas mis carreras con 3 primeros puestos y 2 segundo puestos, qued&aacute;ndome con la medalla de oro en mi categor&iacute;a&rdquo;.<\/p>\n\n\n\n<p>&ldquo;Las pruebas fueron dur&iacute;simas &ndash;agreg&oacute;&ndash;, ya que el viento hizo que se reprogramaran y suspendieran varias de ellas. Sin duda, la prueba m&aacute;s dif&iacute;cil fueron los 1000 metros, a 2,4&deg; de temperatura, donde casi el 40 por ciento de los nadadores tuvieron que abandonar&rdquo;, concluy&oacute;.<\/p>\n\n\n\n<figure class=\"wp-block-gallery columns-3\"><ul class=\"blocks-gallery-grid\"><li class=\"blocks-gallery-item\"><figure><a href=\"https:\/\/www.mendoza.gov.ar\/wp-content\/uploads\/sites\/5\/2023\/08\/thumbnail-1-2.jpg\"><img loading=\"lazy\" width=\"576\" height=\"1280\" src=\"https:\/\/www.mendoza.gov.ar\/wp-content\/uploads\/sites\/5\/2023\/08\/thumbnail-1-2.jpg\" alt=\"\" data-id=\"373002\" data-full-url=\"https:\/\/www.mendoza.gov.ar\/wp-content\/uploads\/sites\/5\/2023\/08\/thumbnail-1-2.jpg\" data-link=\"https:\/\/www.mendoza.gov.ar\/prensa\/?attachment_id=373002\" class=\"wp-image-373002 img-responsive center-block\" srcset=\"https:\/\/www.mendoza.gov.ar\/wp-content\/uploads\/sites\/5\/2023\/08\/thumbnail-1-2.jpg 576w, https:\/\/www.mendoza.gov.ar\/wp-content\/uploads\/sites\/5\/2023\/08\/thumbnail-1-2-250x556.jpg 250w, https:\/\/www.mendoza.gov.ar\/wp-content\/uploads\/sites\/5\/2023\/08\/thumbnail-1-2-120x267.jpg 120w\" sizes=\"(max-width: 576px) 100vw, 576px\"><\/a><\/figure><\/li><li class=\"blocks-gallery-item\"><figure><a href=\"https:\/\/www.mendoza.gov.ar\/wp-content\/uploads\/sites\/5\/2023\/08\/thumbnail-2-2.jpg\"><img loading=\"lazy\" width=\"700\" height=\"933\" src=\"https:\/\/www.mendoza.gov.ar\/wp-content\/uploads\/sites\/5\/2023\/08\/thumbnail-2-2-700x933.jpg\" alt=\"\" data-id=\"373003\" data-full-url=\"https:\/\/www.mendoza.gov.ar\/wp-content\/uploads\/sites\/5\/2023\/08\/thumbnail-2-2.jpg\" data-link=\"https:\/\/www.mendoza.gov.ar\/prensa\/?attachment_id=373003\" class=\"wp-image-373003 img-responsive center-block\" srcset=\"https:\/\/www.mendoza.gov.ar\/wp-content\/uploads\/sites\/5\/2023\/08\/thumbnail-2-2-700x933.jpg 700w, https:\/\/www.mendoza.gov.ar\/wp-content\/uploads\/sites\/5\/2023\/08\/thumbnail-2-2-250x333.jpg 250w, https:\/\/www.mendoza.gov.ar\/wp-content\/uploads\/sites\/5\/2023\/08\/thumbnail-2-2-768x1024.jpg 768w, https:\/\/www.mendoza.gov.ar\/wp-content\/uploads\/sites\/5\/2023\/08\/thumbnail-2-2-120x160.jpg 120w, https:\/\/www.mendoza.gov.ar\/wp-content\/uploads\/sites\/5\/2023\/08\/thumbnail-2-2.jpg 1080w\" sizes=\"(max-width: 700px) 100vw, 700px\"><\/a><\/figure><\/li><li class=\"blocks-gallery-item\"><figure><a href=\"https:\/\/www.mendoza.gov.ar\/wp-content\/uploads\/sites\/5\/2023\/08\/thumbnail-4-1.jpg\"><img loading=\"lazy\" width=\"700\" height=\"1244\" src=\"https:\/\/www.mendoza.gov.ar\/wp-content\/uploads\/sites\/5\/2023\/08\/thumbnail-4-1-700x1244.jpg\" alt=\"\" data-id=\"373004\" data-full-url=\"https:\/\/www.mendoza.gov.ar\/wp-content\/uploads\/sites\/5\/2023\/08\/thumbnail-4-1.jpg\" data-link=\"https:\/\/www.mendoza.gov.ar\/prensa\/?attachment_id=373004\" class=\"wp-image-373004 img-responsive center-block\" srcset=\"https:\/\/www.mendoza.gov.ar\/wp-content\/uploads\/sites\/5\/2023\/08\/thumbnail-4-1-700x1244.jpg 700w, https:\/\/www.mendoza.gov.ar\/wp-content\/uploads\/sites\/5\/2023\/08\/thumbnail-4-1-250x444.jpg 250w, https:\/\/www.mendoza.gov.ar\/wp-content\/uploads\/sites\/5\/2023\/08\/thumbnail-4-1-120x213.jpg 120w, https:\/\/www.mendoza.gov.ar\/wp-content\/uploads\/sites\/5\/2023\/08\/thumbnail-4-1.jpg 720w\" sizes=\"(max-width: 700px) 100vw, 700px\"><\/a><\/figure><\/li><li class=\"blocks-gallery-item\"><figure><a href=\"https:\/\/www.mendoza.gov.ar\/wp-content\/uploads\/sites\/5\/2023\/08\/thumbnail-5-1.jpg\"><img loading=\"lazy\" width=\"700\" height=\"933\" src=\"https:\/\/www.mendoza.gov.ar\/wp-content\/uploads\/sites\/5\/2023\/08\/thumbnail-5-1-700x933.jpg\" alt=\"\" data-id=\"373005\" data-full-url=\"https:\/\/www.mendoza.gov.ar\/wp-content\/uploads\/sites\/5\/2023\/08\/thumbnail-5-1.jpg\" data-link=\"https:\/\/www.mendoza.gov.ar\/prensa\/?attachment_id=373005\" class=\"wp-image-373005 img-responsive center-block\" srcset=\"https:\/\/www.mendoza.gov.ar\/wp-content\/uploads\/sites\/5\/2023\/08\/thumbnail-5-1-700x933.jpg 700w, https:\/\/www.mendoza.gov.ar\/wp-content\/uploads\/sites\/5\/2023\/08\/thumbnail-5-1-250x333.jpg 250w, https:\/\/www.mendoza.gov.ar\/wp-content\/uploads\/sites\/5\/2023\/08\/thumbnail-5-1-768x1024.jpg 768w, https:\/\/www.mendoza.gov.ar\/wp-content\/uploads\/sites\/5\/2023\/08\/thumbnail-5-1-120x160.jpg 120w, https:\/\/www.mendoza.gov.ar\/wp-content\/uploads\/sites\/5\/2023\/08\/thumbnail-5-1.jpg 1080w\" sizes=\"(max-width: 700px) 100vw, 700px\"><\/a><\/figure><\/li><li class=\"blocks-gallery-item\"><figure><a href=\"https:\/\/www.mendoza.gov.ar\/wp-content\/uploads\/sites\/5\/2023\/08\/thumbnail-6-1.jpg\"><img loading=\"lazy\" width=\"576\" height=\"1280\" src=\"https:\/\/www.mendoza.gov.ar\/wp-content\/uploads\/sites\/5\/2023\/08\/thumbnail-6-1.jpg\" alt=\"\" data-id=\"373006\" data-full-url=\"https:\/\/www.mendoza.gov.ar\/wp-content\/uploads\/sites\/5\/2023\/08\/thumbnail-6-1.jpg\" data-link=\"https:\/\/www.mendoza.gov.ar\/prensa\/?attachment_id=373006\" class=\"wp-image-373006 img-responsive center-block\" srcset=\"https:\/\/www.mendoza.gov.ar\/wp-content\/uploads\/sites\/5\/2023\/08\/thumbnail-6-1.jpg 576w, https:\/\/www.mendoza.gov.ar\/wp-content\/uploads\/sites\/5\/2023\/08\/thumbnail-6-1-250x556.jpg 250w, https:\/\/www.mendoza.gov.ar\/wp-content\/uploads\/sites\/5\/2023\/08\/thumbnail-6-1-120x267.jpg 120w\" sizes=\"(max-width: 576px) 100vw, 576px\"><\/a><\/figure><\/li><li class=\"blocks-gallery-item\"><figure><a href=\"https:\/\/www.mendoza.gov.ar\/wp-content\/uploads\/sites\/5\/2023\/08\/thumbnail-7-1.jpg\"><img src=\"https:\/\/www.mendoza.gov.ar\/wp-content\/uploads\/sites\/5\/2023\/08\/thumbnail-7-1.jpg\" alt=\"\" data-id=\"373007\" data-full-url=\"https:\/\/www.mendoza.gov.ar\/wp-content\/uploads\/sites\/5\/2023\/08\/thumbnail-7-1.jpg\" data-link=\"https:\/\/www.mendoza.gov.ar\/prensa\/?attachment_id=373007\" class=\"wp-image-373007 img-responsive center-block\"><\/a><\/figure><\/li><li class=\"blocks-gallery-item\"><figure><a href=\"https:\/\/www.mendoza.gov.ar\/wp-content\/uploads\/sites\/5\/2023\/08\/thumbnail-8.jpg\"><img loading=\"lazy\" width=\"576\" height=\"1280\" src=\"https:\/\/www.mendoza.gov.ar\/wp-content\/uploads\/sites\/5\/2023\/08\/thumbnail-8.jpg\" alt=\"\" data-id=\"373008\" data-full-url=\"https:\/\/www.mendoza.gov.ar\/wp-content\/uploads\/sites\/5\/2023\/08\/thumbnail-8.jpg\" data-link=\"https:\/\/www.mendoza.gov.ar\/prensa\/?attachment_id=373008\" class=\"wp-image-373008 img-responsive center-block\" srcset=\"https:\/\/www.mendoza.gov.ar\/wp-content\/uploads\/sites\/5\/2023\/08\/thumbnail-8.jpg 576w, https:\/\/www.mendoza.gov.ar\/wp-content\/uploads\/sites\/5\/2023\/08\/thumbnail-8-250x556.jpg 250w, https:\/\/www.mendoza.gov.ar\/wp-content\/uploads\/sites\/5\/2023\/08\/thumbnail-8-120x267.jpg 120w\" sizes=\"(max-width: 576px) 100vw, 576px\"><\/a><\/figure><\/li><\/ul><\/figure>\n<\/body><\/html>\n","protected":false},"excerpt":{"rendered":"El mendocino se qued&oacute; con el podio y medalla de oro en la categor&iacute;a 55-59 a&ntilde;os en la competencia disputada en El Calafate. Participaron unos 158 deportistas de 11 pa&iacute;ses. El nadador mendocino Dar&iacute;o Silva, oriundo de Luj&aacute;n, de 55 a&ntilde;os, logr&oacute; el primer puesto y medalla dorada en la categor&iacute;a 55-59 a&ntilde;os. Fue en&#8230; <a class=\"view-article\" href=\"https:\/\/www.mendoza.gov.ar\/prensa\/dario-silva-obtuvo-el-primer-puesto-de-su-categoria-en-el-mundial-de-natacion-de-invierno\/\"><\/a>","protected":false},"author":66,"featured_media":373007,"comment_status":"open","ping_status":"open","sticky":false,"template":"","format":"standard","meta":[],"categories":[10],"tags":[],"_links":{"self":[{"href":"https:\/\/www.mendoza.gov.ar\/prensa\/wp-json\/wp\/v2\/posts\/373000"}],"collection":[{"href":"https:\/\/www.mendoza.gov.ar\/prensa\/wp-json\/wp\/v2\/posts"}],"about":[{"href":"https:\/\/www.mendoza.gov.ar\/prensa\/wp-json\/wp\/v2\/types\/post"}],"author":[{"embeddable":true,"href":"https:\/\/www.mendoza.gov.ar\/prensa\/wp-json\/wp\/v2\/users\/66"}],"replies":[{"embeddable":true,"href":"https:\/\/www.mendoza.gov.ar\/prensa\/wp-json\/wp\/v2\/comments?post=373000"}],"version-history":[{"count":2,"href":"https:\/\/www.mendoza.gov.ar\/prensa\/wp-json\/wp\/v2\/posts\/373000\/revisions"}],"predecessor-version":[{"id":373012,"href":"https:\/\/www.mendoza.gov.ar\/prensa\/wp-json\/wp\/v2\/posts\/373000\/revisions\/373012"}],"wp:featuredmedia":[{"embeddable":true,"href":"https:\/\/www.mendoza.gov.ar\/prensa\/wp-json\/wp\/v2\/media\/373007"}],"wp:attachment":[{"href":"https:\/\/www.mendoza.gov.ar\/prensa\/wp-json\/wp\/v2\/media?parent=373000"}],"wp:term":[{"taxonomy":"category","embeddable":true,"href":"https:\/\/www.mendoza.gov.ar\/prensa\/wp-json\/wp\/v2\/categories?post=373000"},{"taxonomy":"post_tag","embeddable":true,"href":"https:\/\/www.mendoza.gov.ar\/prensa\/wp-json\/wp\/v2\/tags?post=373000"}],"curies":[{"name":"wp","href":"https:\/\/api.w.org\/{rel}","templated":true}]}}