{"id":373630,"date":"2023-09-04T08:03:21","date_gmt":"2023-09-04T11:03:21","guid":{"rendered":"https:\/\/www.mendoza.gov.ar\/prensa\/?p=373630"},"modified":"2023-09-04T08:40:02","modified_gmt":"2023-09-04T11:40:02","slug":"ujemvi-se-consagro-campeon-de-la-division-de-honor-de-futsal-femenino","status":"publish","type":"post","link":"https:\/\/www.mendoza.gov.ar\/prensa\/ujemvi-se-consagro-campeon-de-la-division-de-honor-de-futsal-femenino\/","title":{"rendered":"Ujemvi  se consagr\u00f3 campe\u00f3n de la Divisi\u00f3n de Honor de Futsal Femenino"},"content":{"rendered":"<!DOCTYPE html PUBLIC \"-\/\/W3C\/\/DTD HTML 4.0 Transitional\/\/EN\" \"http:\/\/www.w3.org\/TR\/REC-html40\/loose.dtd\">\n<html><body><p><strong>Las chicas lasherinas vencieron en<\/strong> <strong>la final 3-1 a JM de Comodoro<\/strong> <strong>Rivadavia y logaron el t&iacute;tulo<\/strong> <strong>m&aacute;s importante de su historia<\/strong>.<\/p>\n\n\n\n<p>El colmado Estadio Vicente Polimeni de Las Heras fue el escenario para que las chicas lasherinas lograran este fin de semana el t&iacute;tulo m&aacute;s importante de su historia, al vencer en la final en el alargue 3-1 (1-1 en el reglamentario) a JM de Comodoro Rivadavia. Se consagraron as&iacute; campeonas de la Divisi&oacute;n de Honor Femenina de futsal 2023 a nivel nacional.<\/p>\n\n\n\n<p>Con este t&iacute;tulo obtenido en forma invicta, las <em>Verdes <\/em>lasherinas ratificaron el poder&iacute;o mendocino en el futsal a nivel nacional, ya que en masculino los mendocinos de Jockey Club hab&iacute;an logrado el t&iacute;tulo ante Flamengo, tambi&eacute;n de Comodoro Rivadavia, para consagrarse semanas despu&eacute;s campe&oacute;n mundial de clubes.<\/p>\n\n\n\n<p>La Divisi&oacute;n de Honor Femenina&nbsp;de futsal&nbsp;se disput&oacute; en la&nbsp;provincia de Mendoza&nbsp;y&nbsp;reuni&oacute; a los 16 mejores elencos del pa&iacute;s, con la organizaci&oacute;n de la Confederaci&oacute;n Argentina de F&uacute;tbol de Sal&oacute;n (CAFS). Otro equipo local que se subi&oacute; al podio fue Cementista, que en el duelo entre mendocinos, logr&oacute; el tercer puesto al vencer 3-2 a Alianza Godoy Cruz.<\/p>\n\n\n\n<p>Durante el tiempo reglamentario, que fue muy disputado y presagiaba un final incierto, el equipo local dirigido por Carlos L&oacute;pez se puso en ventaja por intermedio de Julieta Persia. En el complemento, el conjunto del Sur argentino lleg&oacute; a la igualdad a trav&eacute;s de Currubinca.<\/p>\n\n\n\n<p>Ya en el alargue, el equipo mendocino sac&oacute; a relucir sus pergaminos y logr&oacute; ponerse arriba en el marcador a trav&eacute;s de un tanto convertido por Malena Gonz&aacute;lez y luego, la goleadora del torneo, Luciana Napolitano, puso el 3-1. A partir de all&iacute;, las <em>Verdes <\/em>supieron mantener la ventaja y llegar al final con festejos de las lasherinas, que pusieron el futsal femenino en lo m&aacute;s alto a nivel nacional.<\/p>\n\n\n\n<p>Adem&aacute;s del t&iacute;tulo nacional, Ujemvi tuvo entre sus filas a Mayra Oz&aacute;n, la mejor jugadora del torneo, y a Luciana Napolitano, goleadora del campeonato, con 8 tantos. El plantel del flamante campe&oacute;n estuvo integrado por las siguientes jugadoras: &Eacute;rika L&oacute;pez, Mayra Oz&aacute;n, Julieta Persia, Brisa Berardi, Malena Gonz&aacute;lez, Bel&eacute;n Berardi, Fiorella Guerre&ntilde;o, Anal&iacute;a Bustos, Maite P&eacute;rez, Luciana Napolitano, Eliana Galiano, Delfina Flores, Ariadna Guillot y Y&eacute;sica Flores.<\/p>\n\n\n\n<figure class=\"wp-block-gallery columns-3\"><ul class=\"blocks-gallery-grid\"><li class=\"blocks-gallery-item\"><figure><img loading=\"lazy\" width=\"640\" height=\"640\" src=\"https:\/\/www.mendoza.gov.ar\/wp-content\/uploads\/sites\/5\/2023\/09\/941059_209383112759205_4478055707087318672_n.jpg\" alt=\"\" data-id=\"373632\" data-full-url=\"https:\/\/www.mendoza.gov.ar\/wp-content\/uploads\/sites\/5\/2023\/09\/941059_209383112759205_4478055707087318672_n.jpg\" data-link=\"https:\/\/www.mendoza.gov.ar\/prensa\/?attachment_id=373632\" class=\"wp-image-373632 img-responsive center-block\" srcset=\"https:\/\/www.mendoza.gov.ar\/wp-content\/uploads\/sites\/5\/2023\/09\/941059_209383112759205_4478055707087318672_n.jpg 640w, https:\/\/www.mendoza.gov.ar\/wp-content\/uploads\/sites\/5\/2023\/09\/941059_209383112759205_4478055707087318672_n-250x250.jpg 250w, https:\/\/www.mendoza.gov.ar\/wp-content\/uploads\/sites\/5\/2023\/09\/941059_209383112759205_4478055707087318672_n-150x150.jpg 150w, https:\/\/www.mendoza.gov.ar\/wp-content\/uploads\/sites\/5\/2023\/09\/941059_209383112759205_4478055707087318672_n-120x120.jpg 120w\" sizes=\"(max-width: 640px) 100vw, 640px\"><\/figure><\/li><li class=\"blocks-gallery-item\"><figure><img loading=\"lazy\" width=\"330\" height=\"330\" src=\"https:\/\/www.mendoza.gov.ar\/wp-content\/uploads\/sites\/5\/2023\/09\/315066257_580090550586701_8683295605105050438_n.jpg\" alt=\"\" data-id=\"373633\" data-full-url=\"https:\/\/www.mendoza.gov.ar\/wp-content\/uploads\/sites\/5\/2023\/09\/315066257_580090550586701_8683295605105050438_n.jpg\" data-link=\"https:\/\/www.mendoza.gov.ar\/prensa\/?attachment_id=373633\" class=\"wp-image-373633 img-responsive center-block\" srcset=\"https:\/\/www.mendoza.gov.ar\/wp-content\/uploads\/sites\/5\/2023\/09\/315066257_580090550586701_8683295605105050438_n.jpg 330w, https:\/\/www.mendoza.gov.ar\/wp-content\/uploads\/sites\/5\/2023\/09\/315066257_580090550586701_8683295605105050438_n-250x250.jpg 250w, https:\/\/www.mendoza.gov.ar\/wp-content\/uploads\/sites\/5\/2023\/09\/315066257_580090550586701_8683295605105050438_n-150x150.jpg 150w, https:\/\/www.mendoza.gov.ar\/wp-content\/uploads\/sites\/5\/2023\/09\/315066257_580090550586701_8683295605105050438_n-120x120.jpg 120w\" sizes=\"(max-width: 330px) 100vw, 330px\"><\/figure><\/li><li class=\"blocks-gallery-item\"><figure><img loading=\"lazy\" width=\"700\" height=\"394\" src=\"https:\/\/www.mendoza.gov.ar\/wp-content\/uploads\/sites\/5\/2023\/09\/f848x477-1469784_1527587_5050-700x394.jpeg\" alt=\"\" data-id=\"373634\" data-full-url=\"https:\/\/www.mendoza.gov.ar\/wp-content\/uploads\/sites\/5\/2023\/09\/f848x477-1469784_1527587_5050.jpeg\" data-link=\"https:\/\/www.mendoza.gov.ar\/prensa\/?attachment_id=373634\" class=\"wp-image-373634 img-responsive center-block\" srcset=\"https:\/\/www.mendoza.gov.ar\/wp-content\/uploads\/sites\/5\/2023\/09\/f848x477-1469784_1527587_5050-700x394.jpeg 700w, https:\/\/www.mendoza.gov.ar\/wp-content\/uploads\/sites\/5\/2023\/09\/f848x477-1469784_1527587_5050-250x141.jpeg 250w, https:\/\/www.mendoza.gov.ar\/wp-content\/uploads\/sites\/5\/2023\/09\/f848x477-1469784_1527587_5050-768x432.jpeg 768w, https:\/\/www.mendoza.gov.ar\/wp-content\/uploads\/sites\/5\/2023\/09\/f848x477-1469784_1527587_5050-120x68.jpeg 120w, https:\/\/www.mendoza.gov.ar\/wp-content\/uploads\/sites\/5\/2023\/09\/f848x477-1469784_1527587_5050.jpeg 848w\" sizes=\"(max-width: 700px) 100vw, 700px\"><\/figure><\/li><\/ul><\/figure>\n<\/body><\/html>\n","protected":false},"excerpt":{"rendered":"Las chicas lasherinas vencieron en la final 3-1 a JM de Comodoro Rivadavia y logaron el t&iacute;tulo m&aacute;s importante de su historia. El colmado Estadio Vicente Polimeni de Las Heras fue el escenario para que las chicas lasherinas lograran este fin de semana el t&iacute;tulo m&aacute;s importante de su historia, al vencer en la final&#8230; <a class=\"view-article\" href=\"https:\/\/www.mendoza.gov.ar\/prensa\/ujemvi-se-consagro-campeon-de-la-division-de-honor-de-futsal-femenino\/\"><\/a>","protected":false},"author":66,"featured_media":373634,"comment_status":"open","ping_status":"open","sticky":false,"template":"","format":"standard","meta":[],"categories":[10],"tags":[],"_links":{"self":[{"href":"https:\/\/www.mendoza.gov.ar\/prensa\/wp-json\/wp\/v2\/posts\/373630"}],"collection":[{"href":"https:\/\/www.mendoza.gov.ar\/prensa\/wp-json\/wp\/v2\/posts"}],"about":[{"href":"https:\/\/www.mendoza.gov.ar\/prensa\/wp-json\/wp\/v2\/types\/post"}],"author":[{"embeddable":true,"href":"https:\/\/www.mendoza.gov.ar\/prensa\/wp-json\/wp\/v2\/users\/66"}],"replies":[{"embeddable":true,"href":"https:\/\/www.mendoza.gov.ar\/prensa\/wp-json\/wp\/v2\/comments?post=373630"}],"version-history":[{"count":4,"href":"https:\/\/www.mendoza.gov.ar\/prensa\/wp-json\/wp\/v2\/posts\/373630\/revisions"}],"predecessor-version":[{"id":373647,"href":"https:\/\/www.mendoza.gov.ar\/prensa\/wp-json\/wp\/v2\/posts\/373630\/revisions\/373647"}],"wp:featuredmedia":[{"embeddable":true,"href":"https:\/\/www.mendoza.gov.ar\/prensa\/wp-json\/wp\/v2\/media\/373634"}],"wp:attachment":[{"href":"https:\/\/www.mendoza.gov.ar\/prensa\/wp-json\/wp\/v2\/media?parent=373630"}],"wp:term":[{"taxonomy":"category","embeddable":true,"href":"https:\/\/www.mendoza.gov.ar\/prensa\/wp-json\/wp\/v2\/categories?post=373630"},{"taxonomy":"post_tag","embeddable":true,"href":"https:\/\/www.mendoza.gov.ar\/prensa\/wp-json\/wp\/v2\/tags?post=373630"}],"curies":[{"name":"wp","href":"https:\/\/api.w.org\/{rel}","templated":true}]}}