{"id":374001,"date":"2023-09-05T16:46:09","date_gmt":"2023-09-05T19:46:09","guid":{"rendered":"https:\/\/www.mendoza.gov.ar\/prensa\/?p=374001"},"modified":"2024-09-17T19:34:51","modified_gmt":"2024-09-17T22:34:51","slug":"la-segunda-edicion-de-dionisias-wine-fair-tendra-mas-de-cien-etiquetas-de-vinos-para-degustar","status":"publish","type":"post","link":"https:\/\/www.mendoza.gov.ar\/prensa\/la-segunda-edicion-de-dionisias-wine-fair-tendra-mas-de-cien-etiquetas-de-vinos-para-degustar\/","title":{"rendered":"La segunda edici\u00f3n de Dionisias Wine Fair tendr\u00e1 m\u00e1s de cien etiquetas de vinos para degustar"},"content":{"rendered":"<!DOCTYPE html PUBLIC \"-\/\/W3C\/\/DTD HTML 4.0 Transitional\/\/EN\" \"http:\/\/www.w3.org\/TR\/REC-html40\/loose.dtd\">\n<html><body><h5>Con el apoyo del Gobierno de Mendoza<strong>, el s&aacute;bado 9 y el domingo 10 de septiembre, de 18 a 23, en Espacio Arizu de Godoy Cruz, se podr&aacute; disfrutar de la feria que re&uacute;ne a 24 reconocidas en&oacute;logas, productos mendocinos de emprendedoras locales, gastronom&iacute;a de <em>foodtrucks <\/em>y bandas de m&uacute;sica en vivo. La entrada general es gratuita.<\/strong><\/h5>\n\n\n\n<p>La segunda edici&oacute;n de Dionisias, la feria de vinos protagonizada por mujeres de la industria vitivin&iacute;cola del pa&iacute;s, ya est&aacute; en marcha. En esta oportunidad, m&aacute;s de cien etiquetas de vinos de alta gama estar&aacute;n disponibles para degustar durante los dos d&iacute;as. Adem&aacute;s, el programa incluye un mercado de productos locales a cargo de mujeres, un patio de comidas con <em>foodtrucks <\/em>y shows de m&uacute;sica de DJ y bandas locales.<\/p>\n\n\n\n<p>Si bien el coraz&oacute;n de la feria sigue siendo la cata de vinos creados, esta segunda edici&oacute;n trae una propuesta &ldquo;recargada&rdquo;, dada por la variedad de espect&aacute;culos art&iacute;sticos: el s&aacute;bado acompa&ntilde;ar&aacute;n el evento la comunicadora y cantante Clarita Cesch&iacute;n (pop internacional) y la agrupaci&oacute;n El Gremio Tropical, conformada &iacute;ntegramente por mujeres.<\/p>\n\n\n\n<p>En tanto, el domingo ser&aacute; la DJ Melanie Camsen quien tome la posta por la tarde, para finalizar con Brassass, el ensamble musical que combina instrumentos de viento y percusi&oacute;n y resulta una fusi&oacute;n ritmos de jazz, funk y soul.<\/p>\n\n\n\n<p>Otro de los imperdibles de Dionisias Wine Fair ser&aacute; su propuesta gastron&oacute;mica: caf&eacute;s, pasteler&iacute;a y tambi&eacute;n sandwiches de milanesas, napolitanos, empanadas, wafles salados y dulce y papas fritas ser&aacute;n algunas de las elaboraciones de la mano de Andando Caf&eacute;, Fortunato, panino napoletano, y S&uacute;per Mila, con sus milanesas de especialidad.<\/p>\n\n\n\n<p>Es importante destacar que, al ser un lugar patrimonial, Espacio Arizu tambi&eacute;n ofrece a sus visitantes la posibilidad de hacer un recorrido por su muestra, que da cuenta de la historia y recuerdos que alberga ese sitio.<\/p>\n\n\n\n<p>La invitaci&oacute;n es para todos los mendocinos y turistas que visiten Mendoza. La entrada general al predio es gratuita. Para degustar los vinos, se debe adquirir un ticket que podr&aacute; comprarse en el lugar o por internet por EntradaWeb: www.entradaweb.com.&nbsp;<\/p>\n\n\n\n<p><strong>Dionisias Wine Fair Segunda Edici&oacute;n, una a una<\/strong><\/p>\n\n\n\n<p>Las <em>Dionisias <\/em>que se suman a la segunda edici&oacute;n son Mariela Ardito (propietaria de Canto), Antonella y Marita Bressia (propietarias de Bressia Casa de Vinos), Ana Lovaglio Balbo (propietaria de Susana Balbo Wines), Denis Vicino (en&oacute;loga de Finca La Anita), Andrea Ferreyra (en&oacute;loga de Finca La Celia), Miriam G&oacute;mez y Jimena L&oacute;pez (en&oacute;logas y due&ntilde;as de S&oacute;lo Una Vez), Alejandra Riofr&iacute;o (en&oacute;loga de Bodega Navarro Correas), Magdalena Viani, Sof&iacute;a Di Mat&iacute;a y Georgina Mendoza (en&oacute;logas de Bodega Trivento), Marianela Rossi (en&oacute;loga de Reval San Isidro), Grupo de Mujeres de la Vi&ntilde;a, Constanza Gaitieri (en&oacute;loga y due&ntilde;a de Malpensado y Dark Wines), Bel&eacute;n Rodr&iacute;guez (en&oacute;loga de La Linda), Eugenia Baigorria (due&ntilde;a y en&oacute;loga de Bodega Mi Terru&ntilde;o), Andrea Tansini (en&oacute;loga de Bodega Do&ntilde;a Paula), Evangelina Colucci (en&oacute;loga de Bodega Vistalba), Silvia Corti (en&oacute;loga y propietaria de Silvia Corti Wines), M&oacute;nica Najurieta y Roc&iacute;o Blanco (propietarias de Bodega Familia Blanco), Fernanda Martino (propietaria de Martino Wines), Paula Witowski (en&oacute;loga de Rutini Wines), Guadalupe Savina (en&oacute;loga y propietaria de Finca Savina), Sol Pippi (en&oacute;loga de Trapiche), Angelina Y&aacute;&ntilde;ez (en&oacute;loga de Lamadrid Estate Wines), Ana Carina Pubill (due&ntilde;a de Bambina Wines) y Luc&iacute;a Espejo (en&oacute;loga de Domaine Le Billoud).&nbsp;&nbsp;<\/p>\n\n\n\n<p>En tanto, del Mercado de Productores de Mendoza participar&aacute;n, entre otras, Mar&iacute;a Cicchitti (Mar&iacute;a Cicchitti Textiles, tejidos artesanales), Alejandra Navarr&iacute;a (Yoga por los Caminos del Vino), Ana De Cara (La Pausa Casa de Talleres), Noe Rold&aacute;n (Las Bot&aacute;nicas by Noe_Ilustra), Sabri Fach&iacute;n (Cu&aacute;l es mi copa), Flora Ferrer (Flora Ferrer Sommelier), Natalia S&aacute;nchez Zapponi (Dulce Latido de los Andes Alfajores) e integrantes de La Ruta de Artesanos y Emprendedores Mendocinos del Gobierno de Mendoza.<strong>&nbsp;<\/strong><\/p>\n\n\n\n<p>Es importante destacar que Dionisias Wine Fair cuenta con el apoyo del Gobierno de Mendoza, la Municipalidad de Godoy Cruz e importantes empresas y medios locales.&nbsp;<\/p>\n\n\n\n<figure class=\"wp-block-gallery columns-3\"><ul class=\"blocks-gallery-grid\"><li class=\"blocks-gallery-item\"><figure><a href=\"https:\/\/www.mendoza.gov.ar\/wp-content\/uploads\/sites\/5\/2023\/09\/WhatsApp-Image-2023-09-05-at-3.43.53-PM-2.jpeg\"><img loading=\"lazy\" width=\"700\" height=\"466\" src=\"https:\/\/www.mendoza.gov.ar\/wp-content\/uploads\/sites\/5\/2023\/09\/WhatsApp-Image-2023-09-05-at-3.43.53-PM-2-700x466.jpeg\" alt=\"\" data-id=\"374005\" data-full-url=\"https:\/\/www.mendoza.gov.ar\/wp-content\/uploads\/sites\/5\/2023\/09\/WhatsApp-Image-2023-09-05-at-3.43.53-PM-2.jpeg\" data-link=\"https:\/\/www.mendoza.gov.ar\/prensa\/?attachment_id=374005\" class=\"wp-image-374005 img-responsive center-block\" srcset=\"https:\/\/www.mendoza.gov.ar\/wp-content\/uploads\/sites\/5\/2023\/09\/WhatsApp-Image-2023-09-05-at-3.43.53-PM-2-700x466.jpeg 700w, https:\/\/www.mendoza.gov.ar\/wp-content\/uploads\/sites\/5\/2023\/09\/WhatsApp-Image-2023-09-05-at-3.43.53-PM-2-250x167.jpeg 250w, https:\/\/www.mendoza.gov.ar\/wp-content\/uploads\/sites\/5\/2023\/09\/WhatsApp-Image-2023-09-05-at-3.43.53-PM-2-768x512.jpeg 768w, https:\/\/www.mendoza.gov.ar\/wp-content\/uploads\/sites\/5\/2023\/09\/WhatsApp-Image-2023-09-05-at-3.43.53-PM-2-1536x1023.jpeg 1536w, https:\/\/www.mendoza.gov.ar\/wp-content\/uploads\/sites\/5\/2023\/09\/WhatsApp-Image-2023-09-05-at-3.43.53-PM-2-120x80.jpeg 120w, https:\/\/www.mendoza.gov.ar\/wp-content\/uploads\/sites\/5\/2023\/09\/WhatsApp-Image-2023-09-05-at-3.43.53-PM-2.jpeg 1600w\" sizes=\"(max-width: 700px) 100vw, 700px\"><\/a><\/figure><\/li><li class=\"blocks-gallery-item\"><figure><a href=\"https:\/\/www.mendoza.gov.ar\/wp-content\/uploads\/sites\/5\/2023\/09\/WhatsApp-Image-2023-09-05-at-3.43.53-PM-1.jpeg\"><img loading=\"lazy\" width=\"700\" height=\"389\" src=\"https:\/\/www.mendoza.gov.ar\/wp-content\/uploads\/sites\/5\/2023\/09\/WhatsApp-Image-2023-09-05-at-3.43.53-PM-1-700x389.jpeg\" alt=\"\" data-id=\"374006\" data-full-url=\"https:\/\/www.mendoza.gov.ar\/wp-content\/uploads\/sites\/5\/2023\/09\/WhatsApp-Image-2023-09-05-at-3.43.53-PM-1.jpeg\" data-link=\"https:\/\/www.mendoza.gov.ar\/prensa\/?attachment_id=374006\" class=\"wp-image-374006 img-responsive center-block\" srcset=\"https:\/\/www.mendoza.gov.ar\/wp-content\/uploads\/sites\/5\/2023\/09\/WhatsApp-Image-2023-09-05-at-3.43.53-PM-1-700x389.jpeg 700w, https:\/\/www.mendoza.gov.ar\/wp-content\/uploads\/sites\/5\/2023\/09\/WhatsApp-Image-2023-09-05-at-3.43.53-PM-1-250x139.jpeg 250w, https:\/\/www.mendoza.gov.ar\/wp-content\/uploads\/sites\/5\/2023\/09\/WhatsApp-Image-2023-09-05-at-3.43.53-PM-1-768x427.jpeg 768w, https:\/\/www.mendoza.gov.ar\/wp-content\/uploads\/sites\/5\/2023\/09\/WhatsApp-Image-2023-09-05-at-3.43.53-PM-1-1536x854.jpeg 1536w, https:\/\/www.mendoza.gov.ar\/wp-content\/uploads\/sites\/5\/2023\/09\/WhatsApp-Image-2023-09-05-at-3.43.53-PM-1-120x67.jpeg 120w, https:\/\/www.mendoza.gov.ar\/wp-content\/uploads\/sites\/5\/2023\/09\/WhatsApp-Image-2023-09-05-at-3.43.53-PM-1.jpeg 1600w\" sizes=\"(max-width: 700px) 100vw, 700px\"><\/a><\/figure><\/li><li class=\"blocks-gallery-item\"><figure><a href=\"https:\/\/www.mendoza.gov.ar\/wp-content\/uploads\/sites\/5\/2023\/09\/WhatsApp-Image-2023-09-05-at-3.43.53-PM.jpeg\"><img loading=\"lazy\" width=\"700\" height=\"466\" src=\"https:\/\/www.mendoza.gov.ar\/wp-content\/uploads\/sites\/5\/2023\/09\/WhatsApp-Image-2023-09-05-at-3.43.53-PM-700x466.jpeg\" alt=\"\" data-id=\"374007\" data-full-url=\"https:\/\/www.mendoza.gov.ar\/wp-content\/uploads\/sites\/5\/2023\/09\/WhatsApp-Image-2023-09-05-at-3.43.53-PM.jpeg\" data-link=\"https:\/\/www.mendoza.gov.ar\/prensa\/?attachment_id=374007\" class=\"wp-image-374007 img-responsive center-block\" srcset=\"https:\/\/www.mendoza.gov.ar\/wp-content\/uploads\/sites\/5\/2023\/09\/WhatsApp-Image-2023-09-05-at-3.43.53-PM-700x466.jpeg 700w, https:\/\/www.mendoza.gov.ar\/wp-content\/uploads\/sites\/5\/2023\/09\/WhatsApp-Image-2023-09-05-at-3.43.53-PM-250x167.jpeg 250w, https:\/\/www.mendoza.gov.ar\/wp-content\/uploads\/sites\/5\/2023\/09\/WhatsApp-Image-2023-09-05-at-3.43.53-PM-768x512.jpeg 768w, https:\/\/www.mendoza.gov.ar\/wp-content\/uploads\/sites\/5\/2023\/09\/WhatsApp-Image-2023-09-05-at-3.43.53-PM-1536x1023.jpeg 1536w, https:\/\/www.mendoza.gov.ar\/wp-content\/uploads\/sites\/5\/2023\/09\/WhatsApp-Image-2023-09-05-at-3.43.53-PM-120x80.jpeg 120w, https:\/\/www.mendoza.gov.ar\/wp-content\/uploads\/sites\/5\/2023\/09\/WhatsApp-Image-2023-09-05-at-3.43.53-PM.jpeg 1600w\" sizes=\"(max-width: 700px) 100vw, 700px\"><\/a><\/figure><\/li><li class=\"blocks-gallery-item\"><figure><a href=\"https:\/\/www.mendoza.gov.ar\/wp-content\/uploads\/sites\/5\/2023\/09\/WhatsApp-Image-2023-09-05-at-3.43.52-PM.jpeg\"><img loading=\"lazy\" width=\"700\" height=\"466\" src=\"https:\/\/www.mendoza.gov.ar\/wp-content\/uploads\/sites\/5\/2023\/09\/WhatsApp-Image-2023-09-05-at-3.43.52-PM-700x466.jpeg\" alt=\"\" data-id=\"374008\" data-full-url=\"https:\/\/www.mendoza.gov.ar\/wp-content\/uploads\/sites\/5\/2023\/09\/WhatsApp-Image-2023-09-05-at-3.43.52-PM.jpeg\" data-link=\"https:\/\/www.mendoza.gov.ar\/prensa\/?attachment_id=374008\" class=\"wp-image-374008 img-responsive center-block\" srcset=\"https:\/\/www.mendoza.gov.ar\/wp-content\/uploads\/sites\/5\/2023\/09\/WhatsApp-Image-2023-09-05-at-3.43.52-PM-700x466.jpeg 700w, https:\/\/www.mendoza.gov.ar\/wp-content\/uploads\/sites\/5\/2023\/09\/WhatsApp-Image-2023-09-05-at-3.43.52-PM-250x167.jpeg 250w, https:\/\/www.mendoza.gov.ar\/wp-content\/uploads\/sites\/5\/2023\/09\/WhatsApp-Image-2023-09-05-at-3.43.52-PM-768x512.jpeg 768w, https:\/\/www.mendoza.gov.ar\/wp-content\/uploads\/sites\/5\/2023\/09\/WhatsApp-Image-2023-09-05-at-3.43.52-PM-1536x1023.jpeg 1536w, https:\/\/www.mendoza.gov.ar\/wp-content\/uploads\/sites\/5\/2023\/09\/WhatsApp-Image-2023-09-05-at-3.43.52-PM-120x80.jpeg 120w, https:\/\/www.mendoza.gov.ar\/wp-content\/uploads\/sites\/5\/2023\/09\/WhatsApp-Image-2023-09-05-at-3.43.52-PM.jpeg 1600w\" sizes=\"(max-width: 700px) 100vw, 700px\"><\/a><\/figure><\/li><\/ul><\/figure>\n<\/body><\/html>\n","protected":false},"excerpt":{"rendered":"Con el apoyo del Gobierno de Mendoza, el s&aacute;bado 9 y el domingo 10 de septiembre, de 18 a 23, en Espacio Arizu de Godoy Cruz, se podr&aacute; disfrutar de la feria que re&uacute;ne a 24 reconocidas en&oacute;logas, productos mendocinos de emprendedoras locales, gastronom&iacute;a de foodtrucks y bandas de m&uacute;sica en vivo. La entrada general&#8230; <a class=\"view-article\" href=\"https:\/\/www.mendoza.gov.ar\/prensa\/la-segunda-edicion-de-dionisias-wine-fair-tendra-mas-de-cien-etiquetas-de-vinos-para-degustar\/\"><\/a>","protected":false},"author":178,"featured_media":374006,"comment_status":"open","ping_status":"open","sticky":false,"template":"","format":"standard","meta":[],"categories":[8,37,3052],"tags":[],"_links":{"self":[{"href":"https:\/\/www.mendoza.gov.ar\/prensa\/wp-json\/wp\/v2\/posts\/374001"}],"collection":[{"href":"https:\/\/www.mendoza.gov.ar\/prensa\/wp-json\/wp\/v2\/posts"}],"about":[{"href":"https:\/\/www.mendoza.gov.ar\/prensa\/wp-json\/wp\/v2\/types\/post"}],"author":[{"embeddable":true,"href":"https:\/\/www.mendoza.gov.ar\/prensa\/wp-json\/wp\/v2\/users\/178"}],"replies":[{"embeddable":true,"href":"https:\/\/www.mendoza.gov.ar\/prensa\/wp-json\/wp\/v2\/comments?post=374001"}],"version-history":[{"count":4,"href":"https:\/\/www.mendoza.gov.ar\/prensa\/wp-json\/wp\/v2\/posts\/374001\/revisions"}],"predecessor-version":[{"id":374030,"href":"https:\/\/www.mendoza.gov.ar\/prensa\/wp-json\/wp\/v2\/posts\/374001\/revisions\/374030"}],"wp:featuredmedia":[{"embeddable":true,"href":"https:\/\/www.mendoza.gov.ar\/prensa\/wp-json\/wp\/v2\/media\/374006"}],"wp:attachment":[{"href":"https:\/\/www.mendoza.gov.ar\/prensa\/wp-json\/wp\/v2\/media?parent=374001"}],"wp:term":[{"taxonomy":"category","embeddable":true,"href":"https:\/\/www.mendoza.gov.ar\/prensa\/wp-json\/wp\/v2\/categories?post=374001"},{"taxonomy":"post_tag","embeddable":true,"href":"https:\/\/www.mendoza.gov.ar\/prensa\/wp-json\/wp\/v2\/tags?post=374001"}],"curies":[{"name":"wp","href":"https:\/\/api.w.org\/{rel}","templated":true}]}}