{"id":374571,"date":"2023-09-08T11:15:04","date_gmt":"2023-09-08T14:15:04","guid":{"rendered":"https:\/\/www.mendoza.gov.ar\/prensa\/?p=374571"},"modified":"2024-01-11T19:56:07","modified_gmt":"2024-01-11T22:56:07","slug":"quedo-conformado-el-jurado-que-seleccionara-la-propuesta-artistica-de-la-fiesta-nacional-de-la-vendimia-2024","status":"publish","type":"post","link":"https:\/\/www.mendoza.gov.ar\/prensa\/quedo-conformado-el-jurado-que-seleccionara-la-propuesta-artistica-de-la-fiesta-nacional-de-la-vendimia-2024\/","title":{"rendered":"Qued\u00f3 conformado el Jurado que seleccionar\u00e1 la propuesta art\u00edstica de la Fiesta Nacional de la Vendimia 2024"},"content":{"rendered":"<!DOCTYPE html PUBLIC \"-\/\/W3C\/\/DTD HTML 4.0 Transitional\/\/EN\" \"http:\/\/www.w3.org\/TR\/REC-html40\/loose.dtd\">\n<html><body><h5>Estar&aacute; integrado por un representante de cada organismo e instituci&oacute;n interviniente en la Fiesta Nacional de la Vendimia y lo componen 14 miembros con derecho a voto.<\/h5>\n\n\n\n<p>Ser&aacute;n los responsables de evaluar las propuestas recibidas a partir del llamado a Concurso P&uacute;blico para la Propuesta de Guion, con su correspondiente S&iacute;ntesis Argumental, realizaci&oacute;n de Escenograf&iacute;a, Direcci&oacute;n Art&iacute;stica General, Direcci&oacute;n Audiovisual, Puesta en Escena, del Desarrollo T&eacute;cnico y del Equipo Art&iacute;stico para la Fiesta Nacional de la Vendimia 2024, celebraci&oacute;n declarada &ldquo;Patrimonio Cultural de la Provincia de Mendoza&rdquo; por la Ley 6973.<\/p>\n\n\n\n<p>Seg&uacute;n lo establecido en el art&iacute;culo 50 de las bases del Concurso P&uacute;blico&nbsp; aprobadas por Resoluci&oacute;n 452-2023, el jurado estar&aacute; conformado por 14 miembros con derecho a voto, que representan las distintas disciplinas art&iacute;sticas y t&eacute;cnicas que intervienen en la realizaci&oacute;n del espect&aacute;culo de la Fiesta Nacional de la Vendimia.<\/p>\n\n\n\n<p>Los integrantes del jurado son, por el Ministerio de Cultura y Turismo: Florencia R&iacute;os, por el &Aacute;rea Art&iacute;stica; Fernando G&aacute;mez, por &Aacute;rea T&eacute;cnica; Franco Marchionni en Historia y Antropolog&iacute;a. Rolando Valverde, en representaci&oacute;n de la Subsecretar&iacute;a de Infraestructura del Ministerio Planificaci&oacute;n e Infraestructura P&uacute;blica; Laura Uano como representante de directores de Cultura de los departamentos.<\/p>\n\n\n\n<p>Por la Facultad de Artes y Dise&ntilde;o de la UNCuyo, Eduardo Grzona; Federico Gim&eacute;nez, como miembro de Argentores; Nora Urcullu como representante elegida de mutuo acuerdo por la Corenave (Comisi&oacute;n de Reinas Nacionales de la Vendimia) y Covinave (Comisi&oacute;n de Virreinas Nacionales de la Vendimia) y Pedro Marabini, por exdirectores de Vendimia.&nbsp;&nbsp;&nbsp;&nbsp;&nbsp;&nbsp;&nbsp;&nbsp;<\/p>\n\n\n\n<p>Se suman, adem&aacute;s, Andr&eacute;s Garb&iacute;n, como representante de Hacedores Vendimiales, propuesto por votaci&oacute;n en los &uacute;ltimos Foros Vendimia, realizados en junio; Adri&aacute;n Biasiori, como miembro de <em>Canal Acequia<\/em>, designado por el propio organismo.&nbsp;<\/p>\n\n\n\n<p>Participan en el jurado, en representaci&oacute;n de las asociaciones de danza vigentes y con personer&iacute;a jur&iacute;dica certificada ante el Ministerio de Cultura y Turismo, Sara Ver&oacute;n (AMPD), Patricia Motos (ACMD), Ana Laura Ortolani (So&ntilde;arte) y Luc&iacute;a Alejandra Gui&ntilde;ez (Uco-Hu&eacute;).<\/p>\n\n\n\n<p>Un representante de las asociaciones y\/o sindicato de m&uacute;sicos vigentes y con personer&iacute;a jur&iacute;dica certificada ante el Ministerio de Cultura y Turismo, Ra&uacute;l Rivero (MIMM) y Daniela Bajuk, por la Asociaci&oacute;n M&uacute;sicos de Cuyo, y &Eacute;rica Graciela Gentile, por la Asociaci&oacute;n Argentina de Actores.&nbsp;<\/p>\n\n\n\n<p>Cabe aclarar que, en los rubros Danza y M&uacute;sica, podr&aacute; participar un representante por cada asociaci&oacute;n y\/o sindicato de las disciplinas que la Direcci&oacute;n de Producci&oacute;n Cultura y Vendimia convoque. En este caso participar&aacute;n colegiadamente, con m&aacute;s de un integrante con voz, pero con derecho a un &uacute;nico voto por rubro. Esto es un voto por los representantes de asociaciones y sindicatos de la danza y un voto por los representantes de asociaciones de sindicatos de m&uacute;sicos.<\/p>\n\n\n\n<p><strong>GALER&Iacute;A<\/strong><\/p>\n\n\n\n<figure class=\"wp-block-gallery columns-3 is-cropped\"><ul class=\"blocks-gallery-grid\"><li class=\"blocks-gallery-item\"><figure><img loading=\"lazy\" width=\"700\" height=\"467\" src=\"https:\/\/www.mendoza.gov.ar\/wp-content\/uploads\/sites\/5\/2023\/09\/Anfiteatro-Vendimia-700x467.jpg\" alt=\"\" data-id=\"374572\" data-full-url=\"https:\/\/www.mendoza.gov.ar\/wp-content\/uploads\/sites\/5\/2023\/09\/Anfiteatro-Vendimia.jpg\" data-link=\"https:\/\/www.mendoza.gov.ar\/prensa\/?attachment_id=374572\" class=\"wp-image-374572 img-responsive center-block\" srcset=\"https:\/\/www.mendoza.gov.ar\/wp-content\/uploads\/sites\/5\/2023\/09\/Anfiteatro-Vendimia-700x467.jpg 700w, https:\/\/www.mendoza.gov.ar\/wp-content\/uploads\/sites\/5\/2023\/09\/Anfiteatro-Vendimia-250x167.jpg 250w, https:\/\/www.mendoza.gov.ar\/wp-content\/uploads\/sites\/5\/2023\/09\/Anfiteatro-Vendimia-768x512.jpg 768w, https:\/\/www.mendoza.gov.ar\/wp-content\/uploads\/sites\/5\/2023\/09\/Anfiteatro-Vendimia-1536x1024.jpg 1536w, https:\/\/www.mendoza.gov.ar\/wp-content\/uploads\/sites\/5\/2023\/09\/Anfiteatro-Vendimia-2048x1365.jpg 2048w, https:\/\/www.mendoza.gov.ar\/wp-content\/uploads\/sites\/5\/2023\/09\/Anfiteatro-Vendimia-120x80.jpg 120w\" sizes=\"(max-width: 700px) 100vw, 700px\"><\/figure><\/li><li class=\"blocks-gallery-item\"><figure><img loading=\"lazy\" width=\"700\" height=\"467\" src=\"https:\/\/www.mendoza.gov.ar\/wp-content\/uploads\/sites\/5\/2023\/09\/IMG_3643-700x467.jpg\" alt=\"\" data-id=\"374573\" data-full-url=\"https:\/\/www.mendoza.gov.ar\/wp-content\/uploads\/sites\/5\/2023\/09\/IMG_3643.jpg\" data-link=\"https:\/\/www.mendoza.gov.ar\/prensa\/?attachment_id=374573\" class=\"wp-image-374573 img-responsive center-block\" srcset=\"https:\/\/www.mendoza.gov.ar\/wp-content\/uploads\/sites\/5\/2023\/09\/IMG_3643-700x467.jpg 700w, https:\/\/www.mendoza.gov.ar\/wp-content\/uploads\/sites\/5\/2023\/09\/IMG_3643-250x167.jpg 250w, https:\/\/www.mendoza.gov.ar\/wp-content\/uploads\/sites\/5\/2023\/09\/IMG_3643-768x512.jpg 768w, https:\/\/www.mendoza.gov.ar\/wp-content\/uploads\/sites\/5\/2023\/09\/IMG_3643-1536x1024.jpg 1536w, https:\/\/www.mendoza.gov.ar\/wp-content\/uploads\/sites\/5\/2023\/09\/IMG_3643-2048x1365.jpg 2048w, https:\/\/www.mendoza.gov.ar\/wp-content\/uploads\/sites\/5\/2023\/09\/IMG_3643-120x80.jpg 120w\" sizes=\"(max-width: 700px) 100vw, 700px\"><\/figure><\/li><li class=\"blocks-gallery-item\"><figure><img src=\"https:\/\/www.mendoza.gov.ar\/wp-content\/uploads\/sites\/5\/2023\/09\/Vendimia-Teatro-Griego-700x466.jpg\" alt=\"\" data-id=\"374574\" data-full-url=\"https:\/\/www.mendoza.gov.ar\/wp-content\/uploads\/sites\/5\/2023\/09\/Vendimia-Teatro-Griego.jpg\" data-link=\"https:\/\/www.mendoza.gov.ar\/prensa\/?attachment_id=374574\" class=\"wp-image-374574 img-responsive center-block\"><\/figure><\/li><\/ul><\/figure>\n<\/body><\/html>\n","protected":false},"excerpt":{"rendered":"Estar&aacute; integrado por un representante de cada organismo e instituci&oacute;n interviniente en la Fiesta Nacional de la Vendimia y lo componen 14 miembros con derecho a voto. Ser&aacute;n los responsables de evaluar las propuestas recibidas a partir del llamado a Concurso P&uacute;blico para la Propuesta de Guion, con su correspondiente S&iacute;ntesis Argumental, realizaci&oacute;n de Escenograf&iacute;a,&#8230; <a class=\"view-article\" href=\"https:\/\/www.mendoza.gov.ar\/prensa\/quedo-conformado-el-jurado-que-seleccionara-la-propuesta-artistica-de-la-fiesta-nacional-de-la-vendimia-2024\/\"><\/a>","protected":false},"author":62,"featured_media":374574,"comment_status":"open","ping_status":"open","sticky":false,"template":"","format":"standard","meta":[],"categories":[8,37,3035],"tags":[],"_links":{"self":[{"href":"https:\/\/www.mendoza.gov.ar\/prensa\/wp-json\/wp\/v2\/posts\/374571"}],"collection":[{"href":"https:\/\/www.mendoza.gov.ar\/prensa\/wp-json\/wp\/v2\/posts"}],"about":[{"href":"https:\/\/www.mendoza.gov.ar\/prensa\/wp-json\/wp\/v2\/types\/post"}],"author":[{"embeddable":true,"href":"https:\/\/www.mendoza.gov.ar\/prensa\/wp-json\/wp\/v2\/users\/62"}],"replies":[{"embeddable":true,"href":"https:\/\/www.mendoza.gov.ar\/prensa\/wp-json\/wp\/v2\/comments?post=374571"}],"version-history":[{"count":5,"href":"https:\/\/www.mendoza.gov.ar\/prensa\/wp-json\/wp\/v2\/posts\/374571\/revisions"}],"predecessor-version":[{"id":374599,"href":"https:\/\/www.mendoza.gov.ar\/prensa\/wp-json\/wp\/v2\/posts\/374571\/revisions\/374599"}],"wp:featuredmedia":[{"embeddable":true,"href":"https:\/\/www.mendoza.gov.ar\/prensa\/wp-json\/wp\/v2\/media\/374574"}],"wp:attachment":[{"href":"https:\/\/www.mendoza.gov.ar\/prensa\/wp-json\/wp\/v2\/media?parent=374571"}],"wp:term":[{"taxonomy":"category","embeddable":true,"href":"https:\/\/www.mendoza.gov.ar\/prensa\/wp-json\/wp\/v2\/categories?post=374571"},{"taxonomy":"post_tag","embeddable":true,"href":"https:\/\/www.mendoza.gov.ar\/prensa\/wp-json\/wp\/v2\/tags?post=374571"}],"curies":[{"name":"wp","href":"https:\/\/api.w.org\/{rel}","templated":true}]}}