{"id":376056,"date":"2023-09-18T09:19:57","date_gmt":"2023-09-18T12:19:57","guid":{"rendered":"https:\/\/www.mendoza.gov.ar\/prensa\/?p=376056"},"modified":"2023-09-18T10:18:31","modified_gmt":"2023-09-18T13:18:31","slug":"economia-presento-detalles-del-programa-cultivar-a-productores-agricolas-de-general-alvear-y-san-rafael","status":"publish","type":"post","link":"https:\/\/www.mendoza.gov.ar\/prensa\/economia-presento-detalles-del-programa-cultivar-a-productores-agricolas-de-general-alvear-y-san-rafael\/","title":{"rendered":"Econom\u00eda present\u00f3 detalles del programa Cultivar a productores agr\u00edcolas de General Alvear y San Rafael"},"content":{"rendered":"<!DOCTYPE html PUBLIC \"-\/\/W3C\/\/DTD HTML 4.0 Transitional\/\/EN\" \"http:\/\/www.w3.org\/TR\/REC-html40\/loose.dtd\">\n<html><body><h5>La iniciativa, anunciada recientemente desde la cartera econ&oacute;mica provincial, destinar&aacute; $500 millones en cr&eacute;ditos para mitigaci&oacute;n del riesgo clim&aacute;tico y manejo de recursos h&iacute;dricos. A la herramienta podr&aacute;n acceder productores que se dediquen a la horticultura, fruticultura, silvicultura o a la de producci&oacute;n de pasturas. Detalles. &nbsp;<\/h5>\n\n\n\n<p>El Gobierno de Mendoza, a trav&eacute;s de la Direcci&oacute;n de Agricultura del Ministerio de Econom&iacute;a y Energ&iacute;a, puso a disposici&oacute;n de productores oriundos de los departamentos de General Alvear y de San Rafael toda la informaci&oacute;n sobre el&nbsp;<strong>programa Cultivar<\/strong>. &nbsp;<\/p>\n\n\n\n<p>Se trata de la iniciativa anunciada recientemente desde la cartera econ&oacute;mica mendocina, a cargo del&nbsp;ministro Enrique Vaqui&eacute;, que&nbsp;<strong>destinar&aacute; $500 millones en cr&eacute;ditos para mitigaci&oacute;n del riesgo clim&aacute;tico y manejo de recursos h&iacute;dricos.&nbsp;&nbsp;&nbsp;&nbsp;&nbsp;<\/strong><\/p>\n\n\n\n<p>A la herramienta podr&aacute;n acceder productores que se dediquen a la horticultura, fruticultura, silvicultura o a la de producci&oacute;n de pasturas. Se podr&aacute; adquirir equipamiento de riego, invertir en obras complementarias, construcci&oacute;n y arreglo de perforaciones, disponibilidad h&iacute;drica para ganado, malla antigranizo y equipamiento antiheladas. <\/p>\n\n\n\n<p><strong>General Alvear<\/strong><\/p>\n\n\n\n<p>La primera presentaci&oacute;n se realiz&oacute; en las instalaciones del Cine Teatro Lafalla, de General Alvear, ante la presencia de unos 30 referentes vinculados a la actividad agr&iacute;cola de esta zona provincial. &nbsp;<\/p>\n\n\n\n<p>Previo a este encuentro<strong>, <\/strong>Valentina Navarro Canafoglia, directora de Agricultura de la provincia, fue recibida por el&nbsp;intendente, Walther Marcolini, quien destac&oacute; la importancia de la herramienta en pos del cuidado, desarrollo y crecimiento de los cultivos alvearenses. &nbsp;<\/p>\n\n\n\n<p>El<strong> <\/strong>secretario de Desarrollo Econ&oacute;mico y Promoci&oacute;n departamental, Edgardo Sampirisi, ante las consultas de la prensa, destac&oacute;: &ldquo;Son m&aacute;s de 500 millones de pesos que el Gobierno de la Provincia viene a destinar para hacer un mejor uso del recurso h&iacute;drico. Es uno de los problemas m&aacute;s graves que estamos teniendo actualmente. Tambi&eacute;n se extiende a otros destinos de financiamiento. Solo agradecer a la directora de agricultura por estar hoy en nuestro departamento y compartir los detalles del programa&rdquo;. <\/p>\n\n\n\n<p><strong>San Rafael<\/strong><\/p>\n\n\n\n<p>El segundo encuentro con productores se llev&oacute; a cabo en las instalaciones de la&nbsp;C&aacute;mara de Comercio, Industria y Agropecuaria del departamento de San Rafael. All&iacute;, los asistentes hicieron diversas consultas sobre el alcance del programa, las tasas a aplicar de la l&iacute;nea de financiamiento y el tipo de producciones que hab&iacute;an sido contempladas en el marco de la iniciativa. &nbsp;<\/p>\n\n\n\n<p>&ldquo;Durante toda esta gesti&oacute;n hemos hecho especial hincapi&eacute; sobre el uso responsable del agua. Para ello hemos impulsado acciones de concientizaci&oacute;n sobre la escasez de este vital elemento que ha tenido un impacto muy importante en c&oacute;mo se viene desarrollando la actividad agr&iacute;cola&rdquo;, coment&oacute; Valentina Navarro Canafoglia, directora de Agricultura de la provincia.&nbsp;&nbsp;&nbsp;&nbsp;&nbsp;<\/p>\n\n\n\n<p>&ldquo;A&uacute;n falta mucho por delante y es por ello que invitamos a todos los productores a que hagan uso de esta herramienta de financiamiento, cuyos fondos provienen del Consejo Federal de Inversiones (CFI) y estar&aacute;n disponibles hasta el 31 de diciembre del a&ntilde;o que viene&rdquo;, cerr&oacute; la funcionaria. &nbsp;<\/p>\n\n\n\n<p>Tras el lanzamiento del programa, Enrique Vaqui&eacute; resalt&oacute;: &ldquo;Buscamos darles mayor seguridad a los cultivos de nuestros productores. M&aacute;s all&aacute; de las medidas que ponemos a disposici&oacute;n a trav&eacute;s del sistema de mitigaci&oacute;n de granizo, el Seguro Agr&iacute;cola o el Fondo Compensador Agr&iacute;cola, entendemos que es de suma importancia que esos riesgos se reduzcan lo m&aacute;s posible mediante la incorporaci&oacute;n de malla antigranizo o equipamiento que mitigue las heladas&rdquo;, coment&oacute; sobre el programa &nbsp;<\/p>\n\n\n\n<p><strong>Sobre los requisitos&nbsp;&nbsp;&nbsp;&nbsp;&nbsp;<\/strong><\/p>\n\n\n\n<ul><li>La documentaci&oacute;n a presentar var&iacute;a en funci&oacute;n del tipo de garant&iacute;a.&nbsp;&nbsp;&nbsp;&nbsp;<\/li><li>Con aval de Fondos de Garant&iacute;a Provinciales o SGR,&nbsp;<a rel=\"noreferrer noopener\" href=\"https:\/\/www.cfi.org.ar\/financiamiento\" target=\"_blank\">consultar Aqu&iacute;.<\/a>&nbsp;&nbsp;&nbsp;<\/li><li>Precalificaci&oacute;n emitida por Fondo de Garant&iacute;a Provincial o SGR.&nbsp;&nbsp;&nbsp;&nbsp;<\/li><li>Inscripci&oacute;n en el Registro Permanente del Uso de la Tierra (RUT).&nbsp;&nbsp;&nbsp;&nbsp;<\/li><li>Inscripci&oacute;n RENSPA (en caso de corresponder).&nbsp;&nbsp;&nbsp;&nbsp;&nbsp;<\/li><li>Formulario de cali&#64257;caci&oacute;n preliminar &#64257;rmado y en Excel.&nbsp;&nbsp;&nbsp;&nbsp;<\/li><li>DDJJ de intereses e integridad.&nbsp;&nbsp;&nbsp;&nbsp;<\/li><li>Nota de solicitud firmada.&nbsp;&nbsp;&nbsp;&nbsp;<\/li><li>Persona Humana: copia DNI y factura de servicio p&uacute;blico donde conste domicilio real declarado.&nbsp;&nbsp;&nbsp;&nbsp;<\/li><li>Persona Jur&iacute;dica: Acta de designaci&oacute;n de autoridades, estatuto o contrato, constancia de inscripci&oacute;n del domicilio social en el registro pertinente (si no surge de estatuto\/contrato o si fue modificado).&nbsp;&nbsp;&nbsp;<\/li><li>Presupuestos o facturas proformas.&nbsp;&nbsp;&nbsp;&nbsp;<\/li><li>Plano de dise&ntilde;o del sistema de riego a instalar, adaptado para cada situaci&oacute;n en particular, otorgado por el proveedor del equipo y toda aquella informaci&oacute;n sobre los datos t&eacute;cnicos relevantes para la evaluaci&oacute;n y posterior instalaci&oacute;n del sistema de riego elegido.&nbsp;&nbsp;&nbsp;&nbsp;<\/li><li>Habilitaciones necesarias: si para el desarrollo o comercializaci&oacute;n de su actividad existen exigencias de cualquier &iacute;ndole (Nacional, Provincial, Municipal o Internacional), deber&aacute; presentar la documentaci&oacute;n de respaldo correspondiente.&nbsp;&nbsp;&nbsp;&nbsp;<\/li><\/ul>\n\n\n\n<p><strong>Montos de los cr&eacute;ditos&nbsp;&nbsp;&nbsp;&nbsp;<\/strong><\/p>\n\n\n\n<ul><li>Monto de hasta $1.500.000 para aquellos solicitantes que acrediten una relaci&oacute;n patrimonial m&iacute;nima de 1 a 1.&nbsp;&nbsp;&nbsp;&nbsp;&nbsp;<\/li><li>Monto superior a $1.500.000 y hasta $3.000.000 la relaci&oacute;n patrimonial debe ser de 1,5 a 1.&nbsp;&nbsp;&nbsp;&nbsp;<\/li><li>Monto superior a $3.000.000 y hasta $20.000.000 para aquellos solicitantes que acrediten una relaci&oacute;n patrimonial m&iacute;nima de 2 a 1.&nbsp;&nbsp;&nbsp;<\/li><li>Cr&eacute;ditos con avales de SGR o Fondo de Garant&iacute;a Provincial (consultar&nbsp;<a rel=\"noreferrer noopener\" href=\"https:\/\/www.cfi.org.ar\/financiamiento\" target=\"_blank\">Aqu&iacute;<\/a>): hasta $30.000.000, sin exigencia de relaci&oacute;n patrimonial.&nbsp;&nbsp;&nbsp;&nbsp;<\/li><\/ul>\n\n\n\n<p><strong>Plazos, tasas y financiaci&oacute;n&nbsp;&nbsp;&nbsp;&nbsp;<\/strong><\/p>\n\n\n\n<ul><li>Financiaci&oacute;n hasta 60 meses, incluyendo hasta 12 meses de gracia&nbsp;&nbsp;&nbsp;&nbsp;<\/li><li>Tasas para cr&eacute;ditos hasta $1.000.000: Tasa compensatoria variable, equivalente al 50% de la Tasa Activa de Cartera General Diversas. Nominal Anual en Pesos del BNA, m&aacute;s 2 puntos porcentuales y bonificada al 50%.&nbsp;&nbsp;&nbsp;&nbsp;&nbsp;<\/li><li>Tasas para cr&eacute;ditos superiores a $1.000.000: Tasa compensatoria variable, equivalente al 50% de la Tasa Activa de Cartera General Diversas Nominal Anual en Pesos del BNA, m&aacute;s 2 puntos porcentuales.&nbsp;&nbsp;&nbsp;&nbsp;&nbsp;<\/li><li>Financiaci&oacute;n: hasta el 80% de la inversi&oacute;n a realizar.&nbsp;&nbsp;&nbsp;&nbsp;<\/li><\/ul>\n\n\n\n<p><strong>Sobre las garant&iacute;as&nbsp;&nbsp;&nbsp;&nbsp;<\/strong><\/p>\n\n\n\n<ul><li>Montos hasta $1.000.000: a sola firma o garant&iacute;a personal, a satisfacci&oacute;n del CFI y el Agente Financiero.&nbsp;&nbsp;&nbsp;&nbsp;<\/li><li>Montos superiores a $1.000.000 y hasta $10.000.000: garant&iacute;as reales, que pueden ser prendarias, hipotecarias o avales de SGR o Fondo de Garant&iacute;a Provincial (consultar en&nbsp;<a rel=\"noreferrer noopener\" href=\"https:\/\/www.cfi.org.ar\/financiamiento\" target=\"_blank\">Aqu&iacute;<\/a>)&nbsp;&nbsp;&nbsp;&nbsp;<\/li><li>Montos superiores a $10.000.000 y hasta $20.000.000: garant&iacute;as hipotecarias o avales de SGR o Fondo de Garant&iacute;a Provincial (consultar&nbsp;<a rel=\"noreferrer noopener\" href=\"https:\/\/www.cfi.org.ar\/financiamiento\" target=\"_blank\">Aqu&iacute;<\/a>).&nbsp;&nbsp;&nbsp;&nbsp;&nbsp;<\/li><li>Montos superiores a $20.000.000 y hasta $30.000.000: avales de SGR o Fondo de Garant&iacute;a Provincial (consultar&nbsp;<a rel=\"noreferrer noopener\" href=\"https:\/\/www.cfi.org.ar\/financiamiento\" target=\"_blank\">Aqu&iacute;<\/a>).&nbsp;&nbsp;&nbsp;<\/li><\/ul>\n\n\n\n<p><strong>Destino de los fondos en detalle&nbsp;&nbsp;&nbsp;&nbsp;<\/strong><\/p>\n\n\n\n<p><strong>Equipos de riego:<\/strong>&nbsp;equipos completos de riego (goteo, aspersi&oacute;n, microaspersi&oacute;n, pivot-avance frontal, tambi&eacute;n aquellos denominados de riego por pulsos o mangas). Esto incluye tablero el&eacute;ctrico, cabezal de bombeo y filtrado, tuber&iacute;as principales y secundarias, v&aacute;lvulas, laterales y accesorios, entre otros. Incluye la posibilidad de la adquisici&oacute;n parcial de insumos para estos equipos, como el recambio de laterales o cintas de riego cuya vida &uacute;til se haya agotado.&nbsp;&nbsp;&nbsp;&nbsp;<\/p>\n\n\n\n<p><strong>Obras complementarias:<\/strong>&nbsp;son todas aquellas obras que sean requeridas para la instalaci&oacute;n y funcionamiento de los equipos, o complementarias a los mismos como:&nbsp;&nbsp;&nbsp;&nbsp;<\/p>\n\n\n\n<ul><li>Realizaci&oacute;n de l&iacute;neas el&eacute;ctricas e instalaciones el&eacute;ctricas&nbsp;&nbsp;&nbsp;&nbsp;<\/li><li>Salas de m&aacute;quinas.&nbsp;&nbsp;&nbsp;&nbsp;&nbsp;<\/li><li>Conducciones, reservorios y su impermeabilizaci&oacute;n.&nbsp;&nbsp;&nbsp;&nbsp;<\/li><li>Obras de captaci&oacute;n.&nbsp;&nbsp;&nbsp;&nbsp;<\/li><li>Sistemas de energ&iacute;a solar para bombas de riego.&nbsp;&nbsp;&nbsp;&nbsp;<\/li><li>Tambi&eacute;n se contemplan arreglos y mejoras de obras existentes.&nbsp;&nbsp;&nbsp;&nbsp;<\/li><\/ul>\n\n\n\n<p><strong>Construcci&oacute;n y arreglo de perforaciones:<\/strong>&nbsp;implica la construcci&oacute;n hasta su funcionamiento de las perforaciones para extracci&oacute;n de aguas subterr&aacute;neas para fines agr&iacute;colas y ganaderos. Tambi&eacute;n incorpora el financiamiento de la reparaci&oacute;n parcial o mejoras de &eacute;stas.&nbsp;&nbsp;&nbsp;&nbsp;<\/p>\n\n\n\n<p><strong>Disponibilidad h&iacute;drica para ganado:<\/strong>&nbsp;sistemas de almacenamiento y provisi&oacute;n de agua para ganado.&nbsp;&nbsp;&nbsp;&nbsp;<\/p>\n\n\n\n<p><strong>Malla antigranizo<\/strong>&nbsp;(malla, estructura, accesorios y mano de obra).&nbsp;&nbsp;&nbsp;<\/p>\n\n\n\n<p><strong>Equipamiento antiheladas:<\/strong>&nbsp;equipos de riego, obras complementarias y sistemas de riego por aspersi&oacute;n sub arb&oacute;reo o supra arb&oacute;reo para la protecci&oacute;n contra heladas, quemadores con retorno, turbinas y ventiladores.&nbsp;&nbsp;&nbsp;&nbsp;<\/p>\n\n\n\n<p><strong>C&oacute;mo acceder&nbsp;&nbsp;&nbsp;&nbsp;<\/strong><\/p>\n\n\n\n<p>Todos aquellos interesados en acceder al cr&eacute;dito, podr&aacute;n ponerse en contacto con el Instituto de Desarrollo Rural (IDR), sede central y delegaciones a trav&eacute;s de:&nbsp;&nbsp;Mail:&nbsp;<a rel=\"noreferrer noopener\" href=\"mailto:financiamiento@idr.org.ar\" target=\"_blank\">financiamiento@idr.org.ar<\/a>&nbsp;&nbsp;&nbsp;&nbsp;&nbsp;&nbsp;<\/p>\n\n\n\n<p>Tel&eacute;fono\/WhatsApp: 261 640 7395&nbsp;&nbsp;&nbsp;&nbsp;<\/p>\n\n\n\n<p>Direcci&oacute;n: Cubillos 2100, Polo TIC, edificio central, Of. 202.&nbsp;&nbsp;&nbsp;&nbsp;<\/p>\n\n\n\n<p>Tambi&eacute;n podr&aacute; acceder a la informaci&oacute;n detallada mediante la Unidad de Enlace Provincial (UEP) del CFI&nbsp;&nbsp;&nbsp;&nbsp;<\/p>\n\n\n\n<p>Correo electr&oacute;nico:&nbsp;<a rel=\"noreferrer noopener\" href=\"mailto:mendoza@uepcfi.org.ar\" target=\"_blank\">mendoza@uepcfi.org.ar<\/a>&nbsp;&nbsp;&nbsp;&nbsp;&nbsp;&nbsp;&nbsp;<\/p>\n\n\n\n<p>Tel&eacute;fono\/WhatsApp: 0261 6330114&nbsp;.<\/p>\n\n\n\n<p><strong>GALER&Iacute;A<\/strong><\/p>\n\n\n\n<figure class=\"wp-block-gallery columns-3 is-cropped\"><ul class=\"blocks-gallery-grid\"><li class=\"blocks-gallery-item\"><figure><img loading=\"lazy\" width=\"700\" height=\"315\" src=\"https:\/\/www.mendoza.gov.ar\/wp-content\/uploads\/sites\/5\/2023\/09\/6e398441-3084-47c2-a007-c9c3ffaf2950-700x315.jpg\" alt=\"\" data-id=\"376057\" data-full-url=\"https:\/\/www.mendoza.gov.ar\/wp-content\/uploads\/sites\/5\/2023\/09\/6e398441-3084-47c2-a007-c9c3ffaf2950.jpg\" data-link=\"https:\/\/www.mendoza.gov.ar\/prensa\/?attachment_id=376057\" class=\"wp-image-376057 img-responsive center-block\" srcset=\"https:\/\/www.mendoza.gov.ar\/wp-content\/uploads\/sites\/5\/2023\/09\/6e398441-3084-47c2-a007-c9c3ffaf2950-700x315.jpg 700w, https:\/\/www.mendoza.gov.ar\/wp-content\/uploads\/sites\/5\/2023\/09\/6e398441-3084-47c2-a007-c9c3ffaf2950-250x113.jpg 250w, https:\/\/www.mendoza.gov.ar\/wp-content\/uploads\/sites\/5\/2023\/09\/6e398441-3084-47c2-a007-c9c3ffaf2950-768x346.jpg 768w, https:\/\/www.mendoza.gov.ar\/wp-content\/uploads\/sites\/5\/2023\/09\/6e398441-3084-47c2-a007-c9c3ffaf2950-120x54.jpg 120w, https:\/\/www.mendoza.gov.ar\/wp-content\/uploads\/sites\/5\/2023\/09\/6e398441-3084-47c2-a007-c9c3ffaf2950.jpg 1280w\" sizes=\"(max-width: 700px) 100vw, 700px\"><\/figure><\/li><li class=\"blocks-gallery-item\"><figure><img loading=\"lazy\" width=\"700\" height=\"315\" src=\"https:\/\/www.mendoza.gov.ar\/wp-content\/uploads\/sites\/5\/2023\/09\/23b16492-9138-476b-aef6-54fd0aaa27a0-700x315.jpg\" alt=\"\" data-id=\"376058\" data-full-url=\"https:\/\/www.mendoza.gov.ar\/wp-content\/uploads\/sites\/5\/2023\/09\/23b16492-9138-476b-aef6-54fd0aaa27a0.jpg\" data-link=\"https:\/\/www.mendoza.gov.ar\/prensa\/?attachment_id=376058\" class=\"wp-image-376058 img-responsive center-block\" srcset=\"https:\/\/www.mendoza.gov.ar\/wp-content\/uploads\/sites\/5\/2023\/09\/23b16492-9138-476b-aef6-54fd0aaa27a0-700x315.jpg 700w, https:\/\/www.mendoza.gov.ar\/wp-content\/uploads\/sites\/5\/2023\/09\/23b16492-9138-476b-aef6-54fd0aaa27a0-250x113.jpg 250w, https:\/\/www.mendoza.gov.ar\/wp-content\/uploads\/sites\/5\/2023\/09\/23b16492-9138-476b-aef6-54fd0aaa27a0-768x346.jpg 768w, https:\/\/www.mendoza.gov.ar\/wp-content\/uploads\/sites\/5\/2023\/09\/23b16492-9138-476b-aef6-54fd0aaa27a0-120x54.jpg 120w, https:\/\/www.mendoza.gov.ar\/wp-content\/uploads\/sites\/5\/2023\/09\/23b16492-9138-476b-aef6-54fd0aaa27a0.jpg 1280w\" sizes=\"(max-width: 700px) 100vw, 700px\"><\/figure><\/li><li class=\"blocks-gallery-item\"><figure><img loading=\"lazy\" width=\"576\" height=\"1280\" src=\"https:\/\/www.mendoza.gov.ar\/wp-content\/uploads\/sites\/5\/2023\/09\/38723465-3504-4be1-b1bd-30b5dd5b4d2f.jpg\" alt=\"\" data-id=\"376059\" data-full-url=\"https:\/\/www.mendoza.gov.ar\/wp-content\/uploads\/sites\/5\/2023\/09\/38723465-3504-4be1-b1bd-30b5dd5b4d2f.jpg\" data-link=\"https:\/\/www.mendoza.gov.ar\/prensa\/?attachment_id=376059\" class=\"wp-image-376059 img-responsive center-block\" srcset=\"https:\/\/www.mendoza.gov.ar\/wp-content\/uploads\/sites\/5\/2023\/09\/38723465-3504-4be1-b1bd-30b5dd5b4d2f.jpg 576w, https:\/\/www.mendoza.gov.ar\/wp-content\/uploads\/sites\/5\/2023\/09\/38723465-3504-4be1-b1bd-30b5dd5b4d2f-250x556.jpg 250w, https:\/\/www.mendoza.gov.ar\/wp-content\/uploads\/sites\/5\/2023\/09\/38723465-3504-4be1-b1bd-30b5dd5b4d2f-120x267.jpg 120w\" sizes=\"(max-width: 576px) 100vw, 576px\"><\/figure><\/li><li class=\"blocks-gallery-item\"><figure><img loading=\"lazy\" width=\"700\" height=\"315\" src=\"https:\/\/www.mendoza.gov.ar\/wp-content\/uploads\/sites\/5\/2023\/09\/bab94e63-882c-4317-9dc0-84b28d9dc5c8-700x315.jpg\" alt=\"\" data-id=\"376060\" data-full-url=\"https:\/\/www.mendoza.gov.ar\/wp-content\/uploads\/sites\/5\/2023\/09\/bab94e63-882c-4317-9dc0-84b28d9dc5c8.jpg\" data-link=\"https:\/\/www.mendoza.gov.ar\/prensa\/?attachment_id=376060\" class=\"wp-image-376060 img-responsive center-block\" srcset=\"https:\/\/www.mendoza.gov.ar\/wp-content\/uploads\/sites\/5\/2023\/09\/bab94e63-882c-4317-9dc0-84b28d9dc5c8-700x315.jpg 700w, https:\/\/www.mendoza.gov.ar\/wp-content\/uploads\/sites\/5\/2023\/09\/bab94e63-882c-4317-9dc0-84b28d9dc5c8-250x113.jpg 250w, https:\/\/www.mendoza.gov.ar\/wp-content\/uploads\/sites\/5\/2023\/09\/bab94e63-882c-4317-9dc0-84b28d9dc5c8-768x346.jpg 768w, https:\/\/www.mendoza.gov.ar\/wp-content\/uploads\/sites\/5\/2023\/09\/bab94e63-882c-4317-9dc0-84b28d9dc5c8-120x54.jpg 120w, https:\/\/www.mendoza.gov.ar\/wp-content\/uploads\/sites\/5\/2023\/09\/bab94e63-882c-4317-9dc0-84b28d9dc5c8.jpg 1280w\" sizes=\"(max-width: 700px) 100vw, 700px\"><\/figure><\/li><li class=\"blocks-gallery-item\"><figure><img loading=\"lazy\" width=\"700\" height=\"314\" src=\"https:\/\/www.mendoza.gov.ar\/wp-content\/uploads\/sites\/5\/2023\/09\/c2d3cd70-7488-4ff7-b78a-38c4c87b51ff-700x314.jpg\" alt=\"\" data-id=\"376061\" data-full-url=\"https:\/\/www.mendoza.gov.ar\/wp-content\/uploads\/sites\/5\/2023\/09\/c2d3cd70-7488-4ff7-b78a-38c4c87b51ff.jpg\" data-link=\"https:\/\/www.mendoza.gov.ar\/prensa\/?attachment_id=376061\" class=\"wp-image-376061 img-responsive center-block\" srcset=\"https:\/\/www.mendoza.gov.ar\/wp-content\/uploads\/sites\/5\/2023\/09\/c2d3cd70-7488-4ff7-b78a-38c4c87b51ff-700x314.jpg 700w, https:\/\/www.mendoza.gov.ar\/wp-content\/uploads\/sites\/5\/2023\/09\/c2d3cd70-7488-4ff7-b78a-38c4c87b51ff-250x112.jpg 250w, https:\/\/www.mendoza.gov.ar\/wp-content\/uploads\/sites\/5\/2023\/09\/c2d3cd70-7488-4ff7-b78a-38c4c87b51ff-768x345.jpg 768w, https:\/\/www.mendoza.gov.ar\/wp-content\/uploads\/sites\/5\/2023\/09\/c2d3cd70-7488-4ff7-b78a-38c4c87b51ff-120x54.jpg 120w, https:\/\/www.mendoza.gov.ar\/wp-content\/uploads\/sites\/5\/2023\/09\/c2d3cd70-7488-4ff7-b78a-38c4c87b51ff.jpg 1280w\" sizes=\"(max-width: 700px) 100vw, 700px\"><\/figure><\/li><li class=\"blocks-gallery-item\"><figure><img loading=\"lazy\" width=\"700\" height=\"315\" src=\"https:\/\/www.mendoza.gov.ar\/wp-content\/uploads\/sites\/5\/2023\/09\/WhatsApp-Image-2023-09-15-at-15.04.43-1-700x315.jpeg\" alt=\"\" data-id=\"376062\" data-full-url=\"https:\/\/www.mendoza.gov.ar\/wp-content\/uploads\/sites\/5\/2023\/09\/WhatsApp-Image-2023-09-15-at-15.04.43-1.jpeg\" data-link=\"https:\/\/www.mendoza.gov.ar\/prensa\/?attachment_id=376062\" class=\"wp-image-376062 img-responsive center-block\" srcset=\"https:\/\/www.mendoza.gov.ar\/wp-content\/uploads\/sites\/5\/2023\/09\/WhatsApp-Image-2023-09-15-at-15.04.43-1-700x315.jpeg 700w, https:\/\/www.mendoza.gov.ar\/wp-content\/uploads\/sites\/5\/2023\/09\/WhatsApp-Image-2023-09-15-at-15.04.43-1-250x113.jpeg 250w, https:\/\/www.mendoza.gov.ar\/wp-content\/uploads\/sites\/5\/2023\/09\/WhatsApp-Image-2023-09-15-at-15.04.43-1-768x346.jpeg 768w, https:\/\/www.mendoza.gov.ar\/wp-content\/uploads\/sites\/5\/2023\/09\/WhatsApp-Image-2023-09-15-at-15.04.43-1-120x54.jpeg 120w, https:\/\/www.mendoza.gov.ar\/wp-content\/uploads\/sites\/5\/2023\/09\/WhatsApp-Image-2023-09-15-at-15.04.43-1.jpeg 1280w\" sizes=\"(max-width: 700px) 100vw, 700px\"><\/figure><\/li><li class=\"blocks-gallery-item\"><figure><img loading=\"lazy\" width=\"700\" height=\"315\" src=\"https:\/\/www.mendoza.gov.ar\/wp-content\/uploads\/sites\/5\/2023\/09\/WhatsApp-Image-2023-09-15-at-15.04.43-2-700x315.jpeg\" alt=\"\" data-id=\"376063\" data-full-url=\"https:\/\/www.mendoza.gov.ar\/wp-content\/uploads\/sites\/5\/2023\/09\/WhatsApp-Image-2023-09-15-at-15.04.43-2.jpeg\" data-link=\"https:\/\/www.mendoza.gov.ar\/prensa\/?attachment_id=376063\" class=\"wp-image-376063 img-responsive center-block\" srcset=\"https:\/\/www.mendoza.gov.ar\/wp-content\/uploads\/sites\/5\/2023\/09\/WhatsApp-Image-2023-09-15-at-15.04.43-2-700x315.jpeg 700w, https:\/\/www.mendoza.gov.ar\/wp-content\/uploads\/sites\/5\/2023\/09\/WhatsApp-Image-2023-09-15-at-15.04.43-2-250x113.jpeg 250w, https:\/\/www.mendoza.gov.ar\/wp-content\/uploads\/sites\/5\/2023\/09\/WhatsApp-Image-2023-09-15-at-15.04.43-2-768x346.jpeg 768w, https:\/\/www.mendoza.gov.ar\/wp-content\/uploads\/sites\/5\/2023\/09\/WhatsApp-Image-2023-09-15-at-15.04.43-2-120x54.jpeg 120w, https:\/\/www.mendoza.gov.ar\/wp-content\/uploads\/sites\/5\/2023\/09\/WhatsApp-Image-2023-09-15-at-15.04.43-2.jpeg 1280w\" sizes=\"(max-width: 700px) 100vw, 700px\"><\/figure><\/li><li class=\"blocks-gallery-item\"><figure><img loading=\"lazy\" width=\"700\" height=\"315\" src=\"https:\/\/www.mendoza.gov.ar\/wp-content\/uploads\/sites\/5\/2023\/09\/WhatsApp-Image-2023-09-15-at-15.04.43-700x315.jpeg\" alt=\"\" data-id=\"376064\" data-full-url=\"https:\/\/www.mendoza.gov.ar\/wp-content\/uploads\/sites\/5\/2023\/09\/WhatsApp-Image-2023-09-15-at-15.04.43.jpeg\" data-link=\"https:\/\/www.mendoza.gov.ar\/prensa\/?attachment_id=376064\" class=\"wp-image-376064 img-responsive center-block\" srcset=\"https:\/\/www.mendoza.gov.ar\/wp-content\/uploads\/sites\/5\/2023\/09\/WhatsApp-Image-2023-09-15-at-15.04.43-700x315.jpeg 700w, https:\/\/www.mendoza.gov.ar\/wp-content\/uploads\/sites\/5\/2023\/09\/WhatsApp-Image-2023-09-15-at-15.04.43-250x113.jpeg 250w, https:\/\/www.mendoza.gov.ar\/wp-content\/uploads\/sites\/5\/2023\/09\/WhatsApp-Image-2023-09-15-at-15.04.43-768x346.jpeg 768w, https:\/\/www.mendoza.gov.ar\/wp-content\/uploads\/sites\/5\/2023\/09\/WhatsApp-Image-2023-09-15-at-15.04.43-120x54.jpeg 120w, https:\/\/www.mendoza.gov.ar\/wp-content\/uploads\/sites\/5\/2023\/09\/WhatsApp-Image-2023-09-15-at-15.04.43.jpeg 1280w\" sizes=\"(max-width: 700px) 100vw, 700px\"><\/figure><\/li><li class=\"blocks-gallery-item\"><figure><img loading=\"lazy\" width=\"700\" height=\"315\" src=\"https:\/\/www.mendoza.gov.ar\/wp-content\/uploads\/sites\/5\/2023\/09\/WhatsApp-Image-2023-09-15-at-15.04.44-2-700x315.jpeg\" alt=\"\" data-id=\"376065\" data-full-url=\"https:\/\/www.mendoza.gov.ar\/wp-content\/uploads\/sites\/5\/2023\/09\/WhatsApp-Image-2023-09-15-at-15.04.44-2.jpeg\" data-link=\"https:\/\/www.mendoza.gov.ar\/prensa\/?attachment_id=376065\" class=\"wp-image-376065 img-responsive center-block\" srcset=\"https:\/\/www.mendoza.gov.ar\/wp-content\/uploads\/sites\/5\/2023\/09\/WhatsApp-Image-2023-09-15-at-15.04.44-2-700x315.jpeg 700w, https:\/\/www.mendoza.gov.ar\/wp-content\/uploads\/sites\/5\/2023\/09\/WhatsApp-Image-2023-09-15-at-15.04.44-2-250x113.jpeg 250w, https:\/\/www.mendoza.gov.ar\/wp-content\/uploads\/sites\/5\/2023\/09\/WhatsApp-Image-2023-09-15-at-15.04.44-2-768x346.jpeg 768w, https:\/\/www.mendoza.gov.ar\/wp-content\/uploads\/sites\/5\/2023\/09\/WhatsApp-Image-2023-09-15-at-15.04.44-2-120x54.jpeg 120w, https:\/\/www.mendoza.gov.ar\/wp-content\/uploads\/sites\/5\/2023\/09\/WhatsApp-Image-2023-09-15-at-15.04.44-2.jpeg 1280w\" sizes=\"(max-width: 700px) 100vw, 700px\"><\/figure><\/li><li class=\"blocks-gallery-item\"><figure><img loading=\"lazy\" width=\"700\" height=\"315\" src=\"https:\/\/www.mendoza.gov.ar\/wp-content\/uploads\/sites\/5\/2023\/09\/WhatsApp-Image-2023-09-15-at-15.04.44-700x315.jpeg\" alt=\"\" data-id=\"376066\" data-full-url=\"https:\/\/www.mendoza.gov.ar\/wp-content\/uploads\/sites\/5\/2023\/09\/WhatsApp-Image-2023-09-15-at-15.04.44.jpeg\" data-link=\"https:\/\/www.mendoza.gov.ar\/prensa\/?attachment_id=376066\" class=\"wp-image-376066 img-responsive center-block\" srcset=\"https:\/\/www.mendoza.gov.ar\/wp-content\/uploads\/sites\/5\/2023\/09\/WhatsApp-Image-2023-09-15-at-15.04.44-700x315.jpeg 700w, https:\/\/www.mendoza.gov.ar\/wp-content\/uploads\/sites\/5\/2023\/09\/WhatsApp-Image-2023-09-15-at-15.04.44-250x113.jpeg 250w, https:\/\/www.mendoza.gov.ar\/wp-content\/uploads\/sites\/5\/2023\/09\/WhatsApp-Image-2023-09-15-at-15.04.44-768x346.jpeg 768w, https:\/\/www.mendoza.gov.ar\/wp-content\/uploads\/sites\/5\/2023\/09\/WhatsApp-Image-2023-09-15-at-15.04.44-120x54.jpeg 120w, https:\/\/www.mendoza.gov.ar\/wp-content\/uploads\/sites\/5\/2023\/09\/WhatsApp-Image-2023-09-15-at-15.04.44.jpeg 1280w\" sizes=\"(max-width: 700px) 100vw, 700px\"><\/figure><\/li><\/ul><\/figure>\n<\/body><\/html>\n","protected":false},"excerpt":{"rendered":"La iniciativa, anunciada recientemente desde la cartera econ&oacute;mica provincial, destinar&aacute; $500 millones en cr&eacute;ditos para mitigaci&oacute;n del riesgo clim&aacute;tico y manejo de recursos h&iacute;dricos. A la herramienta podr&aacute;n acceder productores que se dediquen a la horticultura, fruticultura, silvicultura o a la de producci&oacute;n de pasturas. Detalles. &nbsp; El Gobierno de Mendoza, a trav&eacute;s de la&#8230; <a class=\"view-article\" href=\"https:\/\/www.mendoza.gov.ar\/prensa\/economia-presento-detalles-del-programa-cultivar-a-productores-agricolas-de-general-alvear-y-san-rafael\/\"><\/a>","protected":false},"author":62,"featured_media":376064,"comment_status":"open","ping_status":"open","sticky":false,"template":"","format":"standard","meta":[],"categories":[15],"tags":[],"_links":{"self":[{"href":"https:\/\/www.mendoza.gov.ar\/prensa\/wp-json\/wp\/v2\/posts\/376056"}],"collection":[{"href":"https:\/\/www.mendoza.gov.ar\/prensa\/wp-json\/wp\/v2\/posts"}],"about":[{"href":"https:\/\/www.mendoza.gov.ar\/prensa\/wp-json\/wp\/v2\/types\/post"}],"author":[{"embeddable":true,"href":"https:\/\/www.mendoza.gov.ar\/prensa\/wp-json\/wp\/v2\/users\/62"}],"replies":[{"embeddable":true,"href":"https:\/\/www.mendoza.gov.ar\/prensa\/wp-json\/wp\/v2\/comments?post=376056"}],"version-history":[{"count":4,"href":"https:\/\/www.mendoza.gov.ar\/prensa\/wp-json\/wp\/v2\/posts\/376056\/revisions"}],"predecessor-version":[{"id":376075,"href":"https:\/\/www.mendoza.gov.ar\/prensa\/wp-json\/wp\/v2\/posts\/376056\/revisions\/376075"}],"wp:featuredmedia":[{"embeddable":true,"href":"https:\/\/www.mendoza.gov.ar\/prensa\/wp-json\/wp\/v2\/media\/376064"}],"wp:attachment":[{"href":"https:\/\/www.mendoza.gov.ar\/prensa\/wp-json\/wp\/v2\/media?parent=376056"}],"wp:term":[{"taxonomy":"category","embeddable":true,"href":"https:\/\/www.mendoza.gov.ar\/prensa\/wp-json\/wp\/v2\/categories?post=376056"},{"taxonomy":"post_tag","embeddable":true,"href":"https:\/\/www.mendoza.gov.ar\/prensa\/wp-json\/wp\/v2\/tags?post=376056"}],"curies":[{"name":"wp","href":"https:\/\/api.w.org\/{rel}","templated":true}]}}