{"id":377188,"date":"2023-09-26T07:52:03","date_gmt":"2023-09-26T10:52:03","guid":{"rendered":"https:\/\/www.mendoza.gov.ar\/prensa\/?p=377188"},"modified":"2023-09-26T08:56:46","modified_gmt":"2023-09-26T11:56:46","slug":"el-entrenador-de-tiro-mario-negri-condujo-a-la-cordobesa-rodriguez-belvedere-a-los-paralimpicos-de-paris-2024","status":"publish","type":"post","link":"https:\/\/www.mendoza.gov.ar\/prensa\/el-entrenador-de-tiro-mario-negri-condujo-a-la-cordobesa-rodriguez-belvedere-a-los-paralimpicos-de-paris-2024\/","title":{"rendered":"El entrenador de tiro Mario Negri condujo a la cordobesa Rodr\u00edguez Belvedere a los Paral\u00edmpicos de Par\u00eds 2024"},"content":{"rendered":"<!DOCTYPE html PUBLIC \"-\/\/W3C\/\/DTD HTML 4.0 Transitional\/\/EN\" \"http:\/\/www.w3.org\/TR\/REC-html40\/loose.dtd\">\n<html><body><p><strong>Bajo la conducci&oacute;n del mendocino, la&nbsp;atleta sali&oacute; novena en el Mundial&nbsp;de&nbsp;Tiro Paral&iacute;mpico disputado en&nbsp;Lima&nbsp;y obtuvo la plaza para la cita&nbsp;del&nbsp;pr&oacute;ximo a&ntilde;o en la capital francesa<\/strong>.<\/p>\n\n\n\n<p>El entrenador nacional de tiro deportivo paral&iacute;mpico, el mendocino Mario Negri, con su destacada trayectoria en esta disciplina deportiva, confi&oacute; en el potencial de la atleta cordobesa Mar&iacute;a Laura Rodr&iacute;guez Belvedere, de 23 a&ntilde;os, que compite en carabina, a quien viene entrenando desde aproximadamente un a&ntilde;o, con jornadas de trabajo que incluyeron tambi&eacute;n el Tiro Federal Mendoza. Esa confianza y experiencia del entrenador, m&aacute;s la dedicaci&oacute;n, el esfuerzo y talento de la joven, dio sus frutos y tuvo su premio. Es que Laura compiti&oacute; en el reciente Campeonato Mundial WSPS disputado en Lima, capital de Per&uacute;, en el pol&iacute;gono de tiro de la Base A&eacute;rea Las Palmas. El noveno puesto en la clasificaci&oacute;n general en la prueba de tendido le permiti&oacute; a la cordobesa ganar la plaza para los Juegos Paral&iacute;mpicos de Par&iacute;s 2024, que serealizar&aacute;n del 28 de agosto al 8 de setiembre del a&ntilde;o pr&oacute;ximo.<\/p>\n\n\n\n<p>Negr&iacute; destac&oacute;: &ldquo;Con Laura, hace aproximadamente un a&ntilde;o que estamos trabajando a pesar de la distancia entre Mendoza y C&oacute;rdoba. Pusimos fichas los dos. Ella, junto a su mam&aacute;, que nos acompa&ntilde;a tambi&eacute;n y, de mi parte, las herramientas de entrenamientos necesarias para que todo esto saliera adelante&rdquo;. Para el entrenador del equipo argentino paral&iacute;mpico, &ldquo;este logro obtenido es una peque&ntilde;a haza&ntilde;a de parte del equipo nacional, donde cre&iacute;amos que pod&iacute;amos. El hecho de tener ya la plaza asegurada para ir a los Juegos Paral&iacute;mpicos no tiene precio&rdquo;.<\/p>\n\n\n\n<p>Consider&oacute; adem&aacute;s: &ldquo;Nos queda ahora el Panamericano en Chile, pero no hay nada mejor que ir con la tranquilidad de la plaza obtenida. De mi parte, puse a disposici&oacute;n el trabajo, porque me pareci&oacute; que hab&iacute;a mucho potencial en Laura&rdquo;.<\/p>\n\n\n\n<p>&ldquo;Desde la Federaci&oacute;n Argentina &ndash;agreg&oacute;&ndash; me informaron que me hac&iacute;a cargo de la parte paral&iacute;mpica. Son muy pocos deportistas en la Argentina que practican el tiro paral&iacute;mpico, ya que hay solo tres por ahora&rdquo;.<\/p>\n\n\n\n<p>Al respecto, manifest&oacute;: &ldquo;Fuimos con ellos a Arequipa, Per&uacute;, el mes pasado y la &uacute;nica que estaba en condiciones de venir a Lima al Mundial era Laura. Este&nbsp;&nbsp;torneo es el m&aacute;s importante que hay, ya que existen 58 pa&iacute;ses representados, por lo que se imaginan la gran importancia que tiene esto. Fue ponerle ganas, el potencial estaba, y aqu&iacute; estamos ya con un pie en Par&iacute;s&rdquo;, concluy&oacute;.&nbsp;&nbsp;&nbsp;<\/p>\n\n\n\n<figure class=\"wp-block-gallery columns-3\"><ul class=\"blocks-gallery-grid\"><li class=\"blocks-gallery-item\"><figure><img loading=\"lazy\" width=\"203\" height=\"248\" src=\"https:\/\/www.mendoza.gov.ar\/wp-content\/uploads\/sites\/5\/2023\/09\/images-1.jpg\" alt=\"\" data-id=\"377190\" data-full-url=\"https:\/\/www.mendoza.gov.ar\/wp-content\/uploads\/sites\/5\/2023\/09\/images-1.jpg\" data-link=\"https:\/\/www.mendoza.gov.ar\/prensa\/?attachment_id=377190\" class=\"wp-image-377190 img-responsive center-block\" srcset=\"https:\/\/www.mendoza.gov.ar\/wp-content\/uploads\/sites\/5\/2023\/09\/images-1.jpg 203w, https:\/\/www.mendoza.gov.ar\/wp-content\/uploads\/sites\/5\/2023\/09\/images-1-120x147.jpg 120w\" sizes=\"(max-width: 203px) 100vw, 203px\"><\/figure><\/li><li class=\"blocks-gallery-item\"><figure><img loading=\"lazy\" width=\"276\" height=\"130\" src=\"https:\/\/www.mendoza.gov.ar\/wp-content\/uploads\/sites\/5\/2023\/09\/images.jpg\" alt=\"\" data-id=\"377191\" data-full-url=\"https:\/\/www.mendoza.gov.ar\/wp-content\/uploads\/sites\/5\/2023\/09\/images.jpg\" data-link=\"https:\/\/www.mendoza.gov.ar\/prensa\/?attachment_id=377191\" class=\"wp-image-377191 img-responsive center-block\" srcset=\"https:\/\/www.mendoza.gov.ar\/wp-content\/uploads\/sites\/5\/2023\/09\/images.jpg 276w, https:\/\/www.mendoza.gov.ar\/wp-content\/uploads\/sites\/5\/2023\/09\/images-250x118.jpg 250w, https:\/\/www.mendoza.gov.ar\/wp-content\/uploads\/sites\/5\/2023\/09\/images-120x57.jpg 120w\" sizes=\"(max-width: 276px) 100vw, 276px\"><\/figure><\/li><li class=\"blocks-gallery-item\"><figure><img loading=\"lazy\" width=\"700\" height=\"466\" src=\"https:\/\/www.mendoza.gov.ar\/wp-content\/uploads\/sites\/5\/2023\/09\/thumbnail-1-2-700x466.jpg\" alt=\"\" data-id=\"377192\" data-full-url=\"https:\/\/www.mendoza.gov.ar\/wp-content\/uploads\/sites\/5\/2023\/09\/thumbnail-1-2.jpg\" data-link=\"https:\/\/www.mendoza.gov.ar\/prensa\/?attachment_id=377192\" class=\"wp-image-377192 img-responsive center-block\" srcset=\"https:\/\/www.mendoza.gov.ar\/wp-content\/uploads\/sites\/5\/2023\/09\/thumbnail-1-2-700x466.jpg 700w, https:\/\/www.mendoza.gov.ar\/wp-content\/uploads\/sites\/5\/2023\/09\/thumbnail-1-2-250x167.jpg 250w, https:\/\/www.mendoza.gov.ar\/wp-content\/uploads\/sites\/5\/2023\/09\/thumbnail-1-2-768x512.jpg 768w, https:\/\/www.mendoza.gov.ar\/wp-content\/uploads\/sites\/5\/2023\/09\/thumbnail-1-2-1536x1023.jpg 1536w, https:\/\/www.mendoza.gov.ar\/wp-content\/uploads\/sites\/5\/2023\/09\/thumbnail-1-2-120x80.jpg 120w, https:\/\/www.mendoza.gov.ar\/wp-content\/uploads\/sites\/5\/2023\/09\/thumbnail-1-2.jpg 1600w\" sizes=\"(max-width: 700px) 100vw, 700px\"><\/figure><\/li><li class=\"blocks-gallery-item\"><figure><img loading=\"lazy\" width=\"576\" height=\"1024\" src=\"https:\/\/www.mendoza.gov.ar\/wp-content\/uploads\/sites\/5\/2023\/09\/thumbnail-2-2.jpg\" alt=\"\" data-id=\"377193\" data-full-url=\"https:\/\/www.mendoza.gov.ar\/wp-content\/uploads\/sites\/5\/2023\/09\/thumbnail-2-2.jpg\" data-link=\"https:\/\/www.mendoza.gov.ar\/prensa\/?attachment_id=377193\" class=\"wp-image-377193 img-responsive center-block\" srcset=\"https:\/\/www.mendoza.gov.ar\/wp-content\/uploads\/sites\/5\/2023\/09\/thumbnail-2-2.jpg 576w, https:\/\/www.mendoza.gov.ar\/wp-content\/uploads\/sites\/5\/2023\/09\/thumbnail-2-2-250x444.jpg 250w, https:\/\/www.mendoza.gov.ar\/wp-content\/uploads\/sites\/5\/2023\/09\/thumbnail-2-2-120x213.jpg 120w\" sizes=\"(max-width: 576px) 100vw, 576px\"><\/figure><\/li><li class=\"blocks-gallery-item\"><figure><img loading=\"lazy\" width=\"700\" height=\"933\" src=\"https:\/\/www.mendoza.gov.ar\/wp-content\/uploads\/sites\/5\/2023\/09\/thumbnail-13-700x933.jpg\" alt=\"\" data-id=\"377194\" data-full-url=\"https:\/\/www.mendoza.gov.ar\/wp-content\/uploads\/sites\/5\/2023\/09\/thumbnail-13.jpg\" data-link=\"https:\/\/www.mendoza.gov.ar\/prensa\/?attachment_id=377194\" class=\"wp-image-377194 img-responsive center-block\" srcset=\"https:\/\/www.mendoza.gov.ar\/wp-content\/uploads\/sites\/5\/2023\/09\/thumbnail-13-700x933.jpg 700w, https:\/\/www.mendoza.gov.ar\/wp-content\/uploads\/sites\/5\/2023\/09\/thumbnail-13-250x333.jpg 250w, https:\/\/www.mendoza.gov.ar\/wp-content\/uploads\/sites\/5\/2023\/09\/thumbnail-13-768x1024.jpg 768w, https:\/\/www.mendoza.gov.ar\/wp-content\/uploads\/sites\/5\/2023\/09\/thumbnail-13-120x160.jpg 120w, https:\/\/www.mendoza.gov.ar\/wp-content\/uploads\/sites\/5\/2023\/09\/thumbnail-13.jpg 1080w\" sizes=\"(max-width: 700px) 100vw, 700px\"><\/figure><\/li><\/ul><\/figure>\n<\/body><\/html>\n","protected":false},"excerpt":{"rendered":"Bajo la conducci&oacute;n del mendocino, la&nbsp;atleta sali&oacute; novena en el Mundial&nbsp;de&nbsp;Tiro Paral&iacute;mpico disputado en&nbsp;Lima&nbsp;y obtuvo la plaza para la cita&nbsp;del&nbsp;pr&oacute;ximo a&ntilde;o en la capital francesa. El entrenador nacional de tiro deportivo paral&iacute;mpico, el mendocino Mario Negri, con su destacada trayectoria en esta disciplina deportiva, confi&oacute; en el potencial de la atleta cordobesa Mar&iacute;a Laura Rodr&iacute;guez&#8230; <a class=\"view-article\" href=\"https:\/\/www.mendoza.gov.ar\/prensa\/el-entrenador-de-tiro-mario-negri-condujo-a-la-cordobesa-rodriguez-belvedere-a-los-paralimpicos-de-paris-2024\/\"><\/a>","protected":false},"author":66,"featured_media":377191,"comment_status":"open","ping_status":"open","sticky":false,"template":"","format":"standard","meta":[],"categories":[10],"tags":[],"_links":{"self":[{"href":"https:\/\/www.mendoza.gov.ar\/prensa\/wp-json\/wp\/v2\/posts\/377188"}],"collection":[{"href":"https:\/\/www.mendoza.gov.ar\/prensa\/wp-json\/wp\/v2\/posts"}],"about":[{"href":"https:\/\/www.mendoza.gov.ar\/prensa\/wp-json\/wp\/v2\/types\/post"}],"author":[{"embeddable":true,"href":"https:\/\/www.mendoza.gov.ar\/prensa\/wp-json\/wp\/v2\/users\/66"}],"replies":[{"embeddable":true,"href":"https:\/\/www.mendoza.gov.ar\/prensa\/wp-json\/wp\/v2\/comments?post=377188"}],"version-history":[{"count":4,"href":"https:\/\/www.mendoza.gov.ar\/prensa\/wp-json\/wp\/v2\/posts\/377188\/revisions"}],"predecessor-version":[{"id":377205,"href":"https:\/\/www.mendoza.gov.ar\/prensa\/wp-json\/wp\/v2\/posts\/377188\/revisions\/377205"}],"wp:featuredmedia":[{"embeddable":true,"href":"https:\/\/www.mendoza.gov.ar\/prensa\/wp-json\/wp\/v2\/media\/377191"}],"wp:attachment":[{"href":"https:\/\/www.mendoza.gov.ar\/prensa\/wp-json\/wp\/v2\/media?parent=377188"}],"wp:term":[{"taxonomy":"category","embeddable":true,"href":"https:\/\/www.mendoza.gov.ar\/prensa\/wp-json\/wp\/v2\/categories?post=377188"},{"taxonomy":"post_tag","embeddable":true,"href":"https:\/\/www.mendoza.gov.ar\/prensa\/wp-json\/wp\/v2\/tags?post=377188"}],"curies":[{"name":"wp","href":"https:\/\/api.w.org\/{rel}","templated":true}]}}