{"id":38,"date":"2014-01-03T12:17:00","date_gmt":"2014-01-03T12:17:00","guid":{"rendered":"http:\/\/prensa.wp2.mendoza.gov.ar\/?p=38"},"modified":"2014-01-03T12:17:00","modified_gmt":"2014-01-03T12:17:00","slug":"malargue-presento-e-invito-a-vivir-su-fiesta-maxima","status":"publish","type":"post","link":"https:\/\/www.mendoza.gov.ar\/prensa\/malargue-presento-e-invito-a-vivir-su-fiesta-maxima\/","title":{"rendered":"Malarg\u00fce present\u00f3 e invit\u00f3 a vivir su fiesta m\u00e1xima"},"content":{"rendered":"<!DOCTYPE html PUBLIC \"-\/\/W3C\/\/DTD HTML 4.0 Transitional\/\/EN\" \"http:\/\/www.w3.org\/TR\/REC-html40\/loose.dtd\">\n<html><body><p style=\"text-align: justify\"><span style=\"line-height: 1.6em\">Con la presencia del gobernador de Mendoza, Francisco P&eacute;rez, el ministro de Turismo de la Provincia, Javier Espina, y la ministra de Cultura, Marizul Ib&aacute;&ntilde;ez, el director de Turismo de Malarg&uuml;e, Oscar Gonz&aacute;lez, brind&oacute; detalles de la organizaci&oacute;n de la XXVIII Fiesta Nacional del Chivo y de la XIX Fiesta Provincial del Cordero, celebraciones que tendr&aacute;n lugar en el predio del Parque del Ayer, de &nbsp;D<\/span><span style=\"line-height: 1.6em\">epartamento sure&ntilde;o.<\/span><\/p>\n<p style=\"text-align: justify\">Durante la primera quincena del nuevo a&ntilde;o, los malarg&uuml;inos sacan a relucir lo mejor de su pueblo para festejar el trabajo de la gente de campo&nbsp;y recibir a miles de turistas en su fiesta m&aacute;xima. &nbsp;<\/p>\n<p style=\"text-align: justify\">Este a&ntilde;o se prev&eacute; la presencia de numerosos visitantes de Chile, de quienes se espera que ingresen por el Paso El Pehuenche. Ante una&nbsp;visita de tal magnitud, se ha dispuesto que el escenario mayor est&eacute; disponible para la actuaci&oacute;n de las delegaciones trasandinas presentes.<\/p>\n<p style=\"text-align: justify\">Oscar Gonz&aacute;lez indic&oacute;: &ldquo;Los festejos comienzan el mi&eacute;rcoles 8 de enero con la Fiesta Departamental de la Vendimia, para elegir a la sucesora de Candela Berbel en el cetro de Malarg&uuml;e, y al cierre, la actuaci&oacute;n de Abel Pintos. El jueves 9 ser&aacute; el momento para la noche de &lsquo;Identidad Puestera&rsquo;, mientras que el viernes 10 el p&uacute;blico asistente podr&aacute; disfrutar de concursos de canto y danza, y la presencia en el escenario de Luciano Pereyra. Para el s&aacute;bado 11, contaremos con la actuaci&oacute;n de Los Nocheros, quienes le cantar&aacute;n a la nueva Reina Nacional del Chivo, electa esa misma noche.<\/p>\n<p style=\"text-align: justify\">&ldquo;Finalmente, el domingo 12, en el &uacute;ltimo d&iacute;a de fiesta, se podr&aacute; disfrutar de la t&iacute;pica y sabrosa marat&oacute;n de chivos a la llama. En esta oportunidad, la marat&oacute;n de los chivos superar&aacute; los 500 ejemplares, con una recaudaci&oacute;n que estar&aacute; dirigida &iacute;ntegramente a las instituciones que colaboran con el bienestar de los malarg&uuml;inos que m&aacute;s lo necesitan. Esta edici&oacute;n nuevamente contar&aacute; con el sector de quinchos y stands que ya son tradicionales y se convierten en el paseo obligado de malarg&uuml;inos y visitantes&rdquo;, concluy&oacute; Gonz&aacute;lez.<\/p>\n<p style=\"text-align: justify\">Por su parte, el ministro de Turismo de Mendoza, Javier Espina, se mostr&oacute; complacido con los datos que dan cuenta del buen nivel de reservas para la temporada, tanto en zona de alta monta&ntilde;a como as&iacute; tambi&eacute;n en el sur de la Provincia y Valle de Uco.<\/p>\n<p style=\"text-align: justify\">En ese sentido, Espina destac&oacute;: &ldquo;Ac&aacute; estamos, acompa&ntilde;ando el esfuerzo de cada Departamento y de cada regi&oacute;n por promocionar sus festivales, que son, en definitiva, una peque&ntilde;a muestra de toda la rica y vasta cultura de nuestros pueblos. Con otra mirada, debo decir que me siento muy satisfecho dadas las excelentes perspectivas que tenemos para esta temporada, porque est&aacute; creciendo paulatinamente el turismo extranjero en Mendoza, de la mano de chilenos y brasileros que nos eligen para vacacionar junto con sus familias.<\/p>\n<p style=\"text-align: justify\">&ldquo;Contamos con un buen nivel de ocupaci&oacute;n, que va del orden del 70% para el Gran Mendoza y m&aacute;s del 80% para el caso de San Rafael. Adem&aacute;s, la gran afluencia de mendocinos y visitantes que significar&aacute; la llegada del Dakar a nuestra Provincia, nos da la pauta de otras plazas que se colman y de m&aacute;s trabajo que se genera para nuestra gente&rdquo;, enfatiz&oacute; el ministro de Turismo.<\/p>\n<p style=\"text-align: justify\">Otro punto fuerte de la fiesta m&aacute;xima de los malarg&uuml;inos es el despliegue tecnol&oacute;gico&nbsp;que se monta en el escenario, con un show de iluminaci&oacute;n y sonido puesto al servicio de los artistas. Al cierre el cielo de Malarg&uuml;e se iluminar&aacute; con fuegos artificiales.<\/p>\n<p style=\"text-align: justify\">Los valores de las entradas ser&aacute;n de $40 y $80 para las dos primeras noches (8 y 9 de enero), mientras que los d&iacute;as 10 y 11 se mantendr&aacute;n los precios, con un adicional de $20 s&oacute;lo en caso de solicitar la reserva de una silla, siendo entonces de $60 y $100, respectivamente, cada localidad.<\/p>\n<p>&nbsp;<\/p>\n<\/body><\/html>\n","protected":false},"excerpt":{"rendered":"Con la presencia del gobernador de Mendoza, Francisco P&eacute;rez, el ministro de Turismo de la Provincia, Javier Espina, y la ministra de Cultura, Marizul Ib&aacute;&ntilde;ez, el director de Turismo de Malarg&uuml;e, Oscar Gonz&aacute;lez, brind&oacute; detalles de la organizaci&oacute;n de la XXVIII Fiesta Nacional del Chivo y de la XIX Fiesta Provincial del Cordero, celebraciones que&#8230; <a class=\"view-article\" href=\"https:\/\/www.mendoza.gov.ar\/prensa\/malargue-presento-e-invito-a-vivir-su-fiesta-maxima\/\"><\/a>","protected":false},"author":3,"featured_media":0,"comment_status":"closed","ping_status":"open","sticky":false,"template":"","format":"standard","meta":[],"categories":[37],"tags":[],"_links":{"self":[{"href":"https:\/\/www.mendoza.gov.ar\/prensa\/wp-json\/wp\/v2\/posts\/38"}],"collection":[{"href":"https:\/\/www.mendoza.gov.ar\/prensa\/wp-json\/wp\/v2\/posts"}],"about":[{"href":"https:\/\/www.mendoza.gov.ar\/prensa\/wp-json\/wp\/v2\/types\/post"}],"author":[{"embeddable":true,"href":"https:\/\/www.mendoza.gov.ar\/prensa\/wp-json\/wp\/v2\/users\/3"}],"replies":[{"embeddable":true,"href":"https:\/\/www.mendoza.gov.ar\/prensa\/wp-json\/wp\/v2\/comments?post=38"}],"version-history":[{"count":0,"href":"https:\/\/www.mendoza.gov.ar\/prensa\/wp-json\/wp\/v2\/posts\/38\/revisions"}],"wp:attachment":[{"href":"https:\/\/www.mendoza.gov.ar\/prensa\/wp-json\/wp\/v2\/media?parent=38"}],"wp:term":[{"taxonomy":"category","embeddable":true,"href":"https:\/\/www.mendoza.gov.ar\/prensa\/wp-json\/wp\/v2\/categories?post=38"},{"taxonomy":"post_tag","embeddable":true,"href":"https:\/\/www.mendoza.gov.ar\/prensa\/wp-json\/wp\/v2\/tags?post=38"}],"curies":[{"name":"wp","href":"https:\/\/api.w.org\/{rel}","templated":true}]}}