{"id":381260,"date":"2023-10-25T19:32:41","date_gmt":"2023-10-25T22:32:41","guid":{"rendered":"https:\/\/www.mendoza.gov.ar\/prensa\/?p=381260"},"modified":"2023-11-02T14:36:51","modified_gmt":"2023-11-02T17:36:51","slug":"mendoza-presenta-epicentro-la-feria-de-galerias-de-arte-que-reune-mas-de-1000-obras-y-130-artistas","status":"publish","type":"post","link":"https:\/\/www.mendoza.gov.ar\/prensa\/mendoza-presenta-epicentro-la-feria-de-galerias-de-arte-que-reune-mas-de-1000-obras-y-130-artistas\/","title":{"rendered":"Mendoza presenta Epicentro, la feria de galer\u00edas de arte que re\u00fane m\u00e1s de 1.000 obras y 130 artistas"},"content":{"rendered":"<!DOCTYPE html PUBLIC \"-\/\/W3C\/\/DTD HTML 4.0 Transitional\/\/EN\" \"http:\/\/www.w3.org\/TR\/REC-html40\/loose.dtd\">\n<html><body><h5>El Espacio Contempor&aacute;neo de Arte (ECA) ser&aacute; el lugar donde 20 galer&iacute;as y espacios independientes exhibir&aacute;n y pondr&aacute;n a la venta proyectos art&iacute;sticos de gran calidad. Durar&aacute; tres d&iacute;as y sumar&aacute; una preapertura exclusiva para coleccionistas. Tiene como objetivo promover y difundir las artes visuales y estimular el mercado cultural mendocino.<\/h5>\n\n\n\n<p>Del 10 al 12 de noviembre, se realizar&aacute; Epicentro, la primera feria de galer&iacute;as de arte y espacios autogestivos de Mendoza. M&aacute;s de 1.000 piezas &uacute;nicas de 130 artistas contempor&aacute;neos, emergentes y consagrados, seleccionadas por una curadur&iacute;a que asegura la trayectoria y la calidad de sus obras, estar&aacute;n en exhibici&oacute;n y venta a excelentes valores en el ECA Eliana Molinelli.<\/p>\n\n\n\n<p>La feria cuenta con 20 galer&iacute;as y, con un concepto federal, invita a otras provincias y referentes del circuito art&iacute;stico nacional. El ECA, que viene impulsando el desarrollo de los artistas locales mediante muestras, talleres y conversatorios, ofrecer&aacute; el 9 de noviembre una preapertura exclusiva para coleccionistas que quieran adquirir piezas valiosas a precios especiales.<\/p>\n\n\n\n<p>La feria contar&aacute; tambi&eacute;n con un espacio dedicado a editoriales de artes visuales llamado <em>R&eacute;plica &ndash; zona editada<\/em> con la participaci&oacute;n de: El Ojito Diario, La Dedicatoria y Visual Objeto A.<\/p>\n\n\n\n<p>La ministra de Cultura y Turismo, Nora Vicario, se&ntilde;al&oacute; la importancia del evento: &ldquo;Estamos emocionados de presentar Epicentro, una feria propia de Mendoza que re&uacute;ne galer&iacute;as independientes y espacios autogestivos, creada para la promoci&oacute;n y la difusi&oacute;n de las artes visuales y el impulso del mercado cultural mendocino. Adem&aacute;s, Epicentro insertar&aacute; a la provincia en el circuito de galer&iacute;as nacionales, con la presencia de dos invitados especiales de Buenos Aires, que son due&ntilde;os y colaboradores de distintas galer&iacute;as. Como destaca el Gobernador Rodolfo Suarez, la cultura y el turismo tambi&eacute;n son actividades econ&oacute;micas en s&iacute; mismas y, en este sentido, a trav&eacute;s de sus obras, los artistas tendr&aacute;n espacios oficiales que incentivan la venta, a la vez que contribuyen a seguir poniendo en valor su trabajo y distintos sitios de arte mendocinos&rdquo;.<\/p>\n\n\n\n<p>Apoyando a los artistas y promoviendo sus producciones, la participaci&oacute;n activa de proyectos autogestivos en el ECA es una acci&oacute;n que enriquecer&aacute; la diversidad art&iacute;stica de la feria y permitir&aacute; que estos prop&oacute;sitos tengan un espacio destacado en el circuito local. Asimismo, contar&aacute; con una artista local invitada especial, Susana Dragotta, referente en el campo de las artes visuales.<\/p>\n\n\n\n<p>El objetivo es fomentar y potenciar el crecimiento de artistas y proyectos participantes, contribuyendo as&iacute; al desarrollo sostenible de la escena art&iacute;stica en Mendoza, la cual es y ha sido un semillero de grandes referentes. En el marco de la feria, adem&aacute;s de poder disfrutar y comprar obras de arte a muy buen precio, se organizar&aacute;n diferentes actividades como conversatorios, charlas sobre coleccionismo y dem&aacute;s actividades.<\/p>\n\n\n\n<p><strong>Sobre Epicentro<\/strong><\/p>\n\n\n\n<p>Esta interesante actividad tambi&eacute;n propone invitar a coleccionistas y figuras influyentes de las artes visuales locales y de todo el pa&iacute;s, poniendo en foco las producciones art&iacute;sticas locales y as&iacute; elevar su posici&oacute;n a nivel nacional.<\/p>\n\n\n\n<p>Los proyectos invitados de Mendoza son Aristobula Casa de Arte, Asamblea de Artistas Visuales, Borde (San Mart&iacute;n), Espacio B&uacute;nker (San Juan), Casa Palmera Galer&iacute;a, Daniel Rueda Arte, Diagonal, Espacios Del Monte, Galer&iacute;a Sergio Sergi, Guaymayork, La Imagen Accesible, Mandr&aacute;gora, Perfume, Piazza Casa de Arte, Plataforma Amiga, Revoque Galer&iacute;a, Sur Urbano, Victoria Coraz&oacute;n, Moiras&nbsp; (Ciudad de Rosario).<\/p>\n\n\n\n<p>La Curadur&iacute;a es de Francisco Heredia, Facundo Diaz, Juan Castillo y el Dise&ntilde;o Espacial de Gonzalo Cappelloni.<\/p>\n\n\n\n<p>Este tipo de acciones hacen posible la proyecci&oacute;n de Mendoza como un epicentro cultural y tur&iacute;stico de mucha importancia nacional e internacional. Potenciar el mercado de arte local siendo un nexo entre lo p&uacute;blico, lo privado y el turismo, ofreciendo una selecci&oacute;n de producciones de artistas hacedores de Mendoza e invitados de otras provincias.<\/p>\n\n\n\n<p>La participaci&oacute;n activa de proyectos autogestivos en el ECA enriquecer&aacute; la diversidad art&iacute;stica de la feria y permitir&aacute; que estos tengan un espacio destacado en una plataforma de prestigio como el Espacio Contempor&aacute;neo de Arte (ECA) Eliana Molinelli.<\/p>\n\n\n\n<p><strong>Horarios<\/strong><\/p>\n\n\n\n<ul><li>La feria estar&aacute; abierta al p&uacute;blico del viernes 10 al domingo 12 de noviembre, de 16 a 22.<\/li><li>Conversatorio sobre espacios autogestivos y galer&iacute;as, el viernes 10, a las 19.<\/li><\/ul>\n\n\n\n<p>Invitado especial: Diego Obligado, director de Diego Obligado Galer&iacute;a y  presidente de Meridiano, C&aacute;mara Argentina de Galer&iacute;as de Arte Contempor&aacute;neo.<\/p>\n\n\n\n<figure class=\"wp-block-gallery columns-3 is-cropped\"><ul class=\"blocks-gallery-grid\"><li class=\"blocks-gallery-item\"><figure><a href=\"https:\/\/www.mendoza.gov.ar\/wp-content\/uploads\/sites\/5\/2023\/10\/DSC00262.jpg\"><img loading=\"lazy\" width=\"700\" height=\"467\" src=\"https:\/\/www.mendoza.gov.ar\/wp-content\/uploads\/sites\/5\/2023\/10\/DSC00262-700x467.jpg\" alt=\"\" data-id=\"381263\" data-full-url=\"https:\/\/www.mendoza.gov.ar\/wp-content\/uploads\/sites\/5\/2023\/10\/DSC00262.jpg\" data-link=\"https:\/\/www.mendoza.gov.ar\/prensa\/?attachment_id=381263\" class=\"wp-image-381263 img-responsive center-block\" srcset=\"https:\/\/www.mendoza.gov.ar\/wp-content\/uploads\/sites\/5\/2023\/10\/DSC00262-700x467.jpg 700w, https:\/\/www.mendoza.gov.ar\/wp-content\/uploads\/sites\/5\/2023\/10\/DSC00262-250x167.jpg 250w, https:\/\/www.mendoza.gov.ar\/wp-content\/uploads\/sites\/5\/2023\/10\/DSC00262-768x512.jpg 768w, https:\/\/www.mendoza.gov.ar\/wp-content\/uploads\/sites\/5\/2023\/10\/DSC00262-1536x1024.jpg 1536w, https:\/\/www.mendoza.gov.ar\/wp-content\/uploads\/sites\/5\/2023\/10\/DSC00262-2048x1365.jpg 2048w, https:\/\/www.mendoza.gov.ar\/wp-content\/uploads\/sites\/5\/2023\/10\/DSC00262-120x80.jpg 120w\" sizes=\"(max-width: 700px) 100vw, 700px\"><\/a><\/figure><\/li><li class=\"blocks-gallery-item\"><figure><a href=\"https:\/\/www.mendoza.gov.ar\/wp-content\/uploads\/sites\/5\/2023\/10\/IMG_9334.jpg\"><img loading=\"lazy\" width=\"700\" height=\"467\" src=\"https:\/\/www.mendoza.gov.ar\/wp-content\/uploads\/sites\/5\/2023\/10\/IMG_9334-700x467.jpg\" alt=\"\" data-id=\"381264\" data-full-url=\"https:\/\/www.mendoza.gov.ar\/wp-content\/uploads\/sites\/5\/2023\/10\/IMG_9334.jpg\" data-link=\"https:\/\/www.mendoza.gov.ar\/prensa\/?attachment_id=381264\" class=\"wp-image-381264 img-responsive center-block\" srcset=\"https:\/\/www.mendoza.gov.ar\/wp-content\/uploads\/sites\/5\/2023\/10\/IMG_9334-700x467.jpg 700w, https:\/\/www.mendoza.gov.ar\/wp-content\/uploads\/sites\/5\/2023\/10\/IMG_9334-250x167.jpg 250w, https:\/\/www.mendoza.gov.ar\/wp-content\/uploads\/sites\/5\/2023\/10\/IMG_9334-768x512.jpg 768w, https:\/\/www.mendoza.gov.ar\/wp-content\/uploads\/sites\/5\/2023\/10\/IMG_9334-1536x1024.jpg 1536w, https:\/\/www.mendoza.gov.ar\/wp-content\/uploads\/sites\/5\/2023\/10\/IMG_9334-2048x1366.jpg 2048w, https:\/\/www.mendoza.gov.ar\/wp-content\/uploads\/sites\/5\/2023\/10\/IMG_9334-120x80.jpg 120w\" sizes=\"(max-width: 700px) 100vw, 700px\"><\/a><\/figure><\/li><li class=\"blocks-gallery-item\"><figure><a href=\"https:\/\/www.mendoza.gov.ar\/wp-content\/uploads\/sites\/5\/2023\/10\/Portada-Epicentro.jpg\"><img src=\"https:\/\/www.mendoza.gov.ar\/wp-content\/uploads\/sites\/5\/2023\/10\/Portada-Epicentro-700x467.jpg\" alt=\"\" data-id=\"381265\" data-full-url=\"https:\/\/www.mendoza.gov.ar\/wp-content\/uploads\/sites\/5\/2023\/10\/Portada-Epicentro.jpg\" data-link=\"https:\/\/www.mendoza.gov.ar\/prensa\/?attachment_id=381265\" class=\"wp-image-381265 img-responsive center-block\"><\/a><\/figure><\/li><\/ul><\/figure>\n<\/body><\/html>\n","protected":false},"excerpt":{"rendered":"El Espacio Contempor&aacute;neo de Arte (ECA) ser&aacute; el lugar donde 20 galer&iacute;as y espacios independientes exhibir&aacute;n y pondr&aacute;n a la venta proyectos art&iacute;sticos de gran calidad. Durar&aacute; tres d&iacute;as y sumar&aacute; una preapertura exclusiva para coleccionistas. Tiene como objetivo promover y difundir las artes visuales y estimular el mercado cultural mendocino. Del 10 al 12&#8230; <a class=\"view-article\" href=\"https:\/\/www.mendoza.gov.ar\/prensa\/mendoza-presenta-epicentro-la-feria-de-galerias-de-arte-que-reune-mas-de-1000-obras-y-130-artistas\/\"><\/a>","protected":false},"author":68,"featured_media":381265,"comment_status":"open","ping_status":"open","sticky":false,"template":"","format":"standard","meta":[],"categories":[8,37],"tags":[],"_links":{"self":[{"href":"https:\/\/www.mendoza.gov.ar\/prensa\/wp-json\/wp\/v2\/posts\/381260"}],"collection":[{"href":"https:\/\/www.mendoza.gov.ar\/prensa\/wp-json\/wp\/v2\/posts"}],"about":[{"href":"https:\/\/www.mendoza.gov.ar\/prensa\/wp-json\/wp\/v2\/types\/post"}],"author":[{"embeddable":true,"href":"https:\/\/www.mendoza.gov.ar\/prensa\/wp-json\/wp\/v2\/users\/68"}],"replies":[{"embeddable":true,"href":"https:\/\/www.mendoza.gov.ar\/prensa\/wp-json\/wp\/v2\/comments?post=381260"}],"version-history":[{"count":9,"href":"https:\/\/www.mendoza.gov.ar\/prensa\/wp-json\/wp\/v2\/posts\/381260\/revisions"}],"predecessor-version":[{"id":382441,"href":"https:\/\/www.mendoza.gov.ar\/prensa\/wp-json\/wp\/v2\/posts\/381260\/revisions\/382441"}],"wp:featuredmedia":[{"embeddable":true,"href":"https:\/\/www.mendoza.gov.ar\/prensa\/wp-json\/wp\/v2\/media\/381265"}],"wp:attachment":[{"href":"https:\/\/www.mendoza.gov.ar\/prensa\/wp-json\/wp\/v2\/media?parent=381260"}],"wp:term":[{"taxonomy":"category","embeddable":true,"href":"https:\/\/www.mendoza.gov.ar\/prensa\/wp-json\/wp\/v2\/categories?post=381260"},{"taxonomy":"post_tag","embeddable":true,"href":"https:\/\/www.mendoza.gov.ar\/prensa\/wp-json\/wp\/v2\/tags?post=381260"}],"curies":[{"name":"wp","href":"https:\/\/api.w.org\/{rel}","templated":true}]}}