{"id":383274,"date":"2023-11-07T15:04:22","date_gmt":"2023-11-07T18:04:22","guid":{"rendered":"https:\/\/www.mendoza.gov.ar\/prensa\/?p=383274"},"modified":"2024-01-09T17:19:21","modified_gmt":"2024-01-09T20:19:21","slug":"abre-el-concurso-para-el-diseno-de-identidad-y-comunicacion-visual-que-promocionara-la-fiesta-de-la-vendimia-2024","status":"publish","type":"post","link":"https:\/\/www.mendoza.gov.ar\/prensa\/abre-el-concurso-para-el-diseno-de-identidad-y-comunicacion-visual-que-promocionara-la-fiesta-de-la-vendimia-2024\/","title":{"rendered":"Abre el Concurso para el Dise\u00f1o de Identidad y Comunicaci\u00f3n Visual que promocionar\u00e1 la Fiesta de la Vendimia 2024"},"content":{"rendered":"<!DOCTYPE html PUBLIC \"-\/\/W3C\/\/DTD HTML 4.0 Transitional\/\/EN\" \"http:\/\/www.w3.org\/TR\/REC-html40\/loose.dtd\">\n<html><body><h5>Las bases ya est&aacute;n disponibles y pueden descargarse a trav&eacute;s del sitio www.mendoza.gov.ar\/cultura. Las propuestas se recibir&aacute;n el jueves 7 de diciembre, de 9 a 14, sin excepci&oacute;n.<\/h5>\n\n\n\n<p>El Ministerio de Cultura y Turismo del Gobierno de Mendoza llama a Concurso P&uacute;blico de Dise&ntilde;o del Sistema de Identidad y Comunicaci&oacute;n Visual, que promocionar&aacute; la Fiesta Nacional de la Vendimia 2024, el Acto Central, titulado <em>Coronados de historia y futuro<\/em>, y eventos oficiales.<\/p>\n\n\n\n<p>&ldquo;La Vendimia es la fiesta popular m&aacute;s destacada del pa&iacute;s y la mejor expresi&oacute;n de nuestra provincia y nuestra cultura, de la esencia del vino y del trabajo que lo hace posible. Por eso, queremos que su imagen y comunicaci&oacute;n visual sean el reflejo de lo que significa esta celebraci&oacute;n y de todas las actividades que se realizan alrededor de ella. Los invitamos a participar con una propuesta creativa e innovadora que transmita en su dise&ntilde;o la vitalidad de esta fiesta, que se renueva con el esp&iacute;ritu de superaci&oacute;n de nuestra gente, la riqueza de nuestra cultura y la pasi&oacute;n por el vino&rdquo;, remarc&oacute; la ministra de Cultura y Turismo de la provincia, Nora Vicario.<\/p>\n\n\n\n<p>La presentaci&oacute;n de las propuestas deber&aacute; efectuarse de manera personal, formaliz&aacute;ndose su presentaci&oacute;n en la Direcci&oacute;n de Comunicaci&oacute;n y Marketing, del Ministerio de Cultura y Turismo, ubicada en Peltier 793, 2&ordm; piso, de la Ciudad de Mendoza. Las bases han incorporado algunas propuestas que surgieron de los Foros Vendimia 2023.<\/p>\n\n\n\n<p>La apertura de los sobres, por parte del jurado, se realizar&aacute; el jueves 7 de diciembre de 2023, a las 15, para proceder a la evaluaci&oacute;n de las propuestas. Para realizar consultas, los interesados, podr&aacute;n contactarse a&nbsp;<a rel=\"noreferrer noopener\" href=\"mailto:prensaculturamza@gmail.com\" target=\"_blank\">prensaculturamza@gmail.com<\/a><\/p>\n\n\n\n<p>El premio para el ganador o grupo de ganadores ser&aacute; de $1.500.000. Adem&aacute;s, podr&aacute;n otorgarse tres menciones especiales a sugerencia del jurado.<\/p>\n\n\n\n<p>Pueden participar, ede n forma individual, egresados de las carreras de Dise&ntilde;o Gr&aacute;fico, Publicidad y Comunicaci&oacute;n Visual, ya sea de nivel terciario, universitario de grado o tecnicatura; y de forma grupal, equipos de trabajo conformados por dos o m&aacute;s personas de las cuales, al menos, un integrante debe ser egresado de las carreras nombradas anteriormente.<\/p>\n\n\n\n<p>Las propuestas deber&aacute;n tener en cuenta que los destinatarios son los habitantes de Mendoza, turistas y potenciales visitantes del resto del pa&iacute;s y del mundo, considerando su difusi&oacute;n en el exterior, como forma de promover el turismo y la cultura local.<\/p>\n\n\n\n<p>Adem&aacute;s de reflejar el significado que tiene la Fiesta Nacional de la Vendimia en su contexto social y cultural, la edici&oacute;n del pr&oacute;ximo a&ntilde;o que se realizar&aacute; en el Teatro Griego Frank Romero Day estar&aacute; desarrollada por un equipo elegido por concurso p&uacute;blico, compuesto por referentes culturales de la provincia.<\/p>\n\n\n\n<p>La obra contenida en la propuesta deber&aacute; ser in&eacute;dita, lo que supone que nunca haya sido exhibida o reproducida p&uacute;blicamente, y deber&aacute; mantener coherencia conceptual con la Fiesta Nacional de la Vendimia y eventos oficiales del Calendario de Vendimia 2024, bas&aacute;ndose en lo que representa la Fiesta Grande de los mendocinos, para el p&uacute;blico local y los visitantes del pa&iacute;s y del mundo; con versatilidad para sus aplicaciones y reproducibilidad en diversos soportes y tecnolog&iacute;as.<\/p>\n\n\n\n<p><strong>El jurado<\/strong><\/p>\n\n\n\n<p>El jurado estar&aacute; integrado por 11 miembros, m&aacute;s un veedor designado por el Ministerio de Cultura y Turismo, a saber:<\/p>\n\n\n\n<ul><li>Tres representantes del Ministerio de Cultura y Turismo del Gobierno de Mendoza, designados por el propio organismo: subsecretario de Cultura, Fabi&aacute;n Sama; dise&ntilde;adora de la Direcci&oacute;n de Imagen y Contenidos de la Subsecretar&iacute;a de Comunicaci&oacute;n Social, Prensa y Protocolo de Gobierno, Alejandra G&oacute;mez Quiroga, y director de la Fiesta de la Vendimia 2024, Pablo Mariano Perri.<\/li><\/ul>\n\n\n\n<ul><li>Un representante de la Facultad de Artes y Dise&ntilde;o de la UNCuyo, Universidad Nacional de Cuyo: Ver&oacute;nica Carbone.<br><\/li><li>Un representante titular por cada universidad: Universidad del Aconcagua: Andr&eacute;s Marziani; Universidad Champagnat: Pablo S&aacute;nchez Sandobal; Universidad de Mendoza: Andr&eacute;s Asarchuk; Universidad Juan Agust&iacute;n Maza: Mario Zamorano; Universidad de Congreso: Jorge Dragonetti; Universidad Cat&oacute;lica Argentina: Julieta Nadin.<br><\/li><li>Un representante de la Asociaci&oacute;n de Dise&ntilde;adores de Mendoza (ADIMZA), asociaci&oacute;n civil sin fines de lucro: Pablo Cerd&aacute;.<br><\/li><li>Un veedor con voz, pero sin voto, designado por el Ministerio de Cultura y Turismo: Mar&iacute;a Fernanda Rivarola.<\/li><\/ul>\n\n\n\n<figure class=\"wp-block-gallery columns-3\"><ul class=\"blocks-gallery-grid\"><li class=\"blocks-gallery-item\"><figure><a href=\"https:\/\/www.mendoza.gov.ar\/wp-content\/uploads\/sites\/5\/2023\/11\/Vendimia-2023.jpg\"><img src=\"https:\/\/www.mendoza.gov.ar\/wp-content\/uploads\/sites\/5\/2023\/11\/Vendimia-2023-700x467.jpg\" alt=\"\" data-id=\"383276\" data-full-url=\"https:\/\/www.mendoza.gov.ar\/wp-content\/uploads\/sites\/5\/2023\/11\/Vendimia-2023.jpg\" data-link=\"https:\/\/www.mendoza.gov.ar\/prensa\/?attachment_id=383276\" class=\"wp-image-383276 img-responsive center-block\"><\/a><\/figure><\/li><li class=\"blocks-gallery-item\"><figure><a href=\"https:\/\/www.mendoza.gov.ar\/wp-content\/uploads\/sites\/5\/2023\/11\/VENDIMIA-2.jpg\"><img src=\"https:\/\/www.mendoza.gov.ar\/wp-content\/uploads\/sites\/5\/2023\/11\/VENDIMIA-2-700x403.jpg\" alt=\"\" data-id=\"383277\" data-full-url=\"https:\/\/www.mendoza.gov.ar\/wp-content\/uploads\/sites\/5\/2023\/11\/VENDIMIA-2.jpg\" data-link=\"https:\/\/www.mendoza.gov.ar\/prensa\/?attachment_id=383277\" class=\"wp-image-383277 img-responsive center-block\"><\/a><\/figure><\/li><li class=\"blocks-gallery-item\"><figure><a href=\"https:\/\/www.mendoza.gov.ar\/wp-content\/uploads\/sites\/5\/2023\/11\/Vendimia-1.jpg\"><img loading=\"lazy\" width=\"700\" height=\"465\" src=\"https:\/\/www.mendoza.gov.ar\/wp-content\/uploads\/sites\/5\/2023\/11\/Vendimia-1-700x465.jpg\" alt=\"\" data-id=\"383278\" data-full-url=\"https:\/\/www.mendoza.gov.ar\/wp-content\/uploads\/sites\/5\/2023\/11\/Vendimia-1.jpg\" data-link=\"https:\/\/www.mendoza.gov.ar\/prensa\/?attachment_id=383278\" class=\"wp-image-383278 img-responsive center-block\" srcset=\"https:\/\/www.mendoza.gov.ar\/wp-content\/uploads\/sites\/5\/2023\/11\/Vendimia-1-700x465.jpg 700w, https:\/\/www.mendoza.gov.ar\/wp-content\/uploads\/sites\/5\/2023\/11\/Vendimia-1-250x166.jpg 250w, https:\/\/www.mendoza.gov.ar\/wp-content\/uploads\/sites\/5\/2023\/11\/Vendimia-1-768x510.jpg 768w, https:\/\/www.mendoza.gov.ar\/wp-content\/uploads\/sites\/5\/2023\/11\/Vendimia-1-120x80.jpg 120w, https:\/\/www.mendoza.gov.ar\/wp-content\/uploads\/sites\/5\/2023\/11\/Vendimia-1.jpg 1280w\" sizes=\"(max-width: 700px) 100vw, 700px\"><\/a><\/figure><\/li><\/ul><\/figure>\n<\/body><\/html>\n","protected":false},"excerpt":{"rendered":"Las bases ya est&aacute;n disponibles y pueden descargarse a trav&eacute;s del sitio www.mendoza.gov.ar\/cultura. Las propuestas se recibir&aacute;n el jueves 7 de diciembre, de 9 a 14, sin excepci&oacute;n. El Ministerio de Cultura y Turismo del Gobierno de Mendoza llama a Concurso P&uacute;blico de Dise&ntilde;o del Sistema de Identidad y Comunicaci&oacute;n Visual, que promocionar&aacute; la Fiesta&#8230; <a class=\"view-article\" href=\"https:\/\/www.mendoza.gov.ar\/prensa\/abre-el-concurso-para-el-diseno-de-identidad-y-comunicacion-visual-que-promocionara-la-fiesta-de-la-vendimia-2024\/\"><\/a>","protected":false},"author":63,"featured_media":383277,"comment_status":"open","ping_status":"open","sticky":false,"template":"","format":"standard","meta":[],"categories":[8,37,2711,38,3035],"tags":[],"_links":{"self":[{"href":"https:\/\/www.mendoza.gov.ar\/prensa\/wp-json\/wp\/v2\/posts\/383274"}],"collection":[{"href":"https:\/\/www.mendoza.gov.ar\/prensa\/wp-json\/wp\/v2\/posts"}],"about":[{"href":"https:\/\/www.mendoza.gov.ar\/prensa\/wp-json\/wp\/v2\/types\/post"}],"author":[{"embeddable":true,"href":"https:\/\/www.mendoza.gov.ar\/prensa\/wp-json\/wp\/v2\/users\/63"}],"replies":[{"embeddable":true,"href":"https:\/\/www.mendoza.gov.ar\/prensa\/wp-json\/wp\/v2\/comments?post=383274"}],"version-history":[{"count":6,"href":"https:\/\/www.mendoza.gov.ar\/prensa\/wp-json\/wp\/v2\/posts\/383274\/revisions"}],"predecessor-version":[{"id":383587,"href":"https:\/\/www.mendoza.gov.ar\/prensa\/wp-json\/wp\/v2\/posts\/383274\/revisions\/383587"}],"wp:featuredmedia":[{"embeddable":true,"href":"https:\/\/www.mendoza.gov.ar\/prensa\/wp-json\/wp\/v2\/media\/383277"}],"wp:attachment":[{"href":"https:\/\/www.mendoza.gov.ar\/prensa\/wp-json\/wp\/v2\/media?parent=383274"}],"wp:term":[{"taxonomy":"category","embeddable":true,"href":"https:\/\/www.mendoza.gov.ar\/prensa\/wp-json\/wp\/v2\/categories?post=383274"},{"taxonomy":"post_tag","embeddable":true,"href":"https:\/\/www.mendoza.gov.ar\/prensa\/wp-json\/wp\/v2\/tags?post=383274"}],"curies":[{"name":"wp","href":"https:\/\/api.w.org\/{rel}","templated":true}]}}