{"id":385180,"date":"2023-11-19T09:41:56","date_gmt":"2023-11-19T12:41:56","guid":{"rendered":"https:\/\/www.mendoza.gov.ar\/prensa\/?p=385180"},"modified":"2023-11-19T10:53:02","modified_gmt":"2023-11-19T13:53:02","slug":"dia-mundial-en-recuerdo-de-las-victimas-de-los-accidentes-de-transito","status":"publish","type":"post","link":"https:\/\/www.mendoza.gov.ar\/prensa\/dia-mundial-en-recuerdo-de-las-victimas-de-los-accidentes-de-transito\/","title":{"rendered":"D\u00eda Mundial en Recuerdo de las V\u00edctimas de Accidentes de Tr\u00e1nsito"},"content":{"rendered":"<!DOCTYPE html PUBLIC \"-\/\/W3C\/\/DTD HTML 4.0 Transitional\/\/EN\" \"http:\/\/www.w3.org\/TR\/REC-html40\/loose.dtd\">\n<html><body><p><strong>La informaci&oacute;n y la concientizaci&oacute;n son valiosas herramientas que pueden marcar la diferencia en la prevenci&oacute;n de siniestros viales.<\/strong><\/p>\n\n\n\n<p>El 26 de octubre de 2005, la Asamblea General de las Naciones Unidas invit&oacute; a los Estados miembros y a la comunidad internacional a recordar y reflexionar cada tercer domingo de noviembre de cada a&ntilde;o el &ldquo;D&iacute;a Mundial en Recuerdo de las V&iacute;ctimas de Tr&aacute;nsito&rdquo;.<\/p>\n\n\n\n<p>Este d&iacute;a enfatiza la importancia de la seguridad vial en el mundo y la necesidad de seguir fortaleciendo el trabajo en conjunto y el compromiso para lograr acciones que influyan directamente en la reducci&oacute;n de las v&iacute;ctimas por el tr&aacute;nsito.<\/p>\n\n\n\n<p>&ldquo;Desde nuestro lugar estamos convencidos de que la educaci&oacute;n vial es fundamental en la prevenci&oacute;n de accidentes de tr&aacute;nsito. Inculcar conductas responsables al utilizar la v&iacute;a p&uacute;blica, conocer y respetar las normas de tr&aacute;nsito son comportamientos indispensables durante toda la vida, todos en alg&uacute;n momento somos peatones, ciclistas o automovilistas&rdquo;, reflexiona Orlando Corval&aacute;n, director de la Unidad Ejecutiva de Seguridad Vial (UESV).<\/p>\n\n\n\n<p>La UESV contin&uacute;a trabajando en campa&ntilde;as de concientizaci&oacute;n y educaci&oacute;n, inclusive junto a municipios, a la Polic&iacute;a Vial y diferentes &aacute;reas de la comunidad educativa de la provincia. Adem&aacute;s, se articulan acciones de capacitaci&oacute;n en sinton&iacute;a con la Agencia Nacional de Seguridad Vial.<\/p>\n\n\n\n<p>&ldquo;Creemos que los controles son una forma de prevenci&oacute;n. Evitar que una persona maneje alcoholizada es prevenir su riesgo de vida y la vida de otros. Por ello, hemos seguido con la entrega de alcohol&iacute;metros homologados y al&oacute;metros a la Polic&iacute;a y a los municipios para continuar con los intensivos controles a lo largo y ancho de Mendoza&rdquo;, destac&oacute; Corval&aacute;n sobre las acciones que refuerzan desde su &aacute;rea.<\/p>\n\n\n\n<p>En ese sentido, analiza: &ldquo;Recordar a las v&iacute;ctimas en este d&iacute;a significa redoblar esfuerzos de todos los actores involucrados y comprometidos con la seguridad vial&rdquo;. Y recuerda que ponen a disposici&oacute;n el programa de la Agencia Nacional de Seguridad Vial de apoyo a las v&iacute;ctimas del tr&aacute;nsito y sus familias, el cual brinda asesoramiento legal, psicol&oacute;gico, social y de rehabilitaci&oacute;n en la posemergencia vial en todo el pa&iacute;s.<\/p>\n\n\n\n<p><strong>Asistencia en caso de un siniestro vial<\/strong><\/p>\n\n\n\n<p>L&iacute;nea de atenci&oacute;n 149, opci&oacute;n 2. Centro de Atenci&oacute;n a la v&iacute;ctima y familiares de v&iacute;ctimas de siniestros, viales con atenci&oacute;n las 24 horas, cobertura nacional y gratuita.<\/p>\n\n\n\n<figure class=\"wp-block-gallery columns-2\"><ul class=\"blocks-gallery-grid\"><li class=\"blocks-gallery-item\"><figure><a href=\"https:\/\/www.mendoza.gov.ar\/wp-content\/uploads\/sites\/5\/2023\/11\/1000055805.jpg\"><img src=\"https:\/\/www.mendoza.gov.ar\/wp-content\/uploads\/sites\/5\/2023\/11\/1000055805.jpg\" alt=\"\" data-id=\"385184\" data-full-url=\"https:\/\/www.mendoza.gov.ar\/wp-content\/uploads\/sites\/5\/2023\/11\/1000055805.jpg\" data-link=\"https:\/\/www.mendoza.gov.ar\/prensa\/?attachment_id=385184\" class=\"wp-image-385184 img-responsive center-block\"><\/a><\/figure><\/li><li class=\"blocks-gallery-item\"><figure><a href=\"https:\/\/www.mendoza.gov.ar\/wp-content\/uploads\/sites\/5\/2023\/11\/1000055807.jpg\"><img loading=\"lazy\" width=\"700\" height=\"315\" src=\"https:\/\/www.mendoza.gov.ar\/wp-content\/uploads\/sites\/5\/2023\/11\/1000055807-700x315.jpg\" alt=\"\" data-id=\"385185\" data-full-url=\"https:\/\/www.mendoza.gov.ar\/wp-content\/uploads\/sites\/5\/2023\/11\/1000055807.jpg\" data-link=\"https:\/\/www.mendoza.gov.ar\/prensa\/?attachment_id=385185\" class=\"wp-image-385185 img-responsive center-block\" srcset=\"https:\/\/www.mendoza.gov.ar\/wp-content\/uploads\/sites\/5\/2023\/11\/1000055807-700x315.jpg 700w, https:\/\/www.mendoza.gov.ar\/wp-content\/uploads\/sites\/5\/2023\/11\/1000055807-250x113.jpg 250w, https:\/\/www.mendoza.gov.ar\/wp-content\/uploads\/sites\/5\/2023\/11\/1000055807-768x346.jpg 768w, https:\/\/www.mendoza.gov.ar\/wp-content\/uploads\/sites\/5\/2023\/11\/1000055807-1536x691.jpg 1536w, https:\/\/www.mendoza.gov.ar\/wp-content\/uploads\/sites\/5\/2023\/11\/1000055807-120x54.jpg 120w, https:\/\/www.mendoza.gov.ar\/wp-content\/uploads\/sites\/5\/2023\/11\/1000055807.jpg 1600w\" sizes=\"(max-width: 700px) 100vw, 700px\"><\/a><\/figure><\/li><\/ul><\/figure>\n<\/body><\/html>\n","protected":false},"excerpt":{"rendered":"La informaci&oacute;n y la concientizaci&oacute;n son valiosas herramientas que pueden marcar la diferencia en la prevenci&oacute;n de siniestros viales. El 26 de octubre de 2005, la Asamblea General de las Naciones Unidas invit&oacute; a los Estados miembros y a la comunidad internacional a recordar y reflexionar cada tercer domingo de noviembre de cada a&ntilde;o el&#8230; <a class=\"view-article\" href=\"https:\/\/www.mendoza.gov.ar\/prensa\/dia-mundial-en-recuerdo-de-las-victimas-de-los-accidentes-de-transito\/\"><\/a>","protected":false},"author":68,"featured_media":385184,"comment_status":"open","ping_status":"open","sticky":false,"template":"","format":"standard","meta":[],"categories":[34],"tags":[],"_links":{"self":[{"href":"https:\/\/www.mendoza.gov.ar\/prensa\/wp-json\/wp\/v2\/posts\/385180"}],"collection":[{"href":"https:\/\/www.mendoza.gov.ar\/prensa\/wp-json\/wp\/v2\/posts"}],"about":[{"href":"https:\/\/www.mendoza.gov.ar\/prensa\/wp-json\/wp\/v2\/types\/post"}],"author":[{"embeddable":true,"href":"https:\/\/www.mendoza.gov.ar\/prensa\/wp-json\/wp\/v2\/users\/68"}],"replies":[{"embeddable":true,"href":"https:\/\/www.mendoza.gov.ar\/prensa\/wp-json\/wp\/v2\/comments?post=385180"}],"version-history":[{"count":7,"href":"https:\/\/www.mendoza.gov.ar\/prensa\/wp-json\/wp\/v2\/posts\/385180\/revisions"}],"predecessor-version":[{"id":385194,"href":"https:\/\/www.mendoza.gov.ar\/prensa\/wp-json\/wp\/v2\/posts\/385180\/revisions\/385194"}],"wp:featuredmedia":[{"embeddable":true,"href":"https:\/\/www.mendoza.gov.ar\/prensa\/wp-json\/wp\/v2\/media\/385184"}],"wp:attachment":[{"href":"https:\/\/www.mendoza.gov.ar\/prensa\/wp-json\/wp\/v2\/media?parent=385180"}],"wp:term":[{"taxonomy":"category","embeddable":true,"href":"https:\/\/www.mendoza.gov.ar\/prensa\/wp-json\/wp\/v2\/categories?post=385180"},{"taxonomy":"post_tag","embeddable":true,"href":"https:\/\/www.mendoza.gov.ar\/prensa\/wp-json\/wp\/v2\/tags?post=385180"}],"curies":[{"name":"wp","href":"https:\/\/api.w.org\/{rel}","templated":true}]}}