{"id":385715,"date":"2023-11-24T12:23:02","date_gmt":"2023-11-24T15:23:02","guid":{"rendered":"https:\/\/www.mendoza.gov.ar\/prensa\/?p=385715"},"modified":"2024-09-17T19:32:51","modified_gmt":"2024-09-17T22:32:51","slug":"mendoza-junto-a-coviar-participo-de-la-celebracion-del-dia-del-vino-argentino-en-buenos-aires","status":"publish","type":"post","link":"https:\/\/www.mendoza.gov.ar\/prensa\/mendoza-junto-a-coviar-participo-de-la-celebracion-del-dia-del-vino-argentino-en-buenos-aires\/","title":{"rendered":"Mendoza, junto a la COVIAR, particip\u00f3 en la celebraci\u00f3n del D\u00eda del Vino Argentino en Buenos Aires"},"content":{"rendered":"<!DOCTYPE html PUBLIC \"-\/\/W3C\/\/DTD HTML 4.0 Transitional\/\/EN\" \"http:\/\/www.w3.org\/TR\/REC-html40\/loose.dtd\">\n<html><body><p><strong>Con la presencia de la ministra de Cultura y Turismo, Nora Vicario, la Corporaci&oacute;n Vitivin&iacute;cola Argentina (COVIAR) y el Fondo Vitivin&iacute;cola Argentina, la Provincia estuvo presente en un extraordinario concierto realizado por destacados artistas en el Centro Cultural Kirchner (CCK), como parte de los festejos oficiales.<\/strong><\/p>\n\n\n\n<p>En el marco del D&iacute;a Nacional del Vino Argentino, Mendoza estuvo presente en la celebraci&oacute;n, bajo el lema<em> El Vino nos Une, <\/em>que se llev&oacute; a cabo en el Auditorio Nacional La Ballena, en el Centro Cultural Kirchner (CCK) de la Ciudad de Buenos Aires, a trav&eacute;s de un impresionante recital que cont&oacute; con la participaci&oacute;n de artistas de renombre.<\/p>\n\n\n\n<p>El espect&aacute;culo fue organizado por el&nbsp;Fondo Vitivin&iacute;cola Argentina, con el apoyo del&nbsp;Consejo Federal de Inversiones (CFI), el Gobierno de Mendoza, la Corporaci&oacute;n Vitivin&iacute;cola Argentina (COVIAR) y el Ministerio de Cultura de la Naci&oacute;n.<\/p>\n\n\n\n<p>En un ensamble orquestal dirigido por el maestro Popi Spatocco, los artistas participantes fueron los cantautores David Leb&oacute;n y Sandra Mihanovich, los mendocinos Victoria Di Raimondo y el d&uacute;o Orozco-Barrientos, la sanjuanina Cande Buasso, Manu Sija y la Bruja Salguero de La Rioja, el gran Rodolfo Mederos y su bandone&oacute;n, Los Tabaleros, Maggie Cullen y el grupo de cantoras Otra Ronda.<\/p>\n\n\n\n<p>Se trat&oacute; de un&nbsp;viaje musical que recorri&oacute; los paisajes y las m&uacute;sicas donde nace el vino argentino, en un repertorio que pas&oacute; por distintos g&eacute;neros como rock, folclore, balada y otros.<\/p>\n\n\n\n<p><strong>D&iacute;a Nacional del Vino Argentino&nbsp;&nbsp;<\/strong>&nbsp;<\/p>\n\n\n\n<p>El&nbsp;24 de noviembre&nbsp;de 2010 se firm&oacute; un decreto presidencial que declar&oacute; al vino como la Bebida Nacional en Argentina. Desde entonces, cada a&ntilde;o se celebra en esa fecha el&nbsp;D&iacute;a Nacional del Vino Argentino, un festejo que integra a los consumidores, entusiastas, profesionales y toda una cadena de valor que permite que el vino siga presente en los hogares y las preferencias de los argentinos. Argentina fue el primer pa&iacute;s vitivin&iacute;cola del mundo en declarar el vino como su Bebida Nacional.<\/p>\n\n\n\n<p>Esta importante distinci&oacute;n reconoce al vino como componente fundamental de la cultura y de la identidad argentinas. Bajo la Ley 26 870, promulgada por unanimidad en el Congreso de la Naci&oacute;n, festejamos cada a&ntilde;o este gran d&iacute;a para la industria y la cultura argentina.&nbsp;<\/p>\n\n\n\n<figure class=\"wp-block-gallery columns-3\"><ul class=\"blocks-gallery-grid\"><li class=\"blocks-gallery-item\"><figure><a href=\"https:\/\/www.mendoza.gov.ar\/wp-content\/uploads\/sites\/5\/2023\/11\/WhatsApp-Image-2023-11-24-at-09.57.58-1-700x933.jpeg\"><img loading=\"lazy\" width=\"700\" height=\"933\" src=\"https:\/\/www.mendoza.gov.ar\/wp-content\/uploads\/sites\/5\/2023\/11\/WhatsApp-Image-2023-11-24-at-09.57.58-1-700x933.jpeg\" alt=\"\" data-id=\"385718\" data-link=\"https:\/\/www.mendoza.gov.ar\/prensa\/?attachment_id=385718\" class=\"wp-image-385718 img-responsive center-block\" srcset=\"https:\/\/www.mendoza.gov.ar\/wp-content\/uploads\/sites\/5\/2023\/11\/WhatsApp-Image-2023-11-24-at-09.57.58-1-700x933.jpeg 700w, https:\/\/www.mendoza.gov.ar\/wp-content\/uploads\/sites\/5\/2023\/11\/WhatsApp-Image-2023-11-24-at-09.57.58-1-250x333.jpeg 250w, https:\/\/www.mendoza.gov.ar\/wp-content\/uploads\/sites\/5\/2023\/11\/WhatsApp-Image-2023-11-24-at-09.57.58-1-768x1024.jpeg 768w, https:\/\/www.mendoza.gov.ar\/wp-content\/uploads\/sites\/5\/2023\/11\/WhatsApp-Image-2023-11-24-at-09.57.58-1-120x160.jpeg 120w, https:\/\/www.mendoza.gov.ar\/wp-content\/uploads\/sites\/5\/2023\/11\/WhatsApp-Image-2023-11-24-at-09.57.58-1.jpeg 960w\" sizes=\"(max-width: 700px) 100vw, 700px\"><\/a><\/figure><\/li><li class=\"blocks-gallery-item\"><figure><a href=\"https:\/\/www.mendoza.gov.ar\/wp-content\/uploads\/sites\/5\/2023\/11\/WhatsApp-Image-2023-11-24-at-09.57.59-700x525.jpeg\"><img loading=\"lazy\" width=\"700\" height=\"525\" src=\"https:\/\/www.mendoza.gov.ar\/wp-content\/uploads\/sites\/5\/2023\/11\/WhatsApp-Image-2023-11-24-at-09.57.59-700x525.jpeg\" alt=\"\" data-id=\"385719\" data-link=\"https:\/\/www.mendoza.gov.ar\/prensa\/?attachment_id=385719\" class=\"wp-image-385719 img-responsive center-block\" srcset=\"https:\/\/www.mendoza.gov.ar\/wp-content\/uploads\/sites\/5\/2023\/11\/WhatsApp-Image-2023-11-24-at-09.57.59-700x525.jpeg 700w, https:\/\/www.mendoza.gov.ar\/wp-content\/uploads\/sites\/5\/2023\/11\/WhatsApp-Image-2023-11-24-at-09.57.59-250x188.jpeg 250w, https:\/\/www.mendoza.gov.ar\/wp-content\/uploads\/sites\/5\/2023\/11\/WhatsApp-Image-2023-11-24-at-09.57.59-768x576.jpeg 768w, https:\/\/www.mendoza.gov.ar\/wp-content\/uploads\/sites\/5\/2023\/11\/WhatsApp-Image-2023-11-24-at-09.57.59-120x90.jpeg 120w, https:\/\/www.mendoza.gov.ar\/wp-content\/uploads\/sites\/5\/2023\/11\/WhatsApp-Image-2023-11-24-at-09.57.59.jpeg 1280w\" sizes=\"(max-width: 700px) 100vw, 700px\"><\/a><\/figure><\/li><li class=\"blocks-gallery-item\"><figure><a href=\"https:\/\/www.mendoza.gov.ar\/wp-content\/uploads\/sites\/5\/2023\/11\/WhatsApp-Image-2023-11-24-at-09.57.58.jpeg\"><img loading=\"lazy\" width=\"700\" height=\"933\" src=\"https:\/\/www.mendoza.gov.ar\/wp-content\/uploads\/sites\/5\/2023\/11\/WhatsApp-Image-2023-11-24-at-09.57.58-700x933.jpeg\" alt=\"\" data-id=\"385720\" data-full-url=\"https:\/\/www.mendoza.gov.ar\/wp-content\/uploads\/sites\/5\/2023\/11\/WhatsApp-Image-2023-11-24-at-09.57.58.jpeg\" data-link=\"https:\/\/www.mendoza.gov.ar\/prensa\/?attachment_id=385720\" class=\"wp-image-385720 img-responsive center-block\" srcset=\"https:\/\/www.mendoza.gov.ar\/wp-content\/uploads\/sites\/5\/2023\/11\/WhatsApp-Image-2023-11-24-at-09.57.58-700x933.jpeg 700w, https:\/\/www.mendoza.gov.ar\/wp-content\/uploads\/sites\/5\/2023\/11\/WhatsApp-Image-2023-11-24-at-09.57.58-250x333.jpeg 250w, https:\/\/www.mendoza.gov.ar\/wp-content\/uploads\/sites\/5\/2023\/11\/WhatsApp-Image-2023-11-24-at-09.57.58-768x1024.jpeg 768w, https:\/\/www.mendoza.gov.ar\/wp-content\/uploads\/sites\/5\/2023\/11\/WhatsApp-Image-2023-11-24-at-09.57.58-120x160.jpeg 120w, https:\/\/www.mendoza.gov.ar\/wp-content\/uploads\/sites\/5\/2023\/11\/WhatsApp-Image-2023-11-24-at-09.57.58.jpeg 960w\" sizes=\"(max-width: 700px) 100vw, 700px\"><\/a><\/figure><\/li><\/ul><\/figure>\n<\/body><\/html>\n","protected":false},"excerpt":{"rendered":"Con la presencia de la ministra de Cultura y Turismo, Nora Vicario, la Corporaci&oacute;n Vitivin&iacute;cola Argentina (COVIAR) y el Fondo Vitivin&iacute;cola Argentina, la Provincia estuvo presente en un extraordinario concierto realizado por destacados artistas en el Centro Cultural Kirchner (CCK), como parte de los festejos oficiales. En el marco del D&iacute;a Nacional del Vino Argentino,&#8230; <a class=\"view-article\" href=\"https:\/\/www.mendoza.gov.ar\/prensa\/mendoza-junto-a-coviar-participo-de-la-celebracion-del-dia-del-vino-argentino-en-buenos-aires\/\"><\/a>","protected":false},"author":61,"featured_media":385719,"comment_status":"open","ping_status":"open","sticky":false,"template":"","format":"standard","meta":[],"categories":[8,37,3052],"tags":[],"_links":{"self":[{"href":"https:\/\/www.mendoza.gov.ar\/prensa\/wp-json\/wp\/v2\/posts\/385715"}],"collection":[{"href":"https:\/\/www.mendoza.gov.ar\/prensa\/wp-json\/wp\/v2\/posts"}],"about":[{"href":"https:\/\/www.mendoza.gov.ar\/prensa\/wp-json\/wp\/v2\/types\/post"}],"author":[{"embeddable":true,"href":"https:\/\/www.mendoza.gov.ar\/prensa\/wp-json\/wp\/v2\/users\/61"}],"replies":[{"embeddable":true,"href":"https:\/\/www.mendoza.gov.ar\/prensa\/wp-json\/wp\/v2\/comments?post=385715"}],"version-history":[{"count":5,"href":"https:\/\/www.mendoza.gov.ar\/prensa\/wp-json\/wp\/v2\/posts\/385715\/revisions"}],"predecessor-version":[{"id":385772,"href":"https:\/\/www.mendoza.gov.ar\/prensa\/wp-json\/wp\/v2\/posts\/385715\/revisions\/385772"}],"wp:featuredmedia":[{"embeddable":true,"href":"https:\/\/www.mendoza.gov.ar\/prensa\/wp-json\/wp\/v2\/media\/385719"}],"wp:attachment":[{"href":"https:\/\/www.mendoza.gov.ar\/prensa\/wp-json\/wp\/v2\/media?parent=385715"}],"wp:term":[{"taxonomy":"category","embeddable":true,"href":"https:\/\/www.mendoza.gov.ar\/prensa\/wp-json\/wp\/v2\/categories?post=385715"},{"taxonomy":"post_tag","embeddable":true,"href":"https:\/\/www.mendoza.gov.ar\/prensa\/wp-json\/wp\/v2\/tags?post=385715"}],"curies":[{"name":"wp","href":"https:\/\/api.w.org\/{rel}","templated":true}]}}