{"id":385973,"date":"2023-11-27T08:09:43","date_gmt":"2023-11-27T11:09:43","guid":{"rendered":"https:\/\/www.mendoza.gov.ar\/prensa\/?p=385973"},"modified":"2023-11-27T11:57:03","modified_gmt":"2023-11-27T14:57:03","slug":"el-remo-de-regatas-logro-una-historica-actuacion-en-el-argentino-disputado-en-tigre","status":"publish","type":"post","link":"https:\/\/www.mendoza.gov.ar\/prensa\/el-remo-de-regatas-logro-una-historica-actuacion-en-el-argentino-disputado-en-tigre\/","title":{"rendered":"El remo de Regatas logr\u00f3 una hist\u00f3rica actuaci\u00f3n en el Argentino disputado en Tigre"},"content":{"rendered":"<!DOCTYPE html PUBLIC \"-\/\/W3C\/\/DTD HTML 4.0 Transitional\/\/EN\" \"http:\/\/www.w3.org\/TR\/REC-html40\/loose.dtd\">\n<html><body><h5><strong>La delegaci&oacute;n del club mendocino<\/strong> <strong>que brill&oacute; en el campeonato. Estuvo integrada por 45 remeros y <\/strong>logr&oacute; un desempe&ntilde;o hist&oacute;rico.<\/h5>\n\n\n\n<p><br>El equipo de remo del Club Mendoza de Regatas brill&oacute; en el Campeonato Argentino disputado recientemente en Tigre, Buenos Aires, al lograr un desempe&ntilde;o excepcional con una delegaci&oacute;n de 45 remeros.<\/p>\n\n\n\n<p>La joya de la corona fue la obtenci&oacute;n del tercer t&iacute;tulo consecutivo en la categor&iacute;a Senior 8+, consolidando el dominio en los a&ntilde;os 2021, 2022 y 2023. Esta haza&ntilde;a sin precedentes se llev&oacute; a cabo bajo la destacada gesti&oacute;n de Jorge Aguirre Toum, presidente del club. <\/p>\n\n\n\n<p>Hace tres a&ntilde;os, el equipo adquiri&oacute; un bote Hudson de &uacute;ltima generaci&oacute;n en Estados Unidos y, con &eacute;l, ha conquistado tres t&iacute;tulos consecutivos, y ha marcano as&iacute; un hito en la historia del remo argentino.<\/p>\n\n\n\n<p>En total, la delegaci&oacute;n del Club del Lago se llev&oacute; m&uacute;ltiples Campeonatos Argentinos y podios en diversas categor&iacute;as. Este &eacute;xito es el resultado del arduo trabajo de nuestros atletas y del compromiso de los entrenadores Eduardo L&oacute;pez y Pablo Scuri, quienes han dejado una huella imborrable con estos impresionantes resultados.<\/p>\n\n\n\n<p><strong>Resultados destacados<\/strong><\/p>\n\n\n\n<p><em>8+ Senior (Campe&oacute;n Argentino):<\/em><\/p>\n\n\n\n<p>Facundo Tersoglio<\/p>\n\n\n\n<p>Mart&iacute;n Mansilla<\/p>\n\n\n\n<p>Juan Cruz Nadal<\/p>\n\n\n\n<p>Gonzalo Buso<\/p>\n\n\n\n<p>Francisco Zanghi<\/p>\n\n\n\n<p>Lautaro Cappa<\/p>\n\n\n\n<p>Gast&oacute;n Bardini<\/p>\n\n\n\n<p>Franco Balasch<\/p>\n\n\n\n<p>Tim: Joel Infante<\/p>\n\n\n\n<p><em>1x Dama Junior (Campeona Argentina):<\/em><\/p>\n\n\n\n<p>Candela Cappa<\/p>\n\n\n\n<p><em>4- Sub-23 (Campe&oacute;n Argentino)<\/em><\/p>\n\n\n\n<p>Facundo Tersoglio<\/p>\n\n\n\n<p>Mart&iacute;n Mansilla<\/p>\n\n\n\n<p>Gast&oacute;n Bardini<\/p>\n\n\n\n<p>Franco Balasch<\/p>\n\n\n\n<p><em>4- Junior (Subcampe&oacute;n Argentino):<\/em><\/p>\n\n\n\n<p>Ignacio Navarro<\/p>\n\n\n\n<p>Marco Escalante<\/p>\n\n\n\n<p>Tomas Tibaldi<\/p>\n\n\n\n<p>Juan Sendra<\/p>\n\n\n\n<p><em>8+ Junior (Subcampe&oacute;n Argentino):<\/em><\/p>\n\n\n\n<p>Ignacio Navarro<\/p>\n\n\n\n<p>Marco Escalante<\/p>\n\n\n\n<p>Tomas Tibaldi<\/p>\n\n\n\n<p>Maximiliano Bonade<\/p>\n\n\n\n<p>Benjam&iacute;n Vitar<\/p>\n\n\n\n<p>Valent&iacute;n Pena<\/p>\n\n\n\n<p>Juan Sendra<\/p>\n\n\n\n<p>Santiago Cusimano<\/p>\n\n\n\n<p>Tim: Paula Mulet<\/p>\n\n\n\n<p><em>4x Menor (Subcampe&oacute;n Argentino):<\/em><\/p>\n\n\n\n<p>Valent&iacute;n Pena<\/p>\n\n\n\n<p>Marco Escalante<\/p>\n\n\n\n<p>Tomas Tibaldi<\/p>\n\n\n\n<p>Joaqu&iacute;n Peralta<\/p>\n\n\n\n<p>Desde la entidad deportiva del Parque General San Mart&iacute;n llegaron&nbsp;&nbsp;las felicitaciones &ldquo;a nuestros atletas por su dedicaci&oacute;n y esfuerzo, as&iacute; como a los entrenadores, por su invaluable contribuci&oacute;n a estos logros&rdquo;, destacaron.&nbsp;<\/p>\n\n\n\n<figure class=\"wp-block-gallery columns-3\"><ul class=\"blocks-gallery-grid\"><li class=\"blocks-gallery-item\"><figure><a href=\"https:\/\/www.mendoza.gov.ar\/wp-content\/uploads\/sites\/5\/2023\/11\/WhatsApp-Image-2023-11-17-at-10.38.07-768x576-1-700x525.jpeg\"><img loading=\"lazy\" width=\"700\" height=\"525\" src=\"https:\/\/www.mendoza.gov.ar\/wp-content\/uploads\/sites\/5\/2023\/11\/WhatsApp-Image-2023-11-17-at-10.38.07-768x576-1-700x525.jpeg\" alt=\"\" data-id=\"385974\" data-link=\"https:\/\/www.mendoza.gov.ar\/prensa\/?attachment_id=385974\" class=\"wp-image-385974 img-responsive center-block\" srcset=\"https:\/\/www.mendoza.gov.ar\/wp-content\/uploads\/sites\/5\/2023\/11\/WhatsApp-Image-2023-11-17-at-10.38.07-768x576-1-700x525.jpeg 700w, https:\/\/www.mendoza.gov.ar\/wp-content\/uploads\/sites\/5\/2023\/11\/WhatsApp-Image-2023-11-17-at-10.38.07-768x576-1-250x188.jpeg 250w, https:\/\/www.mendoza.gov.ar\/wp-content\/uploads\/sites\/5\/2023\/11\/WhatsApp-Image-2023-11-17-at-10.38.07-768x576-1-120x90.jpeg 120w, https:\/\/www.mendoza.gov.ar\/wp-content\/uploads\/sites\/5\/2023\/11\/WhatsApp-Image-2023-11-17-at-10.38.07-768x576-1.jpeg 768w\" sizes=\"(max-width: 700px) 100vw, 700px\"><\/a><\/figure><\/li><li class=\"blocks-gallery-item\"><figure><a href=\"https:\/\/www.mendoza.gov.ar\/wp-content\/uploads\/sites\/5\/2023\/11\/WhatsApp-Image-2023-11-17-at-10.38.07-2-e1700510014800-700x407.jpeg\"><img loading=\"lazy\" width=\"700\" height=\"407\" src=\"https:\/\/www.mendoza.gov.ar\/wp-content\/uploads\/sites\/5\/2023\/11\/WhatsApp-Image-2023-11-17-at-10.38.07-2-e1700510014800-700x407.jpeg\" alt=\"\" data-id=\"385975\" data-link=\"https:\/\/www.mendoza.gov.ar\/prensa\/?attachment_id=385975\" class=\"wp-image-385975 img-responsive center-block\" srcset=\"https:\/\/www.mendoza.gov.ar\/wp-content\/uploads\/sites\/5\/2023\/11\/WhatsApp-Image-2023-11-17-at-10.38.07-2-e1700510014800-700x407.jpeg 700w, https:\/\/www.mendoza.gov.ar\/wp-content\/uploads\/sites\/5\/2023\/11\/WhatsApp-Image-2023-11-17-at-10.38.07-2-e1700510014800-250x146.jpeg 250w, https:\/\/www.mendoza.gov.ar\/wp-content\/uploads\/sites\/5\/2023\/11\/WhatsApp-Image-2023-11-17-at-10.38.07-2-e1700510014800-768x447.jpeg 768w, https:\/\/www.mendoza.gov.ar\/wp-content\/uploads\/sites\/5\/2023\/11\/WhatsApp-Image-2023-11-17-at-10.38.07-2-e1700510014800-120x70.jpeg 120w, https:\/\/www.mendoza.gov.ar\/wp-content\/uploads\/sites\/5\/2023\/11\/WhatsApp-Image-2023-11-17-at-10.38.07-2-e1700510014800.jpeg 890w\" sizes=\"(max-width: 700px) 100vw, 700px\"><\/a><\/figure><\/li><li class=\"blocks-gallery-item\"><figure><a href=\"https:\/\/www.mendoza.gov.ar\/wp-content\/uploads\/sites\/5\/2023\/11\/WhatsApp-Image-2023-11-17-at-10.38.07-1-586x600-1.jpeg\"><img loading=\"lazy\" width=\"586\" height=\"600\" src=\"https:\/\/www.mendoza.gov.ar\/wp-content\/uploads\/sites\/5\/2023\/11\/WhatsApp-Image-2023-11-17-at-10.38.07-1-586x600-1.jpeg\" alt=\"\" data-id=\"385976\" data-link=\"https:\/\/www.mendoza.gov.ar\/prensa\/?attachment_id=385976\" class=\"wp-image-385976 img-responsive center-block\" srcset=\"https:\/\/www.mendoza.gov.ar\/wp-content\/uploads\/sites\/5\/2023\/11\/WhatsApp-Image-2023-11-17-at-10.38.07-1-586x600-1.jpeg 586w, https:\/\/www.mendoza.gov.ar\/wp-content\/uploads\/sites\/5\/2023\/11\/WhatsApp-Image-2023-11-17-at-10.38.07-1-586x600-1-250x256.jpeg 250w, https:\/\/www.mendoza.gov.ar\/wp-content\/uploads\/sites\/5\/2023\/11\/WhatsApp-Image-2023-11-17-at-10.38.07-1-586x600-1-120x123.jpeg 120w\" sizes=\"(max-width: 586px) 100vw, 586px\"><\/a><\/figure><\/li><li class=\"blocks-gallery-item\"><figure><a href=\"https:\/\/www.mendoza.gov.ar\/wp-content\/uploads\/sites\/5\/2023\/11\/barcremo_356647446_6722153567836219_4974198097908378377_n-800x570-1.jpg\"><img loading=\"lazy\" width=\"700\" height=\"499\" src=\"https:\/\/www.mendoza.gov.ar\/wp-content\/uploads\/sites\/5\/2023\/11\/barcremo_356647446_6722153567836219_4974198097908378377_n-800x570-1-700x499.jpg\" alt=\"\" data-id=\"385977\" data-full-url=\"https:\/\/www.mendoza.gov.ar\/wp-content\/uploads\/sites\/5\/2023\/11\/barcremo_356647446_6722153567836219_4974198097908378377_n-800x570-1.jpg\" data-link=\"https:\/\/www.mendoza.gov.ar\/prensa\/?attachment_id=385977\" class=\"wp-image-385977 img-responsive center-block\" srcset=\"https:\/\/www.mendoza.gov.ar\/wp-content\/uploads\/sites\/5\/2023\/11\/barcremo_356647446_6722153567836219_4974198097908378377_n-800x570-1-700x499.jpg 700w, https:\/\/www.mendoza.gov.ar\/wp-content\/uploads\/sites\/5\/2023\/11\/barcremo_356647446_6722153567836219_4974198097908378377_n-800x570-1-250x178.jpg 250w, https:\/\/www.mendoza.gov.ar\/wp-content\/uploads\/sites\/5\/2023\/11\/barcremo_356647446_6722153567836219_4974198097908378377_n-800x570-1-768x547.jpg 768w, https:\/\/www.mendoza.gov.ar\/wp-content\/uploads\/sites\/5\/2023\/11\/barcremo_356647446_6722153567836219_4974198097908378377_n-800x570-1-120x86.jpg 120w, https:\/\/www.mendoza.gov.ar\/wp-content\/uploads\/sites\/5\/2023\/11\/barcremo_356647446_6722153567836219_4974198097908378377_n-800x570-1.jpg 800w\" sizes=\"(max-width: 700px) 100vw, 700px\"><\/a><\/figure><\/li><\/ul><\/figure>\n<\/body><\/html>\n","protected":false},"excerpt":{"rendered":"La delegaci&oacute;n del club mendocino que brill&oacute; en el campeonato. Estuvo integrada por 45 remeros y logr&oacute; un desempe&ntilde;o hist&oacute;rico. El equipo de remo del Club Mendoza de Regatas brill&oacute; en el Campeonato Argentino disputado recientemente en Tigre, Buenos Aires, al lograr un desempe&ntilde;o excepcional con una delegaci&oacute;n de 45 remeros. La joya de la&#8230; <a class=\"view-article\" href=\"https:\/\/www.mendoza.gov.ar\/prensa\/el-remo-de-regatas-logro-una-historica-actuacion-en-el-argentino-disputado-en-tigre\/\"><\/a>","protected":false},"author":61,"featured_media":385977,"comment_status":"open","ping_status":"open","sticky":false,"template":"","format":"standard","meta":[],"categories":[10],"tags":[],"_links":{"self":[{"href":"https:\/\/www.mendoza.gov.ar\/prensa\/wp-json\/wp\/v2\/posts\/385973"}],"collection":[{"href":"https:\/\/www.mendoza.gov.ar\/prensa\/wp-json\/wp\/v2\/posts"}],"about":[{"href":"https:\/\/www.mendoza.gov.ar\/prensa\/wp-json\/wp\/v2\/types\/post"}],"author":[{"embeddable":true,"href":"https:\/\/www.mendoza.gov.ar\/prensa\/wp-json\/wp\/v2\/users\/61"}],"replies":[{"embeddable":true,"href":"https:\/\/www.mendoza.gov.ar\/prensa\/wp-json\/wp\/v2\/comments?post=385973"}],"version-history":[{"count":3,"href":"https:\/\/www.mendoza.gov.ar\/prensa\/wp-json\/wp\/v2\/posts\/385973\/revisions"}],"predecessor-version":[{"id":386056,"href":"https:\/\/www.mendoza.gov.ar\/prensa\/wp-json\/wp\/v2\/posts\/385973\/revisions\/386056"}],"wp:featuredmedia":[{"embeddable":true,"href":"https:\/\/www.mendoza.gov.ar\/prensa\/wp-json\/wp\/v2\/media\/385977"}],"wp:attachment":[{"href":"https:\/\/www.mendoza.gov.ar\/prensa\/wp-json\/wp\/v2\/media?parent=385973"}],"wp:term":[{"taxonomy":"category","embeddable":true,"href":"https:\/\/www.mendoza.gov.ar\/prensa\/wp-json\/wp\/v2\/categories?post=385973"},{"taxonomy":"post_tag","embeddable":true,"href":"https:\/\/www.mendoza.gov.ar\/prensa\/wp-json\/wp\/v2\/tags?post=385973"}],"curies":[{"name":"wp","href":"https:\/\/api.w.org\/{rel}","templated":true}]}}