{"id":386891,"date":"2023-12-01T18:09:50","date_gmt":"2023-12-01T21:09:50","guid":{"rendered":"https:\/\/www.mendoza.gov.ar\/prensa\/?p=386891"},"modified":"2023-12-01T19:04:16","modified_gmt":"2023-12-01T22:04:16","slug":"fisiatria-y-rehabilitacion-para-los-ninos-ninas-y-adolescentes-internados-en-el-ex-microhospital","status":"publish","type":"post","link":"https:\/\/www.mendoza.gov.ar\/prensa\/fisiatria-y-rehabilitacion-para-los-ninos-ninas-y-adolescentes-internados-en-el-ex-microhospital\/","title":{"rendered":"Fisiatr\u00eda y rehabilitaci\u00f3n para ni\u00f1os, ni\u00f1as y adolescentes internados en el Centro de Acompa\u00f1amiento Integral"},"content":{"rendered":"<!DOCTYPE html PUBLIC \"-\/\/W3C\/\/DTD HTML 4.0 Transitional\/\/EN\" \"http:\/\/www.w3.org\/TR\/REC-html40\/loose.dtd\">\n<html><body><h5>Las direcciones de Protecci&oacute;n (DGP) y de Discapacidad del Ministerio de Salud, Desarrollo Social y Deportes trabajan juntas en una estrategia de atenci&oacute;n para los m&aacute;s de 20 ni&ntilde;os, ni&ntilde;as y adolescentes alojados en el Centro de Acompa&ntilde;amiento Integral (CAI). Un equipo compuesto por kinesi&oacute;logos, fisiatras y enfermeros visitar&aacute; la instituci&oacute;n para evaluar caso por caso y establecer un tratamiento espec&iacute;fico seg&uacute;n la problem&aacute;tica de cada chico y chica.<\/h5>\n\n\n\n<p>Integrantes del Equipo T&eacute;cnico del Centro de Acompa&ntilde;amiento Integral (antes Microhospital), dependiente de la Direcci&oacute;n General de Protecci&oacute;n (DGP), junto a Integrantes de la Direcci&oacute;n Provincial de Discapacidad, trabajar&aacute;n unidos a fin de elevar la calidad de vida de los 24 ni&ntilde;os, ni&ntilde;as y adolescentes internados en la instituci&oacute;n.<\/p>\n\n\n\n<p>Espec&iacute;ficamente, las dos &aacute;reas que desde la &uacute;ltima semana de noviembre comenzaron una tarea mancomunada y sin&eacute;rgica en funci&oacute;n de la Protecci&oacute;n de Ni&ntilde;os, Ni&ntilde;as y Adolescentes son el &Aacute;rea de Salud del CAI y miembros del Equipo Interdisciplinario de Territorio de Fisiatr&iacute;a de la Direcci&oacute;n Provincial de Discapacidad.<\/p>\n\n\n\n<p>Ambos equipos compuestos por kinesi&oacute;logos, fisiatras y enfermeros, entre otros especialistas, elaboraran un plan de visitas a la instituci&oacute;n donde evaluar&aacute;n a cada ni&ntilde;o, ni&ntilde;a y adolescente que se encuentran alojados all&iacute; y que en su gran mayor&iacute;a tienen distintas discapacidades y problemas de salud que necesitan abordaje interdisciplinario y espec&iacute;fico para cada caso.<\/p>\n\n\n\n<p>De este modo, tras esta primera etapa evaluativa, los equipos intentar&aacute;n dise&ntilde;ar estrategias acordes a cada situaci&oacute;n basadas en t&eacute;cnicas de fisiatr&iacute;a y rehabilitaci&oacute;n que eleven la calidad de vida de estos ni&ntilde;os, ni&ntilde;as y adolescentes. Se apunta a que recuperen funciones corporales perdidas a ra&iacute;z de enfermedades o lesiones, atendiendo a la protecci&oacute;n corresponsable de sus derechos integrales.<\/p>\n\n\n\n<p>Incluso, desde los equipos se analiza la posibilidad de a trav&eacute;s de este proyecto de proveer al CAI de elementos b&aacute;sicos para rehabilitaci&oacute;n a trav&eacute;s del Programa Nacional Incluir Salud, como sillas de ruedas y otros insumos ortop&eacute;dicos atendiendo al bienestar superior de quienes transcurren sus d&iacute;as en la instituci&oacute;n.<\/p>\n\n\n\n<p>En su totalidad, los ni&ntilde;os y ni&ntilde;as internados en el CAI est&aacute;n bajo el cuidado y protecci&oacute;n del Estado provincial, a trav&eacute;s de Medidas Excepcionales de Derecho ante la ausencia de red familiar y comunitaria o la imposibilidad de estas de hacer frente a distintos tipos de cuidado que requieren a fin de garantizar integralmente la totalidad de sus derechos.<\/p>\n\n\n\n<p>Igualmente, otro factor destacable de este proyecto conjunto, que desde la Direcci&oacute;n Provincial de Discapacidad tiene como referente al doctor Ram&oacute;n Dorado, ser&aacute; la capacitaci&oacute;n permanente para integrantes del equipo del CAI en materia de posturas, terapias individuales, elementos ortop&eacute;dicos acordes y adaptaciones especiales de estos elementos para cada caso particular.<\/p>\n\n\n\n<p>&ldquo;Este trabajo con la Direcci&oacute;n de Discapacidad ser&aacute; sistem&aacute;tico y el objetivo primordial es, adem&aacute;s de elevar la calidad de vida de los ni&ntilde;os y ni&ntilde;as, colaborar para eliminar barreras, m&aacute;s all&aacute; de las limitaciones espec&iacute;ficas de cada uno puede tener por su discapacidad. La idea es que obtengan la mayor autonom&iacute;a posible en su d&iacute;a a d&iacute;a, en el juego y en su desarrollo en general&rdquo;, enfatiz&oacute; el licenciado Mart&iacute;n Zibelman, coordinador del Centro de Acompa&ntilde;amiento Integral.<\/p>\n\n\n\n<figure class=\"wp-block-gallery columns-2\"><ul class=\"blocks-gallery-grid\"><li class=\"blocks-gallery-item\"><figure><a href=\"https:\/\/www.mendoza.gov.ar\/wp-content\/uploads\/sites\/5\/2023\/12\/WhatsApp-Image-2023-12-01-at-17.29.38.jpeg\"><img loading=\"lazy\" width=\"700\" height=\"525\" src=\"https:\/\/www.mendoza.gov.ar\/wp-content\/uploads\/sites\/5\/2023\/12\/WhatsApp-Image-2023-12-01-at-17.29.38-700x525.jpeg\" alt=\"\" data-id=\"386892\" data-full-url=\"https:\/\/www.mendoza.gov.ar\/wp-content\/uploads\/sites\/5\/2023\/12\/WhatsApp-Image-2023-12-01-at-17.29.38.jpeg\" data-link=\"https:\/\/www.mendoza.gov.ar\/prensa\/?attachment_id=386892\" class=\"wp-image-386892 img-responsive center-block\" srcset=\"https:\/\/www.mendoza.gov.ar\/wp-content\/uploads\/sites\/5\/2023\/12\/WhatsApp-Image-2023-12-01-at-17.29.38-700x525.jpeg 700w, https:\/\/www.mendoza.gov.ar\/wp-content\/uploads\/sites\/5\/2023\/12\/WhatsApp-Image-2023-12-01-at-17.29.38-250x188.jpeg 250w, https:\/\/www.mendoza.gov.ar\/wp-content\/uploads\/sites\/5\/2023\/12\/WhatsApp-Image-2023-12-01-at-17.29.38-768x576.jpeg 768w, https:\/\/www.mendoza.gov.ar\/wp-content\/uploads\/sites\/5\/2023\/12\/WhatsApp-Image-2023-12-01-at-17.29.38-120x90.jpeg 120w, https:\/\/www.mendoza.gov.ar\/wp-content\/uploads\/sites\/5\/2023\/12\/WhatsApp-Image-2023-12-01-at-17.29.38.jpeg 1024w\" sizes=\"(max-width: 700px) 100vw, 700px\"><\/a><\/figure><\/li><li class=\"blocks-gallery-item\"><figure><a href=\"https:\/\/www.mendoza.gov.ar\/wp-content\/uploads\/sites\/5\/2023\/12\/WhatsApp-Image-2023-12-01-at-17.29.37.jpeg\"><img src=\"https:\/\/www.mendoza.gov.ar\/wp-content\/uploads\/sites\/5\/2023\/12\/WhatsApp-Image-2023-12-01-at-17.29.37-700x394.jpeg\" alt=\"\" data-id=\"386893\" data-full-url=\"https:\/\/www.mendoza.gov.ar\/wp-content\/uploads\/sites\/5\/2023\/12\/WhatsApp-Image-2023-12-01-at-17.29.37.jpeg\" data-link=\"https:\/\/www.mendoza.gov.ar\/prensa\/?attachment_id=386893\" class=\"wp-image-386893 img-responsive center-block\"><\/a><\/figure><\/li><\/ul><\/figure>\n<\/body><\/html>\n","protected":false},"excerpt":{"rendered":"Las direcciones de Protecci&oacute;n (DGP) y de Discapacidad del Ministerio de Salud, Desarrollo Social y Deportes trabajan juntas en una estrategia de atenci&oacute;n para los m&aacute;s de 20 ni&ntilde;os, ni&ntilde;as y adolescentes alojados en el Centro de Acompa&ntilde;amiento Integral (CAI). Un equipo compuesto por kinesi&oacute;logos, fisiatras y enfermeros visitar&aacute; la instituci&oacute;n para evaluar caso por&#8230; <a class=\"view-article\" href=\"https:\/\/www.mendoza.gov.ar\/prensa\/fisiatria-y-rehabilitacion-para-los-ninos-ninas-y-adolescentes-internados-en-el-ex-microhospital\/\"><\/a>","protected":false},"author":63,"featured_media":386893,"comment_status":"open","ping_status":"open","sticky":false,"template":"","format":"standard","meta":[],"categories":[11,32],"tags":[],"_links":{"self":[{"href":"https:\/\/www.mendoza.gov.ar\/prensa\/wp-json\/wp\/v2\/posts\/386891"}],"collection":[{"href":"https:\/\/www.mendoza.gov.ar\/prensa\/wp-json\/wp\/v2\/posts"}],"about":[{"href":"https:\/\/www.mendoza.gov.ar\/prensa\/wp-json\/wp\/v2\/types\/post"}],"author":[{"embeddable":true,"href":"https:\/\/www.mendoza.gov.ar\/prensa\/wp-json\/wp\/v2\/users\/63"}],"replies":[{"embeddable":true,"href":"https:\/\/www.mendoza.gov.ar\/prensa\/wp-json\/wp\/v2\/comments?post=386891"}],"version-history":[{"count":3,"href":"https:\/\/www.mendoza.gov.ar\/prensa\/wp-json\/wp\/v2\/posts\/386891\/revisions"}],"predecessor-version":[{"id":386913,"href":"https:\/\/www.mendoza.gov.ar\/prensa\/wp-json\/wp\/v2\/posts\/386891\/revisions\/386913"}],"wp:featuredmedia":[{"embeddable":true,"href":"https:\/\/www.mendoza.gov.ar\/prensa\/wp-json\/wp\/v2\/media\/386893"}],"wp:attachment":[{"href":"https:\/\/www.mendoza.gov.ar\/prensa\/wp-json\/wp\/v2\/media?parent=386891"}],"wp:term":[{"taxonomy":"category","embeddable":true,"href":"https:\/\/www.mendoza.gov.ar\/prensa\/wp-json\/wp\/v2\/categories?post=386891"},{"taxonomy":"post_tag","embeddable":true,"href":"https:\/\/www.mendoza.gov.ar\/prensa\/wp-json\/wp\/v2\/tags?post=386891"}],"curies":[{"name":"wp","href":"https:\/\/api.w.org\/{rel}","templated":true}]}}