{"id":387204,"date":"2023-12-05T15:06:22","date_gmt":"2023-12-05T18:06:22","guid":{"rendered":"https:\/\/www.mendoza.gov.ar\/prensa\/?p=387204"},"modified":"2023-12-05T15:27:12","modified_gmt":"2023-12-05T18:27:12","slug":"la-direccion-de-adultos-mayores-celebro-sus-primeros-100-anos-de-vida","status":"publish","type":"post","link":"https:\/\/www.mendoza.gov.ar\/prensa\/la-direccion-de-adultos-mayores-celebro-sus-primeros-100-anos-de-vida\/","title":{"rendered":"La Direcci\u00f3n de Adultos Mayores celebr\u00f3 sus primeros 100 a\u00f1os de vida"},"content":{"rendered":"<!DOCTYPE html PUBLIC \"-\/\/W3C\/\/DTD HTML 4.0 Transitional\/\/EN\" \"http:\/\/www.w3.org\/TR\/REC-html40\/loose.dtd\">\n<html><body><h5>Durante el acto, tambi&eacute;n se puso en valor del edificio que alberga la Direcci&oacute;n de Atenci&oacute;n de Adultos Mayores del Gobierno de Mendoza y las oficinas de la C&aacute;mara de Diputados. Esta joya arquitect&oacute;nica, situada en la esquina de calle Patricias Mendocinas y Rivadavia, fue declarada Patrimonio Cultural de la Provincia en 2000.<\/h5>\n\n\n\n<p>En un emotivo acto, se celebr&oacute; el centenario de la creaci&oacute;n de la Direcci&oacute;n de Atenci&oacute;n de Adultos Mayores, un hito que marc&oacute; su origen bajo el nombre de Caja Obrera de Pensi&oacute;n a la Vejez e Invalidez, gestada en noviembre de 1923 durante el gobierno de Carlos Washington Lencinas.<\/p>\n\n\n\n<p>La celebraci&oacute;n fue m&aacute;s que un acto, ya que se llev&oacute; a cabo una significativa puesta en valor del edificio que alberga la Direcci&oacute;n de Atenci&oacute;n de Adultos Mayores del Gobierno de Mendoza y a las oficinas de la C&aacute;mara de Diputados. Esta joya arquitect&oacute;nica, situada en la esquina de calle Patricias Mendocinas y Rivadavia, fue declarada Patrimonio Cultural de la Provincia en 2000.<\/p>\n\n\n\n<p>Para conmemorar estos 100 a&ntilde;os, el profesor Mauricio Correa realiz&oacute; una revisi&oacute;n hist&oacute;rica que qued&oacute; plasmada en un libro que fue presentado en el acto y que puede ser le&iacute;do y descargado de forma gratuita <a href=\"https:\/\/es.scribd.com\/document\/686473673\/Recomendaciones-Para-Una-Comunicacion-Responsable-Con-Las-Personas-Mayores-Gobierno-de-Mendoza-Argentina\">aqu&iacute;<\/a>. <\/p>\n\n\n\n<p>En el encuentro se entregaron reconocimientos a los exdirectores Ulpiano Suarez, quien fue el primer director de la vuelta a la democracia, y a Estela P&eacute;rez de Flamarique, quien tambi&eacute;n ocup&oacute; ese cargo. Adem&aacute;s, se distingui&oacute; a los empleados Sonia Marianetti, Ra&uacute;l Pessina, Antonio Alaniz y Pedro Sosa, quienes por su antig&uuml;edad forman parte de la historia de la instituci&oacute;n.<\/p>\n\n\n\n<p>Estuvieron presentes adem&aacute;s Aldo S&aacute;ez, director de Atenci&oacute;n a Adultos Mayores; Alejandro Ver&oacute;n, subsecretario de Desarrollo Social; Gabriela Ju&aacute;rez, directora de Discapacidad; Andr&eacute;s Lombrardi, presidente de la C&aacute;mara de Diputados, el diputado Edgardo Civit Evans (PDJ) y la diputada Sandra Astudillo (UCR), entre otras autoridades del Poder Ejecutivo Provincial.<\/p>\n\n\n\n<p><strong>Historia y compromiso con la comunidad<\/strong><\/p>\n\n\n\n<p>En 1940 se adquiri&oacute; la vivienda de Lucio Bustos para construir las sedes administrativas de la Caja de Jubilaciones y Pensiones Civiles y la Caja de Pensi&oacute;n a la Vejez e Invalidez. Castellone la construy&oacute; entre 1941 y 1943, con la direcci&oacute;n arquitect&oacute;nica de Jorge Arturo Civit.<\/p>\n\n\n\n<p>Desde su dise&ntilde;o de conjunto aparenta un solo inmueble desde el espacio p&uacute;blico, su organizaci&oacute;n funcional deja ver que su destino de origen fue albergar dos instituciones separadas.<\/p>\n\n\n\n<p>En 2000, los dos edificios (Rivadavia 292 y Patricias Mendocinas 973) fueron declarados Patrimonio Cultural de la Provincia mediante el Decreto 2492, Disposici&oacute;n 003\/00.<\/p>\n\n\n\n<p><strong>Restauraci&oacute;n supervisada<\/strong><\/p>\n\n\n\n<p>Todos los trabajos de restauraci&oacute;n fueron supervisados por la Direcci&oacute;n de Patrimonio de la Provincia, incluyendo una profunda investigaci&oacute;n hist&oacute;rica sobre el edificio y el estilo arquitect&oacute;nico empleado. La restauraci&oacute;n abarc&oacute; la pintura, reparaci&oacute;n y restauraci&oacute;n de muebles, as&iacute; como la puesta en valor de vitrales.<\/p>\n\n\n\n<p>La puesta en valor, realizada por la Direcci&oacute;n de Adultos Mayores y la C&aacute;mara de Diputados, tiene como objetivo permitir que la sociedad mendocina explore este tesoro hist&oacute;rico. La Direcci&oacute;n de Patrimonio de la Provincia lo ha incorporado dentro del &aacute;rea de museos y en los recorridos de Patrimonio, siendo accesible de forma gratuita de lunes a viernes de 8 a 13.<\/p>\n\n\n\n<p>Este centenario no solo celebra el pasado sino que tambi&eacute;n proyecta un futuro donde este edificio contin&uacute;e siendo un testamento vivo del compromiso de Mendoza con las personas mayores.<\/p>\n\n\n\n<p><strong>M&aacute;s informaci&oacute;n<\/strong><\/p>\n\n\n\n<p>Facebook:&nbsp;<a rel=\"noreferrer noopener\" href=\"https:\/\/www.facebook.com\/AdultosMayoresMendozaOficial\" target=\"_blank\">https:\/\/www.facebook.com\/AdultosMayoresMendozaOficial<\/a>.<\/p>\n\n\n\n<p>WhatsApp:&nbsp;<a rel=\"noreferrer noopener\" href=\"https:\/\/wa.me\/5492612785090\" target=\"_blank\">https:\/\/wa.me\/5492612785090<\/a>.<\/p>\n\n\n\n<p>Instagram:&nbsp;<a rel=\"noreferrer noopener\" href=\"https:\/\/www.instagram.com\/adultosmayoresmendoza\/\" target=\"_blank\">https:\/\/www.instagram.com\/adultosmayoresmendoza\/<\/a>.<\/p>\n\n\n\n<p>Twitter:&nbsp;<a rel=\"noreferrer noopener\" href=\"https:\/\/twitter.com\/AMayoresmza\" target=\"_blank\">https:\/\/twitter.com\/AMayoresmza<\/a>.<\/p>\n\n\n\n<figure class=\"wp-block-gallery columns-3\"><ul class=\"blocks-gallery-grid\"><li class=\"blocks-gallery-item\"><figure><a href=\"https:\/\/www.mendoza.gov.ar\/wp-content\/uploads\/sites\/5\/2023\/12\/1000254993.jpg\"><img loading=\"lazy\" width=\"700\" height=\"467\" src=\"https:\/\/www.mendoza.gov.ar\/wp-content\/uploads\/sites\/5\/2023\/12\/1000254993-700x467.jpg\" alt=\"\" data-id=\"387205\" data-full-url=\"https:\/\/www.mendoza.gov.ar\/wp-content\/uploads\/sites\/5\/2023\/12\/1000254993.jpg\" data-link=\"https:\/\/www.mendoza.gov.ar\/prensa\/?attachment_id=387205\" class=\"wp-image-387205 img-responsive center-block\" srcset=\"https:\/\/www.mendoza.gov.ar\/wp-content\/uploads\/sites\/5\/2023\/12\/1000254993-700x467.jpg 700w, https:\/\/www.mendoza.gov.ar\/wp-content\/uploads\/sites\/5\/2023\/12\/1000254993-250x167.jpg 250w, https:\/\/www.mendoza.gov.ar\/wp-content\/uploads\/sites\/5\/2023\/12\/1000254993-768x512.jpg 768w, https:\/\/www.mendoza.gov.ar\/wp-content\/uploads\/sites\/5\/2023\/12\/1000254993-1536x1024.jpg 1536w, https:\/\/www.mendoza.gov.ar\/wp-content\/uploads\/sites\/5\/2023\/12\/1000254993-2048x1365.jpg 2048w, https:\/\/www.mendoza.gov.ar\/wp-content\/uploads\/sites\/5\/2023\/12\/1000254993-120x80.jpg 120w\" sizes=\"(max-width: 700px) 100vw, 700px\"><\/a><\/figure><\/li><li class=\"blocks-gallery-item\"><figure><a href=\"https:\/\/www.mendoza.gov.ar\/wp-content\/uploads\/sites\/5\/2023\/12\/1000254989.jpg\"><img loading=\"lazy\" width=\"700\" height=\"467\" src=\"https:\/\/www.mendoza.gov.ar\/wp-content\/uploads\/sites\/5\/2023\/12\/1000254989-700x467.jpg\" alt=\"\" data-id=\"387206\" data-full-url=\"https:\/\/www.mendoza.gov.ar\/wp-content\/uploads\/sites\/5\/2023\/12\/1000254989.jpg\" data-link=\"https:\/\/www.mendoza.gov.ar\/prensa\/?attachment_id=387206\" class=\"wp-image-387206 img-responsive center-block\" srcset=\"https:\/\/www.mendoza.gov.ar\/wp-content\/uploads\/sites\/5\/2023\/12\/1000254989-700x467.jpg 700w, https:\/\/www.mendoza.gov.ar\/wp-content\/uploads\/sites\/5\/2023\/12\/1000254989-250x167.jpg 250w, https:\/\/www.mendoza.gov.ar\/wp-content\/uploads\/sites\/5\/2023\/12\/1000254989-768x512.jpg 768w, https:\/\/www.mendoza.gov.ar\/wp-content\/uploads\/sites\/5\/2023\/12\/1000254989-1536x1024.jpg 1536w, https:\/\/www.mendoza.gov.ar\/wp-content\/uploads\/sites\/5\/2023\/12\/1000254989-2048x1365.jpg 2048w, https:\/\/www.mendoza.gov.ar\/wp-content\/uploads\/sites\/5\/2023\/12\/1000254989-120x80.jpg 120w\" sizes=\"(max-width: 700px) 100vw, 700px\"><\/a><\/figure><\/li><li class=\"blocks-gallery-item\"><figure><a href=\"https:\/\/www.mendoza.gov.ar\/wp-content\/uploads\/sites\/5\/2023\/12\/1000254990.jpg\"><img loading=\"lazy\" width=\"700\" height=\"467\" src=\"https:\/\/www.mendoza.gov.ar\/wp-content\/uploads\/sites\/5\/2023\/12\/1000254990-700x467.jpg\" alt=\"\" data-id=\"387207\" data-full-url=\"https:\/\/www.mendoza.gov.ar\/wp-content\/uploads\/sites\/5\/2023\/12\/1000254990.jpg\" data-link=\"https:\/\/www.mendoza.gov.ar\/prensa\/?attachment_id=387207\" class=\"wp-image-387207 img-responsive center-block\" srcset=\"https:\/\/www.mendoza.gov.ar\/wp-content\/uploads\/sites\/5\/2023\/12\/1000254990-700x467.jpg 700w, https:\/\/www.mendoza.gov.ar\/wp-content\/uploads\/sites\/5\/2023\/12\/1000254990-250x167.jpg 250w, https:\/\/www.mendoza.gov.ar\/wp-content\/uploads\/sites\/5\/2023\/12\/1000254990-768x512.jpg 768w, https:\/\/www.mendoza.gov.ar\/wp-content\/uploads\/sites\/5\/2023\/12\/1000254990-1536x1024.jpg 1536w, https:\/\/www.mendoza.gov.ar\/wp-content\/uploads\/sites\/5\/2023\/12\/1000254990-2048x1365.jpg 2048w, https:\/\/www.mendoza.gov.ar\/wp-content\/uploads\/sites\/5\/2023\/12\/1000254990-120x80.jpg 120w\" sizes=\"(max-width: 700px) 100vw, 700px\"><\/a><\/figure><\/li><li class=\"blocks-gallery-item\"><figure><a href=\"https:\/\/www.mendoza.gov.ar\/wp-content\/uploads\/sites\/5\/2023\/12\/1000254988.jpg\"><img loading=\"lazy\" width=\"700\" height=\"467\" src=\"https:\/\/www.mendoza.gov.ar\/wp-content\/uploads\/sites\/5\/2023\/12\/1000254988-700x467.jpg\" alt=\"\" data-id=\"387208\" data-full-url=\"https:\/\/www.mendoza.gov.ar\/wp-content\/uploads\/sites\/5\/2023\/12\/1000254988.jpg\" data-link=\"https:\/\/www.mendoza.gov.ar\/prensa\/?attachment_id=387208\" class=\"wp-image-387208 img-responsive center-block\" srcset=\"https:\/\/www.mendoza.gov.ar\/wp-content\/uploads\/sites\/5\/2023\/12\/1000254988-700x467.jpg 700w, https:\/\/www.mendoza.gov.ar\/wp-content\/uploads\/sites\/5\/2023\/12\/1000254988-250x167.jpg 250w, https:\/\/www.mendoza.gov.ar\/wp-content\/uploads\/sites\/5\/2023\/12\/1000254988-768x512.jpg 768w, https:\/\/www.mendoza.gov.ar\/wp-content\/uploads\/sites\/5\/2023\/12\/1000254988-1536x1024.jpg 1536w, https:\/\/www.mendoza.gov.ar\/wp-content\/uploads\/sites\/5\/2023\/12\/1000254988-2048x1365.jpg 2048w, https:\/\/www.mendoza.gov.ar\/wp-content\/uploads\/sites\/5\/2023\/12\/1000254988-120x80.jpg 120w\" sizes=\"(max-width: 700px) 100vw, 700px\"><\/a><\/figure><\/li><li class=\"blocks-gallery-item\"><figure><a href=\"https:\/\/www.mendoza.gov.ar\/wp-content\/uploads\/sites\/5\/2023\/12\/1000254975.jpg\"><img loading=\"lazy\" width=\"700\" height=\"467\" src=\"https:\/\/www.mendoza.gov.ar\/wp-content\/uploads\/sites\/5\/2023\/12\/1000254975-700x467.jpg\" alt=\"\" data-id=\"387209\" data-full-url=\"https:\/\/www.mendoza.gov.ar\/wp-content\/uploads\/sites\/5\/2023\/12\/1000254975.jpg\" data-link=\"https:\/\/www.mendoza.gov.ar\/prensa\/?attachment_id=387209\" class=\"wp-image-387209 img-responsive center-block\" srcset=\"https:\/\/www.mendoza.gov.ar\/wp-content\/uploads\/sites\/5\/2023\/12\/1000254975-700x467.jpg 700w, https:\/\/www.mendoza.gov.ar\/wp-content\/uploads\/sites\/5\/2023\/12\/1000254975-250x167.jpg 250w, https:\/\/www.mendoza.gov.ar\/wp-content\/uploads\/sites\/5\/2023\/12\/1000254975-768x512.jpg 768w, https:\/\/www.mendoza.gov.ar\/wp-content\/uploads\/sites\/5\/2023\/12\/1000254975-1536x1024.jpg 1536w, https:\/\/www.mendoza.gov.ar\/wp-content\/uploads\/sites\/5\/2023\/12\/1000254975-2048x1365.jpg 2048w, https:\/\/www.mendoza.gov.ar\/wp-content\/uploads\/sites\/5\/2023\/12\/1000254975-120x80.jpg 120w\" sizes=\"(max-width: 700px) 100vw, 700px\"><\/a><\/figure><\/li><li class=\"blocks-gallery-item\"><figure><a href=\"https:\/\/www.mendoza.gov.ar\/wp-content\/uploads\/sites\/5\/2023\/12\/1000254962.jpg\"><img loading=\"lazy\" width=\"700\" height=\"467\" src=\"https:\/\/www.mendoza.gov.ar\/wp-content\/uploads\/sites\/5\/2023\/12\/1000254962-700x467.jpg\" alt=\"\" data-id=\"387210\" data-full-url=\"https:\/\/www.mendoza.gov.ar\/wp-content\/uploads\/sites\/5\/2023\/12\/1000254962.jpg\" data-link=\"https:\/\/www.mendoza.gov.ar\/prensa\/?attachment_id=387210\" class=\"wp-image-387210 img-responsive center-block\" srcset=\"https:\/\/www.mendoza.gov.ar\/wp-content\/uploads\/sites\/5\/2023\/12\/1000254962-700x467.jpg 700w, https:\/\/www.mendoza.gov.ar\/wp-content\/uploads\/sites\/5\/2023\/12\/1000254962-250x167.jpg 250w, https:\/\/www.mendoza.gov.ar\/wp-content\/uploads\/sites\/5\/2023\/12\/1000254962-768x512.jpg 768w, https:\/\/www.mendoza.gov.ar\/wp-content\/uploads\/sites\/5\/2023\/12\/1000254962-1536x1024.jpg 1536w, https:\/\/www.mendoza.gov.ar\/wp-content\/uploads\/sites\/5\/2023\/12\/1000254962-2048x1365.jpg 2048w, https:\/\/www.mendoza.gov.ar\/wp-content\/uploads\/sites\/5\/2023\/12\/1000254962-120x80.jpg 120w\" sizes=\"(max-width: 700px) 100vw, 700px\"><\/a><\/figure><\/li><li class=\"blocks-gallery-item\"><figure><a href=\"https:\/\/www.mendoza.gov.ar\/wp-content\/uploads\/sites\/5\/2023\/12\/1000254956.jpg\"><img loading=\"lazy\" width=\"700\" height=\"467\" src=\"https:\/\/www.mendoza.gov.ar\/wp-content\/uploads\/sites\/5\/2023\/12\/1000254956-700x467.jpg\" alt=\"\" data-id=\"387211\" data-full-url=\"https:\/\/www.mendoza.gov.ar\/wp-content\/uploads\/sites\/5\/2023\/12\/1000254956.jpg\" data-link=\"https:\/\/www.mendoza.gov.ar\/prensa\/?attachment_id=387211\" class=\"wp-image-387211 img-responsive center-block\" srcset=\"https:\/\/www.mendoza.gov.ar\/wp-content\/uploads\/sites\/5\/2023\/12\/1000254956-700x467.jpg 700w, https:\/\/www.mendoza.gov.ar\/wp-content\/uploads\/sites\/5\/2023\/12\/1000254956-250x167.jpg 250w, https:\/\/www.mendoza.gov.ar\/wp-content\/uploads\/sites\/5\/2023\/12\/1000254956-768x512.jpg 768w, https:\/\/www.mendoza.gov.ar\/wp-content\/uploads\/sites\/5\/2023\/12\/1000254956-1536x1024.jpg 1536w, https:\/\/www.mendoza.gov.ar\/wp-content\/uploads\/sites\/5\/2023\/12\/1000254956-2048x1365.jpg 2048w, https:\/\/www.mendoza.gov.ar\/wp-content\/uploads\/sites\/5\/2023\/12\/1000254956-120x80.jpg 120w\" sizes=\"(max-width: 700px) 100vw, 700px\"><\/a><\/figure><\/li><li class=\"blocks-gallery-item\"><figure><a href=\"https:\/\/www.mendoza.gov.ar\/wp-content\/uploads\/sites\/5\/2023\/12\/1000254971.jpg\"><img loading=\"lazy\" width=\"700\" height=\"467\" src=\"https:\/\/www.mendoza.gov.ar\/wp-content\/uploads\/sites\/5\/2023\/12\/1000254971-700x467.jpg\" alt=\"\" data-id=\"387212\" data-full-url=\"https:\/\/www.mendoza.gov.ar\/wp-content\/uploads\/sites\/5\/2023\/12\/1000254971.jpg\" data-link=\"https:\/\/www.mendoza.gov.ar\/prensa\/?attachment_id=387212\" class=\"wp-image-387212 img-responsive center-block\" srcset=\"https:\/\/www.mendoza.gov.ar\/wp-content\/uploads\/sites\/5\/2023\/12\/1000254971-700x467.jpg 700w, https:\/\/www.mendoza.gov.ar\/wp-content\/uploads\/sites\/5\/2023\/12\/1000254971-250x167.jpg 250w, https:\/\/www.mendoza.gov.ar\/wp-content\/uploads\/sites\/5\/2023\/12\/1000254971-768x512.jpg 768w, https:\/\/www.mendoza.gov.ar\/wp-content\/uploads\/sites\/5\/2023\/12\/1000254971-1536x1024.jpg 1536w, https:\/\/www.mendoza.gov.ar\/wp-content\/uploads\/sites\/5\/2023\/12\/1000254971-2048x1365.jpg 2048w, https:\/\/www.mendoza.gov.ar\/wp-content\/uploads\/sites\/5\/2023\/12\/1000254971-120x80.jpg 120w\" sizes=\"(max-width: 700px) 100vw, 700px\"><\/a><\/figure><\/li><li class=\"blocks-gallery-item\"><figure><a href=\"https:\/\/www.mendoza.gov.ar\/wp-content\/uploads\/sites\/5\/2023\/12\/1000254973.jpg\"><img loading=\"lazy\" width=\"700\" height=\"467\" src=\"https:\/\/www.mendoza.gov.ar\/wp-content\/uploads\/sites\/5\/2023\/12\/1000254973-700x467.jpg\" alt=\"\" data-id=\"387213\" data-full-url=\"https:\/\/www.mendoza.gov.ar\/wp-content\/uploads\/sites\/5\/2023\/12\/1000254973.jpg\" data-link=\"https:\/\/www.mendoza.gov.ar\/prensa\/?attachment_id=387213\" class=\"wp-image-387213 img-responsive center-block\" srcset=\"https:\/\/www.mendoza.gov.ar\/wp-content\/uploads\/sites\/5\/2023\/12\/1000254973-700x467.jpg 700w, https:\/\/www.mendoza.gov.ar\/wp-content\/uploads\/sites\/5\/2023\/12\/1000254973-250x167.jpg 250w, https:\/\/www.mendoza.gov.ar\/wp-content\/uploads\/sites\/5\/2023\/12\/1000254973-768x512.jpg 768w, https:\/\/www.mendoza.gov.ar\/wp-content\/uploads\/sites\/5\/2023\/12\/1000254973-1536x1024.jpg 1536w, https:\/\/www.mendoza.gov.ar\/wp-content\/uploads\/sites\/5\/2023\/12\/1000254973-2048x1365.jpg 2048w, https:\/\/www.mendoza.gov.ar\/wp-content\/uploads\/sites\/5\/2023\/12\/1000254973-120x80.jpg 120w\" sizes=\"(max-width: 700px) 100vw, 700px\"><\/a><\/figure><\/li><li class=\"blocks-gallery-item\"><figure><a href=\"https:\/\/www.mendoza.gov.ar\/wp-content\/uploads\/sites\/5\/2023\/12\/1000254948.jpg\"><img src=\"https:\/\/www.mendoza.gov.ar\/wp-content\/uploads\/sites\/5\/2023\/12\/1000254948-700x467.jpg\" alt=\"\" data-id=\"387214\" data-full-url=\"https:\/\/www.mendoza.gov.ar\/wp-content\/uploads\/sites\/5\/2023\/12\/1000254948.jpg\" data-link=\"https:\/\/www.mendoza.gov.ar\/prensa\/?attachment_id=387214\" class=\"wp-image-387214 img-responsive center-block\"><\/a><\/figure><\/li><\/ul><\/figure>\n<\/body><\/html>\n","protected":false},"excerpt":{"rendered":"Durante el acto, tambi&eacute;n se puso en valor del edificio que alberga la Direcci&oacute;n de Atenci&oacute;n de Adultos Mayores del Gobierno de Mendoza y las oficinas de la C&aacute;mara de Diputados. Esta joya arquitect&oacute;nica, situada en la esquina de calle Patricias Mendocinas y Rivadavia, fue declarada Patrimonio Cultural de la Provincia en 2000. En un&#8230; <a class=\"view-article\" href=\"https:\/\/www.mendoza.gov.ar\/prensa\/la-direccion-de-adultos-mayores-celebro-sus-primeros-100-anos-de-vida\/\"><\/a>","protected":false},"author":63,"featured_media":387214,"comment_status":"open","ping_status":"open","sticky":false,"template":"","format":"standard","meta":[],"categories":[11],"tags":[],"_links":{"self":[{"href":"https:\/\/www.mendoza.gov.ar\/prensa\/wp-json\/wp\/v2\/posts\/387204"}],"collection":[{"href":"https:\/\/www.mendoza.gov.ar\/prensa\/wp-json\/wp\/v2\/posts"}],"about":[{"href":"https:\/\/www.mendoza.gov.ar\/prensa\/wp-json\/wp\/v2\/types\/post"}],"author":[{"embeddable":true,"href":"https:\/\/www.mendoza.gov.ar\/prensa\/wp-json\/wp\/v2\/users\/63"}],"replies":[{"embeddable":true,"href":"https:\/\/www.mendoza.gov.ar\/prensa\/wp-json\/wp\/v2\/comments?post=387204"}],"version-history":[{"count":3,"href":"https:\/\/www.mendoza.gov.ar\/prensa\/wp-json\/wp\/v2\/posts\/387204\/revisions"}],"predecessor-version":[{"id":387223,"href":"https:\/\/www.mendoza.gov.ar\/prensa\/wp-json\/wp\/v2\/posts\/387204\/revisions\/387223"}],"wp:featuredmedia":[{"embeddable":true,"href":"https:\/\/www.mendoza.gov.ar\/prensa\/wp-json\/wp\/v2\/media\/387214"}],"wp:attachment":[{"href":"https:\/\/www.mendoza.gov.ar\/prensa\/wp-json\/wp\/v2\/media?parent=387204"}],"wp:term":[{"taxonomy":"category","embeddable":true,"href":"https:\/\/www.mendoza.gov.ar\/prensa\/wp-json\/wp\/v2\/categories?post=387204"},{"taxonomy":"post_tag","embeddable":true,"href":"https:\/\/www.mendoza.gov.ar\/prensa\/wp-json\/wp\/v2\/tags?post=387204"}],"curies":[{"name":"wp","href":"https:\/\/api.w.org\/{rel}","templated":true}]}}