{"id":387227,"date":"2023-12-05T22:14:59","date_gmt":"2023-12-06T01:14:59","guid":{"rendered":"https:\/\/www.mendoza.gov.ar\/prensa\/?p=387227"},"modified":"2024-09-17T19:32:05","modified_gmt":"2024-09-17T22:32:05","slug":"suarez-participo-de-la-inauguracion-de-la-plaza-del-vino-punto-estrategico-para-el-enoturismo-de-mendoza","status":"publish","type":"post","link":"https:\/\/www.mendoza.gov.ar\/prensa\/suarez-participo-de-la-inauguracion-de-la-plaza-del-vino-punto-estrategico-para-el-enoturismo-de-mendoza\/","title":{"rendered":"Suarez particip\u00f3 en la inauguraci\u00f3n de la Plaza del Vino, punto estrat\u00e9gico para el enoturismo de Mendoza"},"content":{"rendered":"<!DOCTYPE html PUBLIC \"-\/\/W3C\/\/DTD HTML 4.0 Transitional\/\/EN\" \"http:\/\/www.w3.org\/TR\/REC-html40\/loose.dtd\">\n<html><body><h5>Con el prop&oacute;sito de potenciar la oferta y el desarrollo enotur&iacute;stico, este nuevo espacio albergar&aacute; manifestaciones art&iacute;sticas y culturales vinculadas a la vitivinicultura. Tambi&eacute;n presentaron la <em>Gu&iacute;a de Enoturismo de Mendoza, Argentina<\/em> y la L&iacute;nea 148\/Turismo.<\/h5>\n\n\n\n<p>Se inaugur&oacute; este martes la Plaza del Vino, ubicada en el play&oacute;n que comunica los edificios del Ministerio de Cultura y Turismo, el Centro de Congresos y Exposiciones y La Enoteca. La actividad estuvo encabezada por el Gobernador Rodolfo Suarez; la ministra de Cultura y Turismo, Nora Vicario; el ministro de Planificaci&oacute;n e Infraestructura, Mario Isgro; el presidente del Fondo Vitivin&iacute;cola Mendoza, Bernardo Lanzilotta, y el presidente de Bodegas Argentinas, Walter Bressia. Estuvieron acompa&ntilde;ados por la reina nacional de la Vendimia, Ana Laura Verde, y la virreina, Gemina Navarro, referentes del sector y periodistas especializados.<\/p>\n\n\n\n<p>La puesta en valor de este espacio fue financiada con fondos provinciales y nacionales y fue incluida en el programa 50 Destinos del Ministerio de Turismo y Deportes de la Naci&oacute;n. En lo que respecta al proyecto y la direcci&oacute;n t&eacute;cnica estuvo a cargo del Fondo Vitivin&iacute;cola Mendoza.<\/p>\n\n\n\n<p>Al respecto de esta importante restauraci&oacute;n, Nora Vicario coment&oacute;: &ldquo;Tenemos el honor de inaugurar la Plaza del Vino, un nuevo espacio p&uacute;blico que celebra y promueve el enoturismo y que, al mismo tiempo, suma un punto de referencia y de acercamiento a nuestra cultura vitivin&iacute;cola, una de las m&aacute;s reconocidas y prestigiosas del mundo. En virtud de ello, hemos puesto en valor este punto estrat&eacute;gico, a fin de que se posicione como el kil&oacute;metro cero del enoturismo de Mendoza. Por eso, destacamos esta plaza como un espacio de encuentro, de difusi&oacute;n y de homenaje al mundo del vino, a sus productores, a sus trabajadores, a sus artistas y consumidores&rdquo;. <\/p>\n\n\n\n<p><strong>Kil&oacute;metro 0 del enoturismo<\/strong><\/p>\n\n\n\n<p>La Plaza del Vino tiene aproximadamente 1.700 metros cuadrados. La remodelaci&oacute;n incluy&oacute; un nuevo sistema de iluminaci&oacute;n, un moderno mobiliario urbano, un <em>deck <\/em>en altura que permite apreciar el vi&ntilde;edo, que es una muestra ampelogr&aacute;fica que representa las variedades de vid m&aacute;s emblem&aacute;ticas de Argentina: malbec, bonarda, tempranillo, torront&eacute;s y chardonnay.<\/p>\n\n\n\n<p>Tambi&eacute;n, en uno de los laterales de la plaza se encuentra un friso escult&oacute;rico cuyos c&iacute;rculos de hierro remiten a los racimos y a las barricas. La creaci&oacute;n de esta obra estuvo a cargo del Estudio Trama, de los arquitectos Federico Cohen y Emanuel Fern&aacute;ndez, quienes tambi&eacute;n realizaron la direcci&oacute;n t&eacute;cnica.&nbsp;<\/p>\n\n\n\n<p>En materia tur&iacute;stica, la idea es que este espacio se posicione como el kil&oacute;metro 0 del enoturismo y sea escenario de las actividades organizadas por prestadores de servicios enotur&iacute;sticos.&nbsp;<\/p>\n\n\n\n<p>En cuanto al aspecto cultural, se busc&oacute; jerarquizar un edificio patrimonial fundamental en la historia de la vitivinicultura argentina: La Enoteca, primera bodega modelo en la que se formaron, a principios del siglo XX, los primeros profesionales vitivin&iacute;colas de Am&eacute;rica Latina.&nbsp;<\/p>\n\n\n\n<p>Finalmente, desde el punto de vista urban&iacute;stico, el objetivo fue generar una referencia a la cultura vitivin&iacute;cola en un espacio p&uacute;blico, de manera que sea apropiado por quienes lo visitan, lo habitan y lo disfrutan. Asimismo, se busca poner en valor el conjunto arquitect&oacute;nico en el que se encuentra La Enoteca, el &uacute;nico testimonio en pie de la Quinta Agron&oacute;mica, proyecto acad&eacute;mico y de desarrollo visionario que impuls&oacute; Domingo Faustino Sarmiento a fines del siglo XIX.<\/p>\n\n\n\n<p><strong><em>Gu&iacute;a del Enoturismo de Mendoza<\/em><\/strong><\/p>\n\n\n\n<p>Tambi&eacute;n, durante el acto de inauguraci&oacute;n de la Plaza del Vino, se realiz&oacute; el lanzamiento de la <em>Gu&iacute;a de Enoturismo de Mendoza, Argentina,<\/em> y la L&iacute;nea 148\/Turismo.<\/p>\n\n\n\n<p>La <em>Gu&iacute;a de Enoturismo <\/em>ya se encuentra disponible en el sitio mendoza.tur.ar e incluye material in&eacute;dito y actualizado de las 209 bodegas abiertas al turismo en formato digital. Esta es una herramienta muy valiosa y accesible que facilita la planificaci&oacute;n del viaje e invita a descubrir la riqueza y la diversidad de la gran oferta enotur&iacute;stica de Mendoza.<\/p>\n\n\n\n<p>Las nuevas bodegas incluyeron en los &uacute;ltimos a&ntilde;os, a apartir de sus <em>master plan<\/em>, &aacute;reas de hospitalidad, incorporando espacios para las visitas y &aacute;mbitos de disfrute. A partir del concepto del <em>terroir, <\/em>que da caracter&iacute;sticas diferenciales a cada vino, el enoturismo de vanguardia invirti&oacute; en espacios con dise&ntilde;os que tienen en cuenta, con la misma concepci&oacute;n, la uni&oacute;n de paisaje, gastronom&iacute;a y vino. Hoy, el paseo a una bodega es toda una experiencia donde se pueden realizar actividades diversas. De esta manera, el enoturismo ha generado un salto de calidad a la oferta tur&iacute;stica general, para posicionar a la provincia como l&iacute;der del enoturismo en Latinoam&eacute;rica.&nbsp;&nbsp;<\/p>\n\n\n\n<p>De esta forma, como Capital Mundial del Vino, Capital Iberoamericana de la Armon&iacute;a Gastron&oacute;mica. Protagonista del Vino 2023-2024 y destino de estrellas Michelin, Mendoza contin&uacute;a fortaleciendo esta actividad que impulsa el crecimiento de la provincia.&nbsp;<\/p>\n\n\n\n<p><strong>L&iacute;nea 148 Turismo<\/strong><\/p>\n\n\n\n<p>En lo que respecta a la L&iacute;nea 148 Turismo, es una l&iacute;nea exclusiva de atenci&oacute;n al turista que funcionar&aacute; de lunes a s&aacute;bados de 9 a 19 y ser&aacute; atendida por informadores tur&iacute;sticos de la Asociaci&oacute;n de Gu&iacute;as Profesionales de Turismo, Excursiones y Afines de Mendoza (GUIAR).&nbsp;<\/p>\n\n\n\n<p>Para ello, se incorpor&oacute; la opci&oacute;n de turismo al contacto directo v&iacute;a telef&oacute;nica, a fin de brindar un servicio especializado y de calidad para atender las consultas y necesidades de los visitantes.&nbsp;<\/p>\n\n\n\n<p>Esto suma una muy importante herramienta a los diversos canales de comunicaci&oacute;n que tienen los turistas para optimizar su acceso a la informaci&oacute;n y su experiencia en la provincia.<\/p>\n\n\n\n<figure class=\"wp-block-gallery columns-3\"><ul class=\"blocks-gallery-grid\"><li class=\"blocks-gallery-item\"><figure><a href=\"https:\/\/www.mendoza.gov.ar\/wp-content\/uploads\/sites\/5\/2023\/12\/DSC_4670.jpg\"><img loading=\"lazy\" width=\"700\" height=\"453\" src=\"https:\/\/www.mendoza.gov.ar\/wp-content\/uploads\/sites\/5\/2023\/12\/DSC_4670-700x453.jpg\" alt=\"\" data-id=\"387228\" data-full-url=\"https:\/\/www.mendoza.gov.ar\/wp-content\/uploads\/sites\/5\/2023\/12\/DSC_4670.jpg\" data-link=\"https:\/\/www.mendoza.gov.ar\/prensa\/?attachment_id=387228\" class=\"wp-image-387228 img-responsive center-block\" srcset=\"https:\/\/www.mendoza.gov.ar\/wp-content\/uploads\/sites\/5\/2023\/12\/DSC_4670-700x453.jpg 700w, https:\/\/www.mendoza.gov.ar\/wp-content\/uploads\/sites\/5\/2023\/12\/DSC_4670-250x162.jpg 250w, https:\/\/www.mendoza.gov.ar\/wp-content\/uploads\/sites\/5\/2023\/12\/DSC_4670-768x497.jpg 768w, https:\/\/www.mendoza.gov.ar\/wp-content\/uploads\/sites\/5\/2023\/12\/DSC_4670-1536x993.jpg 1536w, https:\/\/www.mendoza.gov.ar\/wp-content\/uploads\/sites\/5\/2023\/12\/DSC_4670-2048x1324.jpg 2048w, https:\/\/www.mendoza.gov.ar\/wp-content\/uploads\/sites\/5\/2023\/12\/DSC_4670-120x78.jpg 120w\" sizes=\"(max-width: 700px) 100vw, 700px\"><\/a><\/figure><\/li><li class=\"blocks-gallery-item\"><figure><a href=\"https:\/\/www.mendoza.gov.ar\/wp-content\/uploads\/sites\/5\/2023\/12\/DSC_4782.jpg\"><img loading=\"lazy\" width=\"700\" height=\"467\" src=\"https:\/\/www.mendoza.gov.ar\/wp-content\/uploads\/sites\/5\/2023\/12\/DSC_4782-700x467.jpg\" alt=\"\" data-id=\"387229\" data-full-url=\"https:\/\/www.mendoza.gov.ar\/wp-content\/uploads\/sites\/5\/2023\/12\/DSC_4782.jpg\" data-link=\"https:\/\/www.mendoza.gov.ar\/prensa\/?attachment_id=387229\" class=\"wp-image-387229 img-responsive center-block\" srcset=\"https:\/\/www.mendoza.gov.ar\/wp-content\/uploads\/sites\/5\/2023\/12\/DSC_4782-700x467.jpg 700w, https:\/\/www.mendoza.gov.ar\/wp-content\/uploads\/sites\/5\/2023\/12\/DSC_4782-250x167.jpg 250w, https:\/\/www.mendoza.gov.ar\/wp-content\/uploads\/sites\/5\/2023\/12\/DSC_4782-768x513.jpg 768w, https:\/\/www.mendoza.gov.ar\/wp-content\/uploads\/sites\/5\/2023\/12\/DSC_4782-1536x1026.jpg 1536w, https:\/\/www.mendoza.gov.ar\/wp-content\/uploads\/sites\/5\/2023\/12\/DSC_4782-2048x1367.jpg 2048w, https:\/\/www.mendoza.gov.ar\/wp-content\/uploads\/sites\/5\/2023\/12\/DSC_4782-120x80.jpg 120w\" sizes=\"(max-width: 700px) 100vw, 700px\"><\/a><\/figure><\/li><li class=\"blocks-gallery-item\"><figure><a href=\"https:\/\/www.mendoza.gov.ar\/wp-content\/uploads\/sites\/5\/2023\/12\/DSC_4725.jpg\"><img loading=\"lazy\" width=\"700\" height=\"467\" src=\"https:\/\/www.mendoza.gov.ar\/wp-content\/uploads\/sites\/5\/2023\/12\/DSC_4725-700x467.jpg\" alt=\"\" data-id=\"387230\" data-full-url=\"https:\/\/www.mendoza.gov.ar\/wp-content\/uploads\/sites\/5\/2023\/12\/DSC_4725.jpg\" data-link=\"https:\/\/www.mendoza.gov.ar\/prensa\/?attachment_id=387230\" class=\"wp-image-387230 img-responsive center-block\" srcset=\"https:\/\/www.mendoza.gov.ar\/wp-content\/uploads\/sites\/5\/2023\/12\/DSC_4725-700x467.jpg 700w, https:\/\/www.mendoza.gov.ar\/wp-content\/uploads\/sites\/5\/2023\/12\/DSC_4725-250x167.jpg 250w, https:\/\/www.mendoza.gov.ar\/wp-content\/uploads\/sites\/5\/2023\/12\/DSC_4725-768x513.jpg 768w, https:\/\/www.mendoza.gov.ar\/wp-content\/uploads\/sites\/5\/2023\/12\/DSC_4725-1536x1026.jpg 1536w, https:\/\/www.mendoza.gov.ar\/wp-content\/uploads\/sites\/5\/2023\/12\/DSC_4725-2048x1367.jpg 2048w, https:\/\/www.mendoza.gov.ar\/wp-content\/uploads\/sites\/5\/2023\/12\/DSC_4725-120x80.jpg 120w\" sizes=\"(max-width: 700px) 100vw, 700px\"><\/a><\/figure><\/li><li class=\"blocks-gallery-item\"><figure><a href=\"https:\/\/www.mendoza.gov.ar\/wp-content\/uploads\/sites\/5\/2023\/12\/DSC_4698.jpg\"><img src=\"https:\/\/www.mendoza.gov.ar\/wp-content\/uploads\/sites\/5\/2023\/12\/DSC_4698-700x467.jpg\" alt=\"\" data-id=\"387231\" data-full-url=\"https:\/\/www.mendoza.gov.ar\/wp-content\/uploads\/sites\/5\/2023\/12\/DSC_4698.jpg\" data-link=\"https:\/\/www.mendoza.gov.ar\/prensa\/?attachment_id=387231\" class=\"wp-image-387231 img-responsive center-block\"><\/a><\/figure><\/li><li class=\"blocks-gallery-item\"><figure><a href=\"https:\/\/www.mendoza.gov.ar\/wp-content\/uploads\/sites\/5\/2023\/12\/DSC_4680.jpg\"><img loading=\"lazy\" width=\"700\" height=\"467\" src=\"https:\/\/www.mendoza.gov.ar\/wp-content\/uploads\/sites\/5\/2023\/12\/DSC_4680-700x467.jpg\" alt=\"\" data-id=\"387232\" data-full-url=\"https:\/\/www.mendoza.gov.ar\/wp-content\/uploads\/sites\/5\/2023\/12\/DSC_4680.jpg\" data-link=\"https:\/\/www.mendoza.gov.ar\/prensa\/?attachment_id=387232\" class=\"wp-image-387232 img-responsive center-block\" srcset=\"https:\/\/www.mendoza.gov.ar\/wp-content\/uploads\/sites\/5\/2023\/12\/DSC_4680-700x467.jpg 700w, https:\/\/www.mendoza.gov.ar\/wp-content\/uploads\/sites\/5\/2023\/12\/DSC_4680-250x167.jpg 250w, https:\/\/www.mendoza.gov.ar\/wp-content\/uploads\/sites\/5\/2023\/12\/DSC_4680-768x513.jpg 768w, https:\/\/www.mendoza.gov.ar\/wp-content\/uploads\/sites\/5\/2023\/12\/DSC_4680-1536x1026.jpg 1536w, https:\/\/www.mendoza.gov.ar\/wp-content\/uploads\/sites\/5\/2023\/12\/DSC_4680-2048x1367.jpg 2048w, https:\/\/www.mendoza.gov.ar\/wp-content\/uploads\/sites\/5\/2023\/12\/DSC_4680-120x80.jpg 120w\" sizes=\"(max-width: 700px) 100vw, 700px\"><\/a><\/figure><\/li><li class=\"blocks-gallery-item\"><figure><a href=\"https:\/\/www.mendoza.gov.ar\/wp-content\/uploads\/sites\/5\/2023\/12\/DSC_4653.jpg\"><img loading=\"lazy\" width=\"700\" height=\"467\" src=\"https:\/\/www.mendoza.gov.ar\/wp-content\/uploads\/sites\/5\/2023\/12\/DSC_4653-700x467.jpg\" alt=\"\" data-id=\"387233\" data-full-url=\"https:\/\/www.mendoza.gov.ar\/wp-content\/uploads\/sites\/5\/2023\/12\/DSC_4653.jpg\" data-link=\"https:\/\/www.mendoza.gov.ar\/prensa\/?attachment_id=387233\" class=\"wp-image-387233 img-responsive center-block\" srcset=\"https:\/\/www.mendoza.gov.ar\/wp-content\/uploads\/sites\/5\/2023\/12\/DSC_4653-700x467.jpg 700w, https:\/\/www.mendoza.gov.ar\/wp-content\/uploads\/sites\/5\/2023\/12\/DSC_4653-250x167.jpg 250w, https:\/\/www.mendoza.gov.ar\/wp-content\/uploads\/sites\/5\/2023\/12\/DSC_4653-768x513.jpg 768w, https:\/\/www.mendoza.gov.ar\/wp-content\/uploads\/sites\/5\/2023\/12\/DSC_4653-1536x1026.jpg 1536w, https:\/\/www.mendoza.gov.ar\/wp-content\/uploads\/sites\/5\/2023\/12\/DSC_4653-2048x1367.jpg 2048w, https:\/\/www.mendoza.gov.ar\/wp-content\/uploads\/sites\/5\/2023\/12\/DSC_4653-120x80.jpg 120w\" sizes=\"(max-width: 700px) 100vw, 700px\"><\/a><\/figure><\/li><li class=\"blocks-gallery-item\"><figure><a href=\"https:\/\/www.mendoza.gov.ar\/wp-content\/uploads\/sites\/5\/2023\/12\/DSC_4609.jpg\"><img loading=\"lazy\" width=\"700\" height=\"467\" src=\"https:\/\/www.mendoza.gov.ar\/wp-content\/uploads\/sites\/5\/2023\/12\/DSC_4609-700x467.jpg\" alt=\"\" data-id=\"387234\" data-full-url=\"https:\/\/www.mendoza.gov.ar\/wp-content\/uploads\/sites\/5\/2023\/12\/DSC_4609.jpg\" data-link=\"https:\/\/www.mendoza.gov.ar\/prensa\/?attachment_id=387234\" class=\"wp-image-387234 img-responsive center-block\" srcset=\"https:\/\/www.mendoza.gov.ar\/wp-content\/uploads\/sites\/5\/2023\/12\/DSC_4609-700x467.jpg 700w, https:\/\/www.mendoza.gov.ar\/wp-content\/uploads\/sites\/5\/2023\/12\/DSC_4609-250x167.jpg 250w, https:\/\/www.mendoza.gov.ar\/wp-content\/uploads\/sites\/5\/2023\/12\/DSC_4609-768x513.jpg 768w, https:\/\/www.mendoza.gov.ar\/wp-content\/uploads\/sites\/5\/2023\/12\/DSC_4609-1536x1026.jpg 1536w, https:\/\/www.mendoza.gov.ar\/wp-content\/uploads\/sites\/5\/2023\/12\/DSC_4609-2048x1367.jpg 2048w, https:\/\/www.mendoza.gov.ar\/wp-content\/uploads\/sites\/5\/2023\/12\/DSC_4609-120x80.jpg 120w\" sizes=\"(max-width: 700px) 100vw, 700px\"><\/a><\/figure><\/li><li class=\"blocks-gallery-item\"><figure><a href=\"https:\/\/www.mendoza.gov.ar\/wp-content\/uploads\/sites\/5\/2023\/12\/20231205_204848.jpg\"><img loading=\"lazy\" width=\"700\" height=\"327\" src=\"https:\/\/www.mendoza.gov.ar\/wp-content\/uploads\/sites\/5\/2023\/12\/20231205_204848-700x327.jpg\" alt=\"\" data-id=\"387235\" data-full-url=\"https:\/\/www.mendoza.gov.ar\/wp-content\/uploads\/sites\/5\/2023\/12\/20231205_204848.jpg\" data-link=\"https:\/\/www.mendoza.gov.ar\/prensa\/?attachment_id=387235\" class=\"wp-image-387235 img-responsive center-block\" srcset=\"https:\/\/www.mendoza.gov.ar\/wp-content\/uploads\/sites\/5\/2023\/12\/20231205_204848-700x327.jpg 700w, https:\/\/www.mendoza.gov.ar\/wp-content\/uploads\/sites\/5\/2023\/12\/20231205_204848-250x117.jpg 250w, https:\/\/www.mendoza.gov.ar\/wp-content\/uploads\/sites\/5\/2023\/12\/20231205_204848-768x359.jpg 768w, https:\/\/www.mendoza.gov.ar\/wp-content\/uploads\/sites\/5\/2023\/12\/20231205_204848-1536x717.jpg 1536w, https:\/\/www.mendoza.gov.ar\/wp-content\/uploads\/sites\/5\/2023\/12\/20231205_204848-2048x956.jpg 2048w, https:\/\/www.mendoza.gov.ar\/wp-content\/uploads\/sites\/5\/2023\/12\/20231205_204848-120x56.jpg 120w\" sizes=\"(max-width: 700px) 100vw, 700px\"><\/a><\/figure><\/li><li class=\"blocks-gallery-item\"><figure><a href=\"https:\/\/www.mendoza.gov.ar\/wp-content\/uploads\/sites\/5\/2023\/12\/20231205_204758.jpg\"><img loading=\"lazy\" width=\"700\" height=\"375\" src=\"https:\/\/www.mendoza.gov.ar\/wp-content\/uploads\/sites\/5\/2023\/12\/20231205_204758-700x375.jpg\" alt=\"\" data-id=\"387236\" data-full-url=\"https:\/\/www.mendoza.gov.ar\/wp-content\/uploads\/sites\/5\/2023\/12\/20231205_204758.jpg\" data-link=\"https:\/\/www.mendoza.gov.ar\/prensa\/?attachment_id=387236\" class=\"wp-image-387236 img-responsive center-block\" srcset=\"https:\/\/www.mendoza.gov.ar\/wp-content\/uploads\/sites\/5\/2023\/12\/20231205_204758-700x375.jpg 700w, https:\/\/www.mendoza.gov.ar\/wp-content\/uploads\/sites\/5\/2023\/12\/20231205_204758-250x134.jpg 250w, https:\/\/www.mendoza.gov.ar\/wp-content\/uploads\/sites\/5\/2023\/12\/20231205_204758-768x412.jpg 768w, https:\/\/www.mendoza.gov.ar\/wp-content\/uploads\/sites\/5\/2023\/12\/20231205_204758-1536x823.jpg 1536w, https:\/\/www.mendoza.gov.ar\/wp-content\/uploads\/sites\/5\/2023\/12\/20231205_204758-2048x1098.jpg 2048w, https:\/\/www.mendoza.gov.ar\/wp-content\/uploads\/sites\/5\/2023\/12\/20231205_204758-120x64.jpg 120w\" sizes=\"(max-width: 700px) 100vw, 700px\"><\/a><\/figure><\/li><li class=\"blocks-gallery-item\"><figure><a href=\"https:\/\/www.mendoza.gov.ar\/wp-content\/uploads\/sites\/5\/2023\/12\/20231205_204723.jpg\"><img loading=\"lazy\" width=\"700\" height=\"435\" src=\"https:\/\/www.mendoza.gov.ar\/wp-content\/uploads\/sites\/5\/2023\/12\/20231205_204723-700x435.jpg\" alt=\"\" data-id=\"387237\" data-full-url=\"https:\/\/www.mendoza.gov.ar\/wp-content\/uploads\/sites\/5\/2023\/12\/20231205_204723.jpg\" data-link=\"https:\/\/www.mendoza.gov.ar\/prensa\/?attachment_id=387237\" class=\"wp-image-387237 img-responsive center-block\" srcset=\"https:\/\/www.mendoza.gov.ar\/wp-content\/uploads\/sites\/5\/2023\/12\/20231205_204723-700x435.jpg 700w, https:\/\/www.mendoza.gov.ar\/wp-content\/uploads\/sites\/5\/2023\/12\/20231205_204723-250x155.jpg 250w, https:\/\/www.mendoza.gov.ar\/wp-content\/uploads\/sites\/5\/2023\/12\/20231205_204723-768x477.jpg 768w, https:\/\/www.mendoza.gov.ar\/wp-content\/uploads\/sites\/5\/2023\/12\/20231205_204723-1536x955.jpg 1536w, https:\/\/www.mendoza.gov.ar\/wp-content\/uploads\/sites\/5\/2023\/12\/20231205_204723-2048x1273.jpg 2048w, https:\/\/www.mendoza.gov.ar\/wp-content\/uploads\/sites\/5\/2023\/12\/20231205_204723-120x75.jpg 120w\" sizes=\"(max-width: 700px) 100vw, 700px\"><\/a><\/figure><\/li><li class=\"blocks-gallery-item\"><figure><a href=\"https:\/\/www.mendoza.gov.ar\/wp-content\/uploads\/sites\/5\/2023\/12\/20231205_201344.jpg\"><img loading=\"lazy\" width=\"700\" height=\"315\" src=\"https:\/\/www.mendoza.gov.ar\/wp-content\/uploads\/sites\/5\/2023\/12\/20231205_201344-700x315.jpg\" alt=\"\" data-id=\"387238\" data-full-url=\"https:\/\/www.mendoza.gov.ar\/wp-content\/uploads\/sites\/5\/2023\/12\/20231205_201344.jpg\" data-link=\"https:\/\/www.mendoza.gov.ar\/prensa\/?attachment_id=387238\" class=\"wp-image-387238 img-responsive center-block\" srcset=\"https:\/\/www.mendoza.gov.ar\/wp-content\/uploads\/sites\/5\/2023\/12\/20231205_201344-700x315.jpg 700w, https:\/\/www.mendoza.gov.ar\/wp-content\/uploads\/sites\/5\/2023\/12\/20231205_201344-250x113.jpg 250w, https:\/\/www.mendoza.gov.ar\/wp-content\/uploads\/sites\/5\/2023\/12\/20231205_201344-768x346.jpg 768w, https:\/\/www.mendoza.gov.ar\/wp-content\/uploads\/sites\/5\/2023\/12\/20231205_201344-1536x692.jpg 1536w, https:\/\/www.mendoza.gov.ar\/wp-content\/uploads\/sites\/5\/2023\/12\/20231205_201344-2048x923.jpg 2048w, https:\/\/www.mendoza.gov.ar\/wp-content\/uploads\/sites\/5\/2023\/12\/20231205_201344-120x54.jpg 120w\" sizes=\"(max-width: 700px) 100vw, 700px\"><\/a><\/figure><\/li><\/ul><\/figure>\n<\/body><\/html>\n","protected":false},"excerpt":{"rendered":"Con el prop&oacute;sito de potenciar la oferta y el desarrollo enotur&iacute;stico, este nuevo espacio albergar&aacute; manifestaciones art&iacute;sticas y culturales vinculadas a la vitivinicultura. Tambi&eacute;n presentaron la Gu&iacute;a de Enoturismo de Mendoza, Argentina y la L&iacute;nea 148\/Turismo. Se inaugur&oacute; este martes la Plaza del Vino, ubicada en el play&oacute;n que comunica los edificios del Ministerio de&#8230; <a class=\"view-article\" href=\"https:\/\/www.mendoza.gov.ar\/prensa\/suarez-participo-de-la-inauguracion-de-la-plaza-del-vino-punto-estrategico-para-el-enoturismo-de-mendoza\/\"><\/a>","protected":false},"author":68,"featured_media":387231,"comment_status":"open","ping_status":"open","sticky":false,"template":"","format":"standard","meta":[],"categories":[8,37,19,3052],"tags":[],"_links":{"self":[{"href":"https:\/\/www.mendoza.gov.ar\/prensa\/wp-json\/wp\/v2\/posts\/387227"}],"collection":[{"href":"https:\/\/www.mendoza.gov.ar\/prensa\/wp-json\/wp\/v2\/posts"}],"about":[{"href":"https:\/\/www.mendoza.gov.ar\/prensa\/wp-json\/wp\/v2\/types\/post"}],"author":[{"embeddable":true,"href":"https:\/\/www.mendoza.gov.ar\/prensa\/wp-json\/wp\/v2\/users\/68"}],"replies":[{"embeddable":true,"href":"https:\/\/www.mendoza.gov.ar\/prensa\/wp-json\/wp\/v2\/comments?post=387227"}],"version-history":[{"count":9,"href":"https:\/\/www.mendoza.gov.ar\/prensa\/wp-json\/wp\/v2\/posts\/387227\/revisions"}],"predecessor-version":[{"id":387315,"href":"https:\/\/www.mendoza.gov.ar\/prensa\/wp-json\/wp\/v2\/posts\/387227\/revisions\/387315"}],"wp:featuredmedia":[{"embeddable":true,"href":"https:\/\/www.mendoza.gov.ar\/prensa\/wp-json\/wp\/v2\/media\/387231"}],"wp:attachment":[{"href":"https:\/\/www.mendoza.gov.ar\/prensa\/wp-json\/wp\/v2\/media?parent=387227"}],"wp:term":[{"taxonomy":"category","embeddable":true,"href":"https:\/\/www.mendoza.gov.ar\/prensa\/wp-json\/wp\/v2\/categories?post=387227"},{"taxonomy":"post_tag","embeddable":true,"href":"https:\/\/www.mendoza.gov.ar\/prensa\/wp-json\/wp\/v2\/tags?post=387227"}],"curies":[{"name":"wp","href":"https:\/\/api.w.org\/{rel}","templated":true}]}}