{"id":38738,"date":"2015-08-14T13:28:53","date_gmt":"2015-08-14T16:28:53","guid":{"rendered":"http:\/\/prensa.mendoza.gov.ar\/?p=38738"},"modified":"2015-08-14T13:28:53","modified_gmt":"2015-08-14T16:28:53","slug":"el-sabado-habra-desvios-de-colectivos-en-guaymallen-y-godoy-cruz-por-los-festejos-del-dia-del-nino","status":"publish","type":"post","link":"https:\/\/www.mendoza.gov.ar\/prensa\/el-sabado-habra-desvios-de-colectivos-en-guaymallen-y-godoy-cruz-por-los-festejos-del-dia-del-nino\/","title":{"rendered":"El s\u00e1bado habr\u00e1 desv\u00edos de colectivos en Guaymall\u00e9n y Godoy Cruz por los festejos del d\u00eda del ni\u00f1o"},"content":{"rendered":"<!DOCTYPE html PUBLIC \"-\/\/W3C\/\/DTD HTML 4.0 Transitional\/\/EN\" \"http:\/\/www.w3.org\/TR\/REC-html40\/loose.dtd\">\n<html><body><p>Por los fesjetos del d&iacute;a del ni&ntilde;o, este s&aacute;bado 15 de agosto, habr&aacute; desv&iacute;os de colectivos en Guaymall&eacute;n y Godoy Cruz.<\/p>\n<p>En Godoy Cruz el desv&iacute;o ser&aacute; de 15 a 19 y afectar&aacute; los servicios de las l&iacute;neas 71, 72 y 74, que circular&aacute;n por Cayetano Silva, Am&eacute;rica, Paz, R&iacute;o Gallegos, Cayetano Silva y retornan &nbsp;su recorrido normal.<\/p>\n<p>Por su parte, en Guaymall&eacute;n, los desv&iacute;os ser&aacute;n en el Barrio Santa Ana, debido a la procesi&oacute;n que realizar&aacute;n los vecinos entre las 9.30 y las 13.30. Lo que&nbsp;afectar&aacute; los servicios de las l&iacute;neas 51, A23 y B23.<\/p>\n<p>&nbsp;<\/p>\n<\/body><\/html>\n","protected":false},"excerpt":{"rendered":"Afectar\u00e1 los servicios de las l\u00edneas 71, 72, 74,  51, A23 y B23.","protected":false},"author":3,"featured_media":38750,"comment_status":"open","ping_status":"open","sticky":false,"template":"","format":"standard","meta":[],"categories":[1],"tags":[],"_links":{"self":[{"href":"https:\/\/www.mendoza.gov.ar\/prensa\/wp-json\/wp\/v2\/posts\/38738"}],"collection":[{"href":"https:\/\/www.mendoza.gov.ar\/prensa\/wp-json\/wp\/v2\/posts"}],"about":[{"href":"https:\/\/www.mendoza.gov.ar\/prensa\/wp-json\/wp\/v2\/types\/post"}],"author":[{"embeddable":true,"href":"https:\/\/www.mendoza.gov.ar\/prensa\/wp-json\/wp\/v2\/users\/3"}],"replies":[{"embeddable":true,"href":"https:\/\/www.mendoza.gov.ar\/prensa\/wp-json\/wp\/v2\/comments?post=38738"}],"version-history":[{"count":0,"href":"https:\/\/www.mendoza.gov.ar\/prensa\/wp-json\/wp\/v2\/posts\/38738\/revisions"}],"wp:featuredmedia":[{"embeddable":true,"href":"https:\/\/www.mendoza.gov.ar\/prensa\/wp-json\/wp\/v2\/media\/38750"}],"wp:attachment":[{"href":"https:\/\/www.mendoza.gov.ar\/prensa\/wp-json\/wp\/v2\/media?parent=38738"}],"wp:term":[{"taxonomy":"category","embeddable":true,"href":"https:\/\/www.mendoza.gov.ar\/prensa\/wp-json\/wp\/v2\/categories?post=38738"},{"taxonomy":"post_tag","embeddable":true,"href":"https:\/\/www.mendoza.gov.ar\/prensa\/wp-json\/wp\/v2\/tags?post=38738"}],"curies":[{"name":"wp","href":"https:\/\/api.w.org\/{rel}","templated":true}]}}