{"id":388075,"date":"2023-12-13T12:20:34","date_gmt":"2023-12-13T15:20:34","guid":{"rendered":"https:\/\/www.mendoza.gov.ar\/prensa\/?p=388075"},"modified":"2023-12-13T16:14:57","modified_gmt":"2023-12-13T19:14:57","slug":"destacadas-obras-de-fernando-fader-seran-exhibidas-nuevamente-en-el-museo-emiliano-guinazu-casa-fader","status":"publish","type":"post","link":"https:\/\/www.mendoza.gov.ar\/prensa\/destacadas-obras-de-fernando-fader-seran-exhibidas-nuevamente-en-el-museo-emiliano-guinazu-casa-fader\/","title":{"rendered":"Destacadas obras de Fernando Fader ser\u00e1n exhibidas nuevamente en el Museo Emiliano Gui\u00f1az\u00fa-Casa de Fader"},"content":{"rendered":"<!DOCTYPE html PUBLIC \"-\/\/W3C\/\/DTD HTML 4.0 Transitional\/\/EN\" \"http:\/\/www.w3.org\/TR\/REC-html40\/loose.dtd\">\n<html><body><h5><strong>La muestra se suma a la Colecci&oacute;n Permanente que se encuentra en el espacio como parte del Patrimonio del Museo, acompa&ntilde;ada con documentaci&oacute;n fotogr&aacute;fica que introducen en la vida y obra del autor.&nbsp;<\/strong><\/h5>\n\n\n\n<p>Tras ocho a&ntilde;os resguardadas en el edificio de Patrimonio Cultural y Museos, en la antigua Escuela Mitre, una destacada serie de obras de Fernando Fader regresa al Museo Provincial de Bellas Artes Emiliano Gui&ntilde;az&uacute;-Casa de Fader. Estas muestras de arte se expondr&aacute;n en el espacio y se suman a la Colecci&oacute;n Permanente de obras ic&oacute;nicas de Fader, que ser&aacute;n montadas en la sala de ingreso de la casona para el deleite del p&uacute;blico visitante.<\/p>\n\n\n\n<p>Se podr&aacute;n apreciar uno de sus primeros &oacute;leos conocidos de la etapa acad&eacute;mica, <em>Dromedarios<\/em>, de 1902; <em>El cadenero o la demolici&oacute;n<\/em>, de 1908, y paisajes de la etapa mendocina del pintor. Las obras pertenecientes al per&iacute;odo que abarca desde 1898 a 1913 fueron pintadas en su mayor&iacute;a en la provincia de Mendoza y estuvieron resguardadas durante la refacci&oacute;n del museo.&nbsp;<\/p>\n\n\n\n<p>Tambi&eacute;n se podr&aacute; apreciar la obra <em>La visita<\/em>, de 1922, perteneciente a la&nbsp; etapa cordobesa. A esta se suman una serie de retratos que Fader realiz&oacute; a personas muy pr&oacute;ximas tanto por sus afectos como por su cercan&iacute;a familiar. Ejemplos de esta serie son <em>Mi hermano Carlos <\/em>y<em> Retrato de Adela Gui&ntilde;az&uacute; de Fader, <\/em>entre otras.<\/p>\n\n\n\n<p><strong>Horarios de visita&nbsp;<\/strong><\/p>\n\n\n\n<p><strong>Turno ma&ntilde;ana:<\/strong>&nbsp;mi&eacute;rcoles a viernes de 10 a 12. S&aacute;bados, domingos y feriados de 11.30 a 14.30.&nbsp;<\/p>\n\n\n\n<p><strong>Turno tarde:&nbsp;<\/strong>mi&eacute;rcoles a viernes de 14 a 16. S&aacute;bados, domingos y feriados 15.30 a 18.30.<\/p>\n\n\n\n<p><strong>Ubicaci&oacute;n:<\/strong>&nbsp;San Mart&iacute;n 3651, Mayor Drummond, Luj&aacute;n de Cuyo.&nbsp;<\/p>\n\n\n\n<p>Los turnos para visitas guiadas para colegios se deber&aacute;n solicitar a trav&eacute;s de correo electr&oacute;nico <a rel=\"noreferrer noopener\" href=\"mailto:museofadermendoza@gmail.com\" target=\"_blank\">museofadermendoza@gmail.com<\/a>&nbsp;o comunicarse de martes a viernes al 49602224, de 9 a 17.<\/p>\n\n\n\n<p><strong>Sobre el museo&nbsp;<\/strong><\/p>\n\n\n\n<p>El Museo Provincial de Bellas Artes Emiliano Gui&ntilde;az&uacute;-Casa de Fader, concebido para una funci&oacute;n activa como c&aacute;tedra de arte, cuenta con colecciones originales de importantes artistas provinciales, nacionales y con reproducciones de cuadros y esculturas del arte universal. Lleva el nombre del extraordinario artista pl&aacute;stico Fernando Fader, quien pint&oacute; los maravillosos murales del hall y de la piscina interna.<\/p>\n\n\n\n<p>La casona donde funciona fue donada por do&ntilde;a Narcisa Araujo de Gui&ntilde;az&uacute; en 1945 y transformada con una original concepci&oacute;n de museo-parque: trazado geom&eacute;trico de cipreses que forman salas al aire libre para la exposici&oacute;n de esculturas. Abri&oacute; finalmente sus puertas al p&uacute;blico en 1951. En 1998, se declaran Bienes del Patrimonio de la Provincia de Mendoza el Edificio del Museo, su parque y la obra de Fernando Fader, se&ntilde;al del reconocimiento oficial por el valor patrimonial que el museo tiene para la vida de Mendoza.<\/p>\n\n\n\n<p>El museo cuenta con 45 obras y 7 murales, los cuales fueron pintados por Fernando Fader a pedido de Emiliano Gui&ntilde;az&uacute;, en 1905. Adem&aacute;s, la colecci&oacute;n cuenta con varios retratos que se han seleccionado en homenaje a los familiares de &eacute;l, su hermano Carlos y su esposa, Narcisa Adela Gui&ntilde;az&uacute; de Fader, junto a una colecci&oacute;n de obras sobre paisajes mendocinos.&nbsp;&nbsp;<\/p>\n\n\n\n<p><strong>Biograf&iacute;a de Fernando Fader&nbsp;<\/strong><\/p>\n\n\n\n<p>A ra&iacute;z de una tuberculosis, los m&eacute;dicos le dijeron que le quedaban pocos meses de vida y, para pasar aquel breve tiempo lo mejor posible, le recomendaron mudarse a las sierras cordobesas, ya que el aire puro le har&iacute;a bien a sus pulmones. Cuando recibi&oacute; aquella devastadora noticia apenas era un treinta&ntilde;ero que hab&iacute;a vuelto hac&iacute;a unos a&ntilde;os de Europa, donde hab&iacute;a estudiado a los grandes maestros de la pintura.&nbsp;<\/p>\n\n\n\n<p>Era el menor de seis hermanos y en quien recay&oacute; el negocio familiar, luego de la muerte de su padre. No fue lo suyo: perdi&oacute; la fortuna heredada y, finalmente, se fue a la provincia de C&oacute;rdoba para respirar el aire puro recomendado. Vivi&oacute; veinte a&ntilde;os m&aacute;s, pint&oacute; casi 800 obras &ndash;en las que retrat&oacute; distintos lugares del paisaje nacional&ndash; y fue uno de los artistas m&aacute;s buscados por los coleccionistas del arte argentino.&nbsp;<\/p>\n\n\n\n<p>El treinta&ntilde;ero moribundo se convirti&oacute; en el genial Fernando Fader.<\/p>\n\n\n\n<p>Fernando naci&oacute; el 11 de abril de 1882 en la ciudad de Burdeos, Francia. De padre alem&aacute;n y madre francesa, a sus tres a&ntilde;os, los Fader llegaron a la provincia de Mendoza. Fueron una familia pionera en el desarrollo de la industria petrolera en el pa&iacute;s. Se dice que crearon el primer oleoducto en la Argentina, el cual contaba con 42 kil&oacute;metros entre la ciudad de Cacheuta y la capital de Mendoza. Tuvieron varios proyectos hidroel&eacute;ctricos y de energ&iacute;a. Supieron crecer y llevar adelante muchos de ellos. Sin embargo, el destino del peque&ntilde;o de los Fader no estaba en la ingenier&iacute;a ni en los n&uacute;meros, sino en los pinceles, los colores y las im&aacute;genes.<\/p>\n\n\n\n<p>Fernando, a los veintitantos, ya hab&iacute;a realizado varias pinturas y dibujos, y una primera exposici&oacute;n en Buenos Aires, que fue elogiada por Cupertino del Campo, director del Museo Nacional de Bellas Artes durante veinte a&ntilde;os y tambi&eacute;n pintor. Esto le abri&oacute; ciertas puertas en el escenario art&iacute;stico local. Pero no fue hasta su estad&iacute;a de recuperaci&oacute;n, cuando en 1915 conoci&oacute; al galerista y marchante alem&aacute;n Federico M&uuml;ller, quien le ofreci&oacute; un contrato para que continuara con su carrera pict&oacute;rica y, sobre todo, para solventar sus gastos.<\/p>\n\n\n\n<p>Era el momento de la Primera Guerra Mundial. Nadie compraba arte y hab&iacute;a que sobrevivir. Gracias a los contactos de M&uuml;ller, Fader vendi&oacute; m&aacute;s de 160 piezas de su producci&oacute;n a precios m&aacute;s que considerables. As&iacute;, logr&oacute; posicionarlo como uno de los pintores m&aacute;s destacados y requeridos de la &eacute;poca.<\/p>\n\n\n\n<p>Demostr&oacute; su destreza y talento en sus pinturas de g&eacute;nero y costumbristas, como <em>Caballos <\/em>(1904), <em>Fin de invierno <\/em>(1918),<em> Al solcito<\/em> (1922); <em>Pocho  <\/em>(C&oacute;rdoba, 1930). Quiz&aacute; la pincelada r&aacute;pida y esa factura veloz para componer las diferentes escenas hagan tildar el estilo de Fader como impresionista.<\/p>\n\n\n\n<p>Adem&aacute;s de galer&iacute;as y colecciones privadas, la Casa de Fader tiene la mayor cantidad de piezas de su producci&oacute;n. Otras tantas est&aacute;n en el Museo Castagnino de Rosario y en el Museo Nacional de Bellas Artes.&nbsp;<\/p>\n\n\n\n<figure class=\"wp-block-gallery columns-3\"><ul class=\"blocks-gallery-grid\"><li class=\"blocks-gallery-item\"><figure><a href=\"https:\/\/www.mendoza.gov.ar\/wp-content\/uploads\/sites\/5\/2023\/12\/WhatsApp-Image-2023-12-12-at-11.40.44-700x525.jpeg\"><img loading=\"lazy\" width=\"700\" height=\"525\" src=\"https:\/\/www.mendoza.gov.ar\/wp-content\/uploads\/sites\/5\/2023\/12\/WhatsApp-Image-2023-12-12-at-11.40.44-700x525.jpeg\" alt=\"\" data-id=\"388076\" data-link=\"https:\/\/www.mendoza.gov.ar\/prensa\/?attachment_id=388076\" class=\"wp-image-388076 img-responsive center-block\" srcset=\"https:\/\/www.mendoza.gov.ar\/wp-content\/uploads\/sites\/5\/2023\/12\/WhatsApp-Image-2023-12-12-at-11.40.44-700x525.jpeg 700w, https:\/\/www.mendoza.gov.ar\/wp-content\/uploads\/sites\/5\/2023\/12\/WhatsApp-Image-2023-12-12-at-11.40.44-250x188.jpeg 250w, https:\/\/www.mendoza.gov.ar\/wp-content\/uploads\/sites\/5\/2023\/12\/WhatsApp-Image-2023-12-12-at-11.40.44-768x576.jpeg 768w, https:\/\/www.mendoza.gov.ar\/wp-content\/uploads\/sites\/5\/2023\/12\/WhatsApp-Image-2023-12-12-at-11.40.44-1536x1152.jpeg 1536w, https:\/\/www.mendoza.gov.ar\/wp-content\/uploads\/sites\/5\/2023\/12\/WhatsApp-Image-2023-12-12-at-11.40.44-2048x1536.jpeg 2048w, https:\/\/www.mendoza.gov.ar\/wp-content\/uploads\/sites\/5\/2023\/12\/WhatsApp-Image-2023-12-12-at-11.40.44-120x90.jpeg 120w\" sizes=\"(max-width: 700px) 100vw, 700px\"><\/a><\/figure><\/li><li class=\"blocks-gallery-item\"><figure><a href=\"https:\/\/www.mendoza.gov.ar\/wp-content\/uploads\/sites\/5\/2023\/12\/WhatsApp-Image-2023-12-12-at-12.33.17-700x525.jpeg\"><img loading=\"lazy\" width=\"700\" height=\"525\" src=\"https:\/\/www.mendoza.gov.ar\/wp-content\/uploads\/sites\/5\/2023\/12\/WhatsApp-Image-2023-12-12-at-12.33.17-700x525.jpeg\" alt=\"\" data-id=\"388077\" data-link=\"https:\/\/www.mendoza.gov.ar\/prensa\/?attachment_id=388077\" class=\"wp-image-388077 img-responsive center-block\" srcset=\"https:\/\/www.mendoza.gov.ar\/wp-content\/uploads\/sites\/5\/2023\/12\/WhatsApp-Image-2023-12-12-at-12.33.17-700x525.jpeg 700w, https:\/\/www.mendoza.gov.ar\/wp-content\/uploads\/sites\/5\/2023\/12\/WhatsApp-Image-2023-12-12-at-12.33.17-250x188.jpeg 250w, https:\/\/www.mendoza.gov.ar\/wp-content\/uploads\/sites\/5\/2023\/12\/WhatsApp-Image-2023-12-12-at-12.33.17-768x576.jpeg 768w, https:\/\/www.mendoza.gov.ar\/wp-content\/uploads\/sites\/5\/2023\/12\/WhatsApp-Image-2023-12-12-at-12.33.17-1536x1152.jpeg 1536w, https:\/\/www.mendoza.gov.ar\/wp-content\/uploads\/sites\/5\/2023\/12\/WhatsApp-Image-2023-12-12-at-12.33.17-2048x1536.jpeg 2048w, https:\/\/www.mendoza.gov.ar\/wp-content\/uploads\/sites\/5\/2023\/12\/WhatsApp-Image-2023-12-12-at-12.33.17-120x90.jpeg 120w\" sizes=\"(max-width: 700px) 100vw, 700px\"><\/a><\/figure><\/li><li class=\"blocks-gallery-item\"><figure><a href=\"https:\/\/www.mendoza.gov.ar\/wp-content\/uploads\/sites\/5\/2023\/12\/WhatsApp-Image-2023-12-12-at-11.40.34-700x525.jpeg\"><img loading=\"lazy\" width=\"700\" height=\"525\" src=\"https:\/\/www.mendoza.gov.ar\/wp-content\/uploads\/sites\/5\/2023\/12\/WhatsApp-Image-2023-12-12-at-11.40.34-700x525.jpeg\" alt=\"\" data-id=\"388078\" data-link=\"https:\/\/www.mendoza.gov.ar\/prensa\/?attachment_id=388078\" class=\"wp-image-388078 img-responsive center-block\" srcset=\"https:\/\/www.mendoza.gov.ar\/wp-content\/uploads\/sites\/5\/2023\/12\/WhatsApp-Image-2023-12-12-at-11.40.34-700x525.jpeg 700w, https:\/\/www.mendoza.gov.ar\/wp-content\/uploads\/sites\/5\/2023\/12\/WhatsApp-Image-2023-12-12-at-11.40.34-250x188.jpeg 250w, https:\/\/www.mendoza.gov.ar\/wp-content\/uploads\/sites\/5\/2023\/12\/WhatsApp-Image-2023-12-12-at-11.40.34-768x576.jpeg 768w, https:\/\/www.mendoza.gov.ar\/wp-content\/uploads\/sites\/5\/2023\/12\/WhatsApp-Image-2023-12-12-at-11.40.34-1536x1152.jpeg 1536w, https:\/\/www.mendoza.gov.ar\/wp-content\/uploads\/sites\/5\/2023\/12\/WhatsApp-Image-2023-12-12-at-11.40.34-2048x1536.jpeg 2048w, https:\/\/www.mendoza.gov.ar\/wp-content\/uploads\/sites\/5\/2023\/12\/WhatsApp-Image-2023-12-12-at-11.40.34-120x90.jpeg 120w\" sizes=\"(max-width: 700px) 100vw, 700px\"><\/a><\/figure><\/li><li class=\"blocks-gallery-item\"><figure><a href=\"https:\/\/www.mendoza.gov.ar\/wp-content\/uploads\/sites\/5\/2023\/12\/WhatsApp-Image-2023-12-12-at-11.40.43-700x525.jpeg\"><img loading=\"lazy\" width=\"700\" height=\"525\" src=\"https:\/\/www.mendoza.gov.ar\/wp-content\/uploads\/sites\/5\/2023\/12\/WhatsApp-Image-2023-12-12-at-11.40.43-700x525.jpeg\" alt=\"\" data-id=\"388079\" data-link=\"https:\/\/www.mendoza.gov.ar\/prensa\/?attachment_id=388079\" class=\"wp-image-388079 img-responsive center-block\" srcset=\"https:\/\/www.mendoza.gov.ar\/wp-content\/uploads\/sites\/5\/2023\/12\/WhatsApp-Image-2023-12-12-at-11.40.43-700x525.jpeg 700w, https:\/\/www.mendoza.gov.ar\/wp-content\/uploads\/sites\/5\/2023\/12\/WhatsApp-Image-2023-12-12-at-11.40.43-250x188.jpeg 250w, https:\/\/www.mendoza.gov.ar\/wp-content\/uploads\/sites\/5\/2023\/12\/WhatsApp-Image-2023-12-12-at-11.40.43-768x576.jpeg 768w, https:\/\/www.mendoza.gov.ar\/wp-content\/uploads\/sites\/5\/2023\/12\/WhatsApp-Image-2023-12-12-at-11.40.43-1536x1152.jpeg 1536w, https:\/\/www.mendoza.gov.ar\/wp-content\/uploads\/sites\/5\/2023\/12\/WhatsApp-Image-2023-12-12-at-11.40.43-2048x1536.jpeg 2048w, https:\/\/www.mendoza.gov.ar\/wp-content\/uploads\/sites\/5\/2023\/12\/WhatsApp-Image-2023-12-12-at-11.40.43-120x90.jpeg 120w\" sizes=\"(max-width: 700px) 100vw, 700px\"><\/a><\/figure><\/li><li class=\"blocks-gallery-item\"><figure><a href=\"https:\/\/www.mendoza.gov.ar\/wp-content\/uploads\/sites\/5\/2023\/12\/WhatsApp-Image-2023-12-12-at-11.38.38.jpeg\"><img loading=\"lazy\" width=\"700\" height=\"525\" src=\"https:\/\/www.mendoza.gov.ar\/wp-content\/uploads\/sites\/5\/2023\/12\/WhatsApp-Image-2023-12-12-at-11.38.38-700x525.jpeg\" alt=\"\" data-id=\"388080\" data-full-url=\"https:\/\/www.mendoza.gov.ar\/wp-content\/uploads\/sites\/5\/2023\/12\/WhatsApp-Image-2023-12-12-at-11.38.38.jpeg\" data-link=\"https:\/\/www.mendoza.gov.ar\/prensa\/?attachment_id=388080\" class=\"wp-image-388080 img-responsive center-block\" srcset=\"https:\/\/www.mendoza.gov.ar\/wp-content\/uploads\/sites\/5\/2023\/12\/WhatsApp-Image-2023-12-12-at-11.38.38-700x525.jpeg 700w, https:\/\/www.mendoza.gov.ar\/wp-content\/uploads\/sites\/5\/2023\/12\/WhatsApp-Image-2023-12-12-at-11.38.38-250x188.jpeg 250w, https:\/\/www.mendoza.gov.ar\/wp-content\/uploads\/sites\/5\/2023\/12\/WhatsApp-Image-2023-12-12-at-11.38.38-768x576.jpeg 768w, https:\/\/www.mendoza.gov.ar\/wp-content\/uploads\/sites\/5\/2023\/12\/WhatsApp-Image-2023-12-12-at-11.38.38-1536x1152.jpeg 1536w, https:\/\/www.mendoza.gov.ar\/wp-content\/uploads\/sites\/5\/2023\/12\/WhatsApp-Image-2023-12-12-at-11.38.38-2048x1536.jpeg 2048w, https:\/\/www.mendoza.gov.ar\/wp-content\/uploads\/sites\/5\/2023\/12\/WhatsApp-Image-2023-12-12-at-11.38.38-120x90.jpeg 120w\" sizes=\"(max-width: 700px) 100vw, 700px\"><\/a><\/figure><\/li><\/ul><\/figure>\n<\/body><\/html>\n","protected":false},"excerpt":{"rendered":"La muestra se suma a la Colecci&oacute;n Permanente que se encuentra en el espacio como parte del Patrimonio del Museo, acompa&ntilde;ada con documentaci&oacute;n fotogr&aacute;fica que introducen en la vida y obra del autor.&nbsp; Tras ocho a&ntilde;os resguardadas en el edificio de Patrimonio Cultural y Museos, en la antigua Escuela Mitre, una destacada serie de obras&#8230; <a class=\"view-article\" href=\"https:\/\/www.mendoza.gov.ar\/prensa\/destacadas-obras-de-fernando-fader-seran-exhibidas-nuevamente-en-el-museo-emiliano-guinazu-casa-fader\/\"><\/a>","protected":false},"author":61,"featured_media":388077,"comment_status":"open","ping_status":"open","sticky":false,"template":"","format":"standard","meta":[],"categories":[12],"tags":[],"_links":{"self":[{"href":"https:\/\/www.mendoza.gov.ar\/prensa\/wp-json\/wp\/v2\/posts\/388075"}],"collection":[{"href":"https:\/\/www.mendoza.gov.ar\/prensa\/wp-json\/wp\/v2\/posts"}],"about":[{"href":"https:\/\/www.mendoza.gov.ar\/prensa\/wp-json\/wp\/v2\/types\/post"}],"author":[{"embeddable":true,"href":"https:\/\/www.mendoza.gov.ar\/prensa\/wp-json\/wp\/v2\/users\/61"}],"replies":[{"embeddable":true,"href":"https:\/\/www.mendoza.gov.ar\/prensa\/wp-json\/wp\/v2\/comments?post=388075"}],"version-history":[{"count":10,"href":"https:\/\/www.mendoza.gov.ar\/prensa\/wp-json\/wp\/v2\/posts\/388075\/revisions"}],"predecessor-version":[{"id":388123,"href":"https:\/\/www.mendoza.gov.ar\/prensa\/wp-json\/wp\/v2\/posts\/388075\/revisions\/388123"}],"wp:featuredmedia":[{"embeddable":true,"href":"https:\/\/www.mendoza.gov.ar\/prensa\/wp-json\/wp\/v2\/media\/388077"}],"wp:attachment":[{"href":"https:\/\/www.mendoza.gov.ar\/prensa\/wp-json\/wp\/v2\/media?parent=388075"}],"wp:term":[{"taxonomy":"category","embeddable":true,"href":"https:\/\/www.mendoza.gov.ar\/prensa\/wp-json\/wp\/v2\/categories?post=388075"},{"taxonomy":"post_tag","embeddable":true,"href":"https:\/\/www.mendoza.gov.ar\/prensa\/wp-json\/wp\/v2\/tags?post=388075"}],"curies":[{"name":"wp","href":"https:\/\/api.w.org\/{rel}","templated":true}]}}