{"id":390887,"date":"2024-01-11T16:37:56","date_gmt":"2024-01-11T19:37:56","guid":{"rendered":"https:\/\/www.mendoza.gov.ar\/prensa\/?p=390887"},"modified":"2024-01-12T12:47:16","modified_gmt":"2024-01-12T15:47:16","slug":"por-la-alta-inflacion-mendoza-adelanto-por-mas-de-60-dias-las-paritarias-con-todos-los-gremios","status":"publish","type":"post","link":"https:\/\/www.mendoza.gov.ar\/prensa\/por-la-alta-inflacion-mendoza-adelanto-por-mas-de-60-dias-las-paritarias-con-todos-los-gremios\/","title":{"rendered":"Por la alta inflaci\u00f3n, Mendoza adelant\u00f3 m\u00e1s de 60 d\u00edas las paritarias con todos los gremios"},"content":{"rendered":"<!DOCTYPE html PUBLIC \"-\/\/W3C\/\/DTD HTML 4.0 Transitional\/\/EN\" \"http:\/\/www.w3.org\/TR\/REC-html40\/loose.dtd\">\n<html><body><h5>Ante la dif&iacute;cil situaci&oacute;n econ&oacute;mica que vive el pa&iacute;s y con un alto &iacute;ndice inflacionario de 25,5%, el Gobierno de Mendoza decidi&oacute; adelantar m&aacute;s de 60 d&iacute;as las paritarias. En este marco, el cronograma comenzar&aacute; los primeros d&iacute;as de febrero. En los pr&oacute;ximos d&iacute;as, los gremios ser&aacute;n notificados por la Subsecretar&iacute;a de Trabajo sobre el d&iacute;a y la hora en que ser&aacute;n convocados.<\/h5>\n\n\n\n<p>Cabe recordar que, en las &uacute;ltimas paritarias, qued&oacute; establecida una cl&aacute;usula de garant&iacute;a seg&uacute;n la cual el Ejecutivo provincial se compromet&iacute;a a reunirse con los representantes de los trabajadores en abril. Con esta decisi&oacute;n, el Ejecutivo adelanta la discusi&oacute;n por un per&iacute;odo superior a 60 d&iacute;as.<\/p>\n\n\n\n<figure class=\"wp-block-gallery columns-1 is-cropped\"><ul class=\"blocks-gallery-grid\"><li class=\"blocks-gallery-item\"><figure><img loading=\"lazy\" width=\"700\" height=\"338\" src=\"https:\/\/www.mendoza.gov.ar\/wp-content\/uploads\/sites\/5\/2018\/12\/Casa-de-Gobierno-e1676257932733-700x338.jpg\" alt=\"\" data-id=\"165738\" data-full-url=\"https:\/\/www.mendoza.gov.ar\/wp-content\/uploads\/sites\/5\/2018\/12\/Casa-de-Gobierno-e1676257932733.jpg\" data-link=\"https:\/\/www.mendoza.gov.ar\/prensa\/el-medio-aguinaldo-de-los-estatales-estara-depositado-el-miercoles-19\/casa-de-gobierno-3\/\" class=\"wp-image-165738 img-responsive center-block\" srcset=\"https:\/\/www.mendoza.gov.ar\/wp-content\/uploads\/sites\/5\/2018\/12\/Casa-de-Gobierno-e1676257932733-700x338.jpg 700w, https:\/\/www.mendoza.gov.ar\/wp-content\/uploads\/sites\/5\/2018\/12\/Casa-de-Gobierno-e1676257932733-250x121.jpg 250w, https:\/\/www.mendoza.gov.ar\/wp-content\/uploads\/sites\/5\/2018\/12\/Casa-de-Gobierno-e1676257932733-768x370.jpg 768w, https:\/\/www.mendoza.gov.ar\/wp-content\/uploads\/sites\/5\/2018\/12\/Casa-de-Gobierno-e1676257932733-120x58.jpg 120w, https:\/\/www.mendoza.gov.ar\/wp-content\/uploads\/sites\/5\/2018\/12\/Casa-de-Gobierno-e1676257932733-1536x741.jpg 1536w, https:\/\/www.mendoza.gov.ar\/wp-content\/uploads\/sites\/5\/2018\/12\/Casa-de-Gobierno-e1676257932733.jpg 1959w\" sizes=\"(max-width: 700px) 100vw, 700px\"><\/figure><\/li><\/ul><\/figure>\n<\/body><\/html>\n","protected":false},"excerpt":{"rendered":"Ante la dif&iacute;cil situaci&oacute;n econ&oacute;mica que vive el pa&iacute;s y con un alto &iacute;ndice inflacionario de 25,5%, el Gobierno de Mendoza decidi&oacute; adelantar m&aacute;s de 60 d&iacute;as las paritarias. En este marco, el cronograma comenzar&aacute; los primeros d&iacute;as de febrero. En los pr&oacute;ximos d&iacute;as, los gremios ser&aacute;n notificados por la Subsecretar&iacute;a de Trabajo sobre el&#8230; <a class=\"view-article\" href=\"https:\/\/www.mendoza.gov.ar\/prensa\/por-la-alta-inflacion-mendoza-adelanto-por-mas-de-60-dias-las-paritarias-con-todos-los-gremios\/\"><\/a>","protected":false},"author":178,"featured_media":287288,"comment_status":"open","ping_status":"open","sticky":false,"template":"","format":"standard","meta":[],"categories":[20],"tags":[],"_links":{"self":[{"href":"https:\/\/www.mendoza.gov.ar\/prensa\/wp-json\/wp\/v2\/posts\/390887"}],"collection":[{"href":"https:\/\/www.mendoza.gov.ar\/prensa\/wp-json\/wp\/v2\/posts"}],"about":[{"href":"https:\/\/www.mendoza.gov.ar\/prensa\/wp-json\/wp\/v2\/types\/post"}],"author":[{"embeddable":true,"href":"https:\/\/www.mendoza.gov.ar\/prensa\/wp-json\/wp\/v2\/users\/178"}],"replies":[{"embeddable":true,"href":"https:\/\/www.mendoza.gov.ar\/prensa\/wp-json\/wp\/v2\/comments?post=390887"}],"version-history":[{"count":3,"href":"https:\/\/www.mendoza.gov.ar\/prensa\/wp-json\/wp\/v2\/posts\/390887\/revisions"}],"predecessor-version":[{"id":390897,"href":"https:\/\/www.mendoza.gov.ar\/prensa\/wp-json\/wp\/v2\/posts\/390887\/revisions\/390897"}],"wp:featuredmedia":[{"embeddable":true,"href":"https:\/\/www.mendoza.gov.ar\/prensa\/wp-json\/wp\/v2\/media\/287288"}],"wp:attachment":[{"href":"https:\/\/www.mendoza.gov.ar\/prensa\/wp-json\/wp\/v2\/media?parent=390887"}],"wp:term":[{"taxonomy":"category","embeddable":true,"href":"https:\/\/www.mendoza.gov.ar\/prensa\/wp-json\/wp\/v2\/categories?post=390887"},{"taxonomy":"post_tag","embeddable":true,"href":"https:\/\/www.mendoza.gov.ar\/prensa\/wp-json\/wp\/v2\/tags?post=390887"}],"curies":[{"name":"wp","href":"https:\/\/api.w.org\/{rel}","templated":true}]}}