{"id":391682,"date":"2024-01-19T14:59:21","date_gmt":"2024-01-19T17:59:21","guid":{"rendered":"https:\/\/www.mendoza.gov.ar\/prensa\/?p=391682"},"modified":"2024-01-20T10:39:25","modified_gmt":"2024-01-20T13:39:25","slug":"vendimia-2024-la-bendicion-de-los-frutos-y-el-paseo-federal-se-realizaran-en-el-predio-de-la-virgen-guaymallen","status":"publish","type":"post","link":"https:\/\/www.mendoza.gov.ar\/prensa\/vendimia-2024-la-bendicion-de-los-frutos-y-el-paseo-federal-se-realizaran-en-el-predio-de-la-virgen-guaymallen\/","title":{"rendered":"Vendimia 2024: la Bendici\u00f3n de los Frutos y el Paseo Federal se realizar\u00e1n en el Predio de la Virgen, en Guaymall\u00e9n"},"content":{"rendered":"<!DOCTYPE html PUBLIC \"-\/\/W3C\/\/DTD HTML 4.0 Transitional\/\/EN\" \"http:\/\/www.w3.org\/TR\/REC-html40\/loose.dtd\">\n<html><body><h5>As&iacute; lo anunciaron el ministro de Educaci&oacute;n, Cultura, Infancias y DGE, Tadeo Garc&iacute;a Zalazar, y el subsecretario de Cultura, Diego Gareca, en conferencia de prensa. Los acompa&ntilde;&oacute;  el intendente de Guaymall&eacute;n, Marcos Calvente.<\/h5>\n\n\n\n<p>Mendoza ya palpita su fiesta mayor. Numerosas y atractivas actividades integrar&aacute;n el tradicional calendario de Fiesta Nacional de la Vendimia 2024, elegida el a&ntilde;o pasado como la mejor fiesta popular del pa&iacute;s.<\/p>\n\n\n\n<p>El ministro&nbsp;de Educaci&oacute;n, Cultura, Infancias y DGE,&nbsp;Garc&iacute;a Zalazar, inform&oacute; que &ldquo;los d&iacute;as 21, 22 y 23 de febrero se llevar&aacute; a cabo el Paseo Federal. Este a&ntilde;o, el lugar elegido es el Predio de la Virgen, ubicado en Guaymall&eacute;n. En tanto, el domingo 25 se realizar&aacute; en ese mismo lugar la Bendici&oacute;n de los Frutos&rdquo;.<\/p>\n\n\n\n<p>&ldquo;Este predio tiene el marco ideal para que los departamentos puedan mostrar su idiosincrasia, su arte y su cultura a trav&eacute;s de la presencia de artistas y <em>stands<\/em> preparados para recibir a mendocinos y turistas&rdquo;, manifest&oacute; el ministro.<\/p>\n\n\n\n<p>El intendente de Guaymall&eacute;n, Marcos Calvente, indic&oacute;: &ldquo;Estamos orgullosos de ser anfitriones de un evento tan importante como son el Paseo Federal y la Bendici&oacute;n de los Frutos, celebraci&oacute;n con la que se abren los actos oficiales de la Vendimia 2024&rdquo;.<\/p>\n\n\n\n<p>Por su parte, el&nbsp;subsecretario de Cultura, Diego Gareca, destac&oacute; que &ldquo;nuevamente estas actividades de Vendimia volver&aacute;n a recorrer la provincia. La idea es mantener las acciones vendimiales con un gran esfuerzo y acercar los eventos a todos los mendocinos y turistas&rdquo;.<\/p>\n\n\n\n<p>La Bendici&oacute;n de los Frutos ser&aacute; dirigida por Alberto Gim&eacute;nez, reconocido realizador vendimial de la provincia.<\/p>\n\n\n\n<p><strong>Programaci&oacute;n<\/strong><br><br>Paseo Federal: mi&eacute;rcoles 21, jueves 22 y viernes 23 de febrero de 2024.<\/p>\n\n\n\n<p>La Bendici&oacute;n de Frutos, el primer evento del calendario oficial de Vendimia en 2024 ser&aacute; en Guaymall&eacute;n, precisamente en el Predio de la Virgen, y ser&aacute; el domingo 25 de febrero.<\/p>\n\n\n\n<p>La V&iacute;a Blanca de las Reinas realizar&aacute; su recorrido el viernes 1 de marzo, mientras que el tradicional Carrusel transitar&aacute; las calles c&eacute;ntricas de Mendoza el s&aacute;bado 2 de marzo por la ma&ntilde;ana.<\/p>\n\n\n\n<p>El Teatro Griego Frank Romero Day se prepara para recibir el Acto Central de la Fiesta Nacional de la Vendimia 2024, <em>Coronados de historia y futuro<\/em>, el s&aacute;bado 2 de marzo, noche en la que tambi&eacute;n se llevar&aacute; a cabo la elecci&oacute;n y coronaci&oacute;n de la soberana nacional, mientras que la Segunda y Tercera Noche se desarrollar&aacute;n el 3 y 4 de marzo respectivamente.<\/p>\n\n\n\n<p>A continuaci&oacute;n se informan las fechas de las Vendimias departamentales 2024. El cronograma est&aacute; sujeto a modificaciones, a cargo de cada municipio. Cabe destacar que Godoy Cruz y La Paz ya realizaron sus fiestas.<\/p>\n\n\n\n<p><strong>Fiestas departamentales Vendimia 2024<\/strong><\/p>\n\n\n\n<p>S&aacute;bado 20 de enero 2024 &ndash; Jun&iacute;n<br>S&aacute;bado 27 de enero 2024 &ndash; San Carlos<br>S&aacute;bado 27 de enero 2024 &ndash; Lavalle<br>Jueves 1 de febrero 2024 &ndash; Tunuy&aacute;n<br>Viernes 2 de febrero 2024 &ndash; Rivadavia<br>Viernes 2 de febrero 2024 &ndash; Guaymall&eacute;n<br>S&aacute;bado 3 de febrero 2024 &ndash; Las Heras<br>S&aacute;bado 3 de febrero 2024 &ndash; General Alvear<br>Jueves 8 de febrero 2024 &ndash; San Mart&iacute;n<br>S&aacute;bado 10 y domingo 11 de febrero 2024 &ndash; San Rafael<br>S&aacute;bado 10 de febrero 2024 &ndash; Malarg&uuml;e<br>S&aacute;bado 10 de febrero 2024 &ndash; Tupungato<br>S&aacute;bado 17 de febrero 2024 &ndash; Luj&aacute;n de Cuyo<br>Viernes 16 de febrero 2024 &ndash; Ciudad<\/p>\n\n\n\n<figure class=\"wp-block-gallery columns-3\"><ul class=\"blocks-gallery-grid\"><li class=\"blocks-gallery-item\"><figure><a href=\"https:\/\/www.mendoza.gov.ar\/wp-content\/uploads\/sites\/5\/2024\/01\/DSC00561.jpg\"><img loading=\"lazy\" width=\"700\" height=\"467\" src=\"https:\/\/www.mendoza.gov.ar\/wp-content\/uploads\/sites\/5\/2024\/01\/DSC00561-700x467.jpg\" alt=\"\" data-id=\"391686\" data-full-url=\"https:\/\/www.mendoza.gov.ar\/wp-content\/uploads\/sites\/5\/2024\/01\/DSC00561.jpg\" data-link=\"https:\/\/www.mendoza.gov.ar\/prensa\/?attachment_id=391686\" class=\"wp-image-391686 img-responsive center-block\" srcset=\"https:\/\/www.mendoza.gov.ar\/wp-content\/uploads\/sites\/5\/2024\/01\/DSC00561-700x467.jpg 700w, https:\/\/www.mendoza.gov.ar\/wp-content\/uploads\/sites\/5\/2024\/01\/DSC00561-250x167.jpg 250w, https:\/\/www.mendoza.gov.ar\/wp-content\/uploads\/sites\/5\/2024\/01\/DSC00561-768x512.jpg 768w, https:\/\/www.mendoza.gov.ar\/wp-content\/uploads\/sites\/5\/2024\/01\/DSC00561-1536x1024.jpg 1536w, https:\/\/www.mendoza.gov.ar\/wp-content\/uploads\/sites\/5\/2024\/01\/DSC00561-2048x1365.jpg 2048w, https:\/\/www.mendoza.gov.ar\/wp-content\/uploads\/sites\/5\/2024\/01\/DSC00561-120x80.jpg 120w\" sizes=\"(max-width: 700px) 100vw, 700px\"><\/a><\/figure><\/li><li class=\"blocks-gallery-item\"><figure><a href=\"https:\/\/www.mendoza.gov.ar\/wp-content\/uploads\/sites\/5\/2024\/01\/DSC00569.jpg\"><img loading=\"lazy\" width=\"700\" height=\"467\" src=\"https:\/\/www.mendoza.gov.ar\/wp-content\/uploads\/sites\/5\/2024\/01\/DSC00569-700x467.jpg\" alt=\"\" data-id=\"391687\" data-full-url=\"https:\/\/www.mendoza.gov.ar\/wp-content\/uploads\/sites\/5\/2024\/01\/DSC00569.jpg\" data-link=\"https:\/\/www.mendoza.gov.ar\/prensa\/?attachment_id=391687\" class=\"wp-image-391687 img-responsive center-block\" srcset=\"https:\/\/www.mendoza.gov.ar\/wp-content\/uploads\/sites\/5\/2024\/01\/DSC00569-700x467.jpg 700w, https:\/\/www.mendoza.gov.ar\/wp-content\/uploads\/sites\/5\/2024\/01\/DSC00569-250x167.jpg 250w, https:\/\/www.mendoza.gov.ar\/wp-content\/uploads\/sites\/5\/2024\/01\/DSC00569-768x512.jpg 768w, https:\/\/www.mendoza.gov.ar\/wp-content\/uploads\/sites\/5\/2024\/01\/DSC00569-1536x1024.jpg 1536w, https:\/\/www.mendoza.gov.ar\/wp-content\/uploads\/sites\/5\/2024\/01\/DSC00569-2048x1365.jpg 2048w, https:\/\/www.mendoza.gov.ar\/wp-content\/uploads\/sites\/5\/2024\/01\/DSC00569-120x80.jpg 120w\" sizes=\"(max-width: 700px) 100vw, 700px\"><\/a><\/figure><\/li><li class=\"blocks-gallery-item\"><figure><a href=\"https:\/\/www.mendoza.gov.ar\/wp-content\/uploads\/sites\/5\/2024\/01\/DSC00555.jpg\"><img loading=\"lazy\" width=\"700\" height=\"467\" src=\"https:\/\/www.mendoza.gov.ar\/wp-content\/uploads\/sites\/5\/2024\/01\/DSC00555-700x467.jpg\" alt=\"\" data-id=\"391688\" data-full-url=\"https:\/\/www.mendoza.gov.ar\/wp-content\/uploads\/sites\/5\/2024\/01\/DSC00555.jpg\" data-link=\"https:\/\/www.mendoza.gov.ar\/prensa\/?attachment_id=391688\" class=\"wp-image-391688 img-responsive center-block\" srcset=\"https:\/\/www.mendoza.gov.ar\/wp-content\/uploads\/sites\/5\/2024\/01\/DSC00555-700x467.jpg 700w, https:\/\/www.mendoza.gov.ar\/wp-content\/uploads\/sites\/5\/2024\/01\/DSC00555-250x167.jpg 250w, https:\/\/www.mendoza.gov.ar\/wp-content\/uploads\/sites\/5\/2024\/01\/DSC00555-768x512.jpg 768w, https:\/\/www.mendoza.gov.ar\/wp-content\/uploads\/sites\/5\/2024\/01\/DSC00555-1536x1024.jpg 1536w, https:\/\/www.mendoza.gov.ar\/wp-content\/uploads\/sites\/5\/2024\/01\/DSC00555-2048x1365.jpg 2048w, https:\/\/www.mendoza.gov.ar\/wp-content\/uploads\/sites\/5\/2024\/01\/DSC00555-120x80.jpg 120w\" sizes=\"(max-width: 700px) 100vw, 700px\"><\/a><\/figure><\/li><li class=\"blocks-gallery-item\"><figure><a href=\"https:\/\/www.mendoza.gov.ar\/wp-content\/uploads\/sites\/5\/2024\/01\/DSC00548.jpg\"><img loading=\"lazy\" width=\"700\" height=\"467\" src=\"https:\/\/www.mendoza.gov.ar\/wp-content\/uploads\/sites\/5\/2024\/01\/DSC00548-700x467.jpg\" alt=\"\" data-id=\"391689\" data-full-url=\"https:\/\/www.mendoza.gov.ar\/wp-content\/uploads\/sites\/5\/2024\/01\/DSC00548.jpg\" data-link=\"https:\/\/www.mendoza.gov.ar\/prensa\/?attachment_id=391689\" class=\"wp-image-391689 img-responsive center-block\" srcset=\"https:\/\/www.mendoza.gov.ar\/wp-content\/uploads\/sites\/5\/2024\/01\/DSC00548-700x467.jpg 700w, https:\/\/www.mendoza.gov.ar\/wp-content\/uploads\/sites\/5\/2024\/01\/DSC00548-250x167.jpg 250w, https:\/\/www.mendoza.gov.ar\/wp-content\/uploads\/sites\/5\/2024\/01\/DSC00548-768x512.jpg 768w, https:\/\/www.mendoza.gov.ar\/wp-content\/uploads\/sites\/5\/2024\/01\/DSC00548-1536x1024.jpg 1536w, https:\/\/www.mendoza.gov.ar\/wp-content\/uploads\/sites\/5\/2024\/01\/DSC00548-2048x1365.jpg 2048w, https:\/\/www.mendoza.gov.ar\/wp-content\/uploads\/sites\/5\/2024\/01\/DSC00548-120x80.jpg 120w\" sizes=\"(max-width: 700px) 100vw, 700px\"><\/a><\/figure><\/li><li class=\"blocks-gallery-item\"><figure><a href=\"https:\/\/www.mendoza.gov.ar\/wp-content\/uploads\/sites\/5\/2024\/01\/DSC00521.jpg\"><img src=\"https:\/\/www.mendoza.gov.ar\/wp-content\/uploads\/sites\/5\/2024\/01\/DSC00521-700x462.jpg\" alt=\"\" data-id=\"391690\" data-full-url=\"https:\/\/www.mendoza.gov.ar\/wp-content\/uploads\/sites\/5\/2024\/01\/DSC00521.jpg\" data-link=\"https:\/\/www.mendoza.gov.ar\/prensa\/?attachment_id=391690\" class=\"wp-image-391690 img-responsive center-block\"><\/a><\/figure><\/li><li class=\"blocks-gallery-item\"><figure><a href=\"https:\/\/www.mendoza.gov.ar\/wp-content\/uploads\/sites\/5\/2024\/01\/DSC00530.jpg\"><img loading=\"lazy\" width=\"700\" height=\"467\" src=\"https:\/\/www.mendoza.gov.ar\/wp-content\/uploads\/sites\/5\/2024\/01\/DSC00530-700x467.jpg\" alt=\"\" data-id=\"391691\" data-full-url=\"https:\/\/www.mendoza.gov.ar\/wp-content\/uploads\/sites\/5\/2024\/01\/DSC00530.jpg\" data-link=\"https:\/\/www.mendoza.gov.ar\/prensa\/?attachment_id=391691\" class=\"wp-image-391691 img-responsive center-block\" srcset=\"https:\/\/www.mendoza.gov.ar\/wp-content\/uploads\/sites\/5\/2024\/01\/DSC00530-700x467.jpg 700w, https:\/\/www.mendoza.gov.ar\/wp-content\/uploads\/sites\/5\/2024\/01\/DSC00530-250x167.jpg 250w, https:\/\/www.mendoza.gov.ar\/wp-content\/uploads\/sites\/5\/2024\/01\/DSC00530-768x512.jpg 768w, https:\/\/www.mendoza.gov.ar\/wp-content\/uploads\/sites\/5\/2024\/01\/DSC00530-1536x1024.jpg 1536w, https:\/\/www.mendoza.gov.ar\/wp-content\/uploads\/sites\/5\/2024\/01\/DSC00530-2048x1365.jpg 2048w, https:\/\/www.mendoza.gov.ar\/wp-content\/uploads\/sites\/5\/2024\/01\/DSC00530-120x80.jpg 120w\" sizes=\"(max-width: 700px) 100vw, 700px\"><\/a><\/figure><\/li><\/ul><\/figure>\n<\/body><\/html>\n","protected":false},"excerpt":{"rendered":"As&iacute; lo anunciaron el ministro de Educaci&oacute;n, Cultura, Infancias y DGE, Tadeo Garc&iacute;a Zalazar, y el subsecretario de Cultura, Diego Gareca, en conferencia de prensa. Los acompa&ntilde;&oacute; el intendente de Guaymall&eacute;n, Marcos Calvente. Mendoza ya palpita su fiesta mayor. Numerosas y atractivas actividades integrar&aacute;n el tradicional calendario de Fiesta Nacional de la Vendimia 2024, elegida&#8230; <a class=\"view-article\" href=\"https:\/\/www.mendoza.gov.ar\/prensa\/vendimia-2024-la-bendicion-de-los-frutos-y-el-paseo-federal-se-realizaran-en-el-predio-de-la-virgen-guaymallen\/\"><\/a>","protected":false},"author":63,"featured_media":391690,"comment_status":"open","ping_status":"open","sticky":false,"template":"","format":"standard","meta":[],"categories":[12,2711,3035],"tags":[],"_links":{"self":[{"href":"https:\/\/www.mendoza.gov.ar\/prensa\/wp-json\/wp\/v2\/posts\/391682"}],"collection":[{"href":"https:\/\/www.mendoza.gov.ar\/prensa\/wp-json\/wp\/v2\/posts"}],"about":[{"href":"https:\/\/www.mendoza.gov.ar\/prensa\/wp-json\/wp\/v2\/types\/post"}],"author":[{"embeddable":true,"href":"https:\/\/www.mendoza.gov.ar\/prensa\/wp-json\/wp\/v2\/users\/63"}],"replies":[{"embeddable":true,"href":"https:\/\/www.mendoza.gov.ar\/prensa\/wp-json\/wp\/v2\/comments?post=391682"}],"version-history":[{"count":8,"href":"https:\/\/www.mendoza.gov.ar\/prensa\/wp-json\/wp\/v2\/posts\/391682\/revisions"}],"predecessor-version":[{"id":391743,"href":"https:\/\/www.mendoza.gov.ar\/prensa\/wp-json\/wp\/v2\/posts\/391682\/revisions\/391743"}],"wp:featuredmedia":[{"embeddable":true,"href":"https:\/\/www.mendoza.gov.ar\/prensa\/wp-json\/wp\/v2\/media\/391690"}],"wp:attachment":[{"href":"https:\/\/www.mendoza.gov.ar\/prensa\/wp-json\/wp\/v2\/media?parent=391682"}],"wp:term":[{"taxonomy":"category","embeddable":true,"href":"https:\/\/www.mendoza.gov.ar\/prensa\/wp-json\/wp\/v2\/categories?post=391682"},{"taxonomy":"post_tag","embeddable":true,"href":"https:\/\/www.mendoza.gov.ar\/prensa\/wp-json\/wp\/v2\/tags?post=391682"}],"curies":[{"name":"wp","href":"https:\/\/api.w.org\/{rel}","templated":true}]}}