{"id":392354,"date":"2024-01-27T09:00:00","date_gmt":"2024-01-27T12:00:00","guid":{"rendered":"https:\/\/www.mendoza.gov.ar\/prensa\/?p=392354"},"modified":"2024-01-28T09:14:20","modified_gmt":"2024-01-28T12:14:20","slug":"modernizacion-atm-y-la-subsecretaria-de-trabajo-firmaron-convenios-para-la-agilizacion-de-notificacion-y-cobro-de-actas-de-infraccion","status":"publish","type":"post","link":"https:\/\/www.mendoza.gov.ar\/prensa\/modernizacion-atm-y-la-subsecretaria-de-trabajo-firmaron-convenios-para-la-agilizacion-de-notificacion-y-cobro-de-actas-de-infraccion\/","title":{"rendered":"Modernizaci\u00f3n: ATM y la Subsecretar\u00eda de Trabajo agilizan la notificaci\u00f3n y el cobro de actas de infracci\u00f3n"},"content":{"rendered":"<!DOCTYPE html PUBLIC \"-\/\/W3C\/\/DTD HTML 4.0 Transitional\/\/EN\" \"http:\/\/www.w3.org\/TR\/REC-html40\/loose.dtd\">\n<html><body><h5>El objetivo es lograr la ejecuci&oacute;n de las cuentas por cobrar de las actas de infracci&oacute;n labradas por la subsecretar&iacute;a permitiendo el uso del Domicilio Fiscal Electr&oacute;nico para notificar.<\/h5>\n\n\n\n<p>El administrador general de ATM, Alejandro Donati, junto al director general de Rentas, Nicol&aacute;s Chaves, y al subsecretario de Trabajo y Empleo, Rodrigo Herrera, firmaron convenios de colaboraci&oacute;n entre la Administraci&oacute;n Tributaria Mendoza y la Subsecretar&iacute;a de Trabajo y Empleo. El objetivo es ejecutar y agilizar el cobro de las actas de infracci&oacute;n labradas por los inspectores de la subsecretar&iacute;a.<\/p>\n\n\n\n<p>Ambos organismos colaborar&aacute;n para realizar el cobro permitiendo a la Subsecretar&iacute;a d Trabajo notificar a los deudores a trav&eacute;s del domicilio fiscal electr&oacute;nico con el que cuenta la ATM.<\/p>\n\n\n\n<p>Nicol&aacute;s Chaves, director general de Rentas, explic&oacute;: &ldquo;Estos convenios contin&uacute;an el trabajo que viene haciendo la Administraci&oacute;n y el Gobierno de Mendoza de integrar sistemas. Nosotros, en uno de los convenios espec&iacute;ficos que firmamos, estamos acentuando el trabajo y d&aacute;ndole mayor difusi&oacute;n y fuerza al domicilio fiscal electr&oacute;nico. Dentro de la oficina virtual, todas las personas que hayan constituido su domicilio fiscal electr&oacute;nico, ya sean f&iacute;sicas o jur&iacute;dicas, deben revisar asiduamente para ver si tienen alguna notificaci&oacute;n, ya sea de ATM, entes como la Subsecretaria de Trabajo en este caso o de los municipios que ya han firmado estos convenios. En esa casilla van a recibir tanto avisos como notificaciones en las cuales pueden tener o no alguna implicancia jur&iacute;dica. En el caso de que sea una gesti&oacute;n judicial, van a tener una notificaci&oacute;n, por ejemplo, una boleta de deuda, la cual despu&eacute;s implica un proceso monitorio de apremios&rdquo;.<\/p>\n\n\n\n<p>En lo referido al domicilio fiscal electr&oacute;nico, que se encuentra instrumentado y operativo a trav&eacute;s del sitio <a href=\"http:\/\/www.atm.mendoza.gov.ar\">www.atm.mendoza.gov.ar<\/a>, la Subsecretaria de Trabajo y Empleo lo podr&aacute; utilizar para las notificaciones, emplazamientos, citaciones y otras comunicaciones que deba realizar. A trav&eacute;s de este sistema se pueden recibir notificaciones en materia tributaria como intimaciones administrativas y judiciales, avisos, fiscalizaciones electr&oacute;nicas y juicios monitorios de apremios, entre otras.<\/p>\n\n\n\n<p>Por su parte, Rodrigo Herrera, subsecretario de Trabajo, coment&oacute;: &ldquo;El primer convenio que firmamos es por la notificaci&oacute;n electr&oacute;nica que nos har&iacute;a bajar los costos de log&iacute;stica, acelerar los tiempos de notificaciones y fundamentalmente d&aacute;ndole seguridad jur&iacute;dica al contribuyente y al proceso, ya que hoy en d&iacute;a la subsecretar&iacute;a tiene cuatro notificadores diarios con veh&iacute;culos que recorren el Gran Mendoza&rdquo;.<\/p>\n\n\n\n<p>Uno de los convenios se&ntilde;ala que, transcurridos 10 d&iacute;as h&aacute;biles desde la fecha de la notificaci&oacute;n de la resoluci&oacute;n que deja firme la cuenta por cobrar y cuando no se haya registrado su cancelaci&oacute;n, la oficina de Habilitaci&oacute;n cargar&aacute; las obligaciones vencidas en el sistema proporcionado por ATM para que sean ejecutadas por el Departamento Gesti&oacute;n de Cobranzas de la ATM, quien generar&aacute; mensualmente las boletas de deuda, inici&aacute;ndose as&iacute; el proceso monitorio de apremio.<\/p>\n\n\n\n<figure class=\"wp-block-gallery columns-3\"><ul class=\"blocks-gallery-grid\"><li class=\"blocks-gallery-item\"><figure><a href=\"https:\/\/www.mendoza.gov.ar\/wp-content\/uploads\/sites\/5\/2024\/01\/DSC00693.jpg\"><img loading=\"lazy\" width=\"700\" height=\"467\" src=\"https:\/\/www.mendoza.gov.ar\/wp-content\/uploads\/sites\/5\/2024\/01\/DSC00693-700x467.jpg\" alt=\"\" data-id=\"392355\" data-full-url=\"https:\/\/www.mendoza.gov.ar\/wp-content\/uploads\/sites\/5\/2024\/01\/DSC00693.jpg\" data-link=\"https:\/\/www.mendoza.gov.ar\/prensa\/?attachment_id=392355\" class=\"wp-image-392355 img-responsive center-block\" srcset=\"https:\/\/www.mendoza.gov.ar\/wp-content\/uploads\/sites\/5\/2024\/01\/DSC00693-700x467.jpg 700w, https:\/\/www.mendoza.gov.ar\/wp-content\/uploads\/sites\/5\/2024\/01\/DSC00693-250x167.jpg 250w, https:\/\/www.mendoza.gov.ar\/wp-content\/uploads\/sites\/5\/2024\/01\/DSC00693-768x512.jpg 768w, https:\/\/www.mendoza.gov.ar\/wp-content\/uploads\/sites\/5\/2024\/01\/DSC00693-1536x1024.jpg 1536w, https:\/\/www.mendoza.gov.ar\/wp-content\/uploads\/sites\/5\/2024\/01\/DSC00693-2048x1365.jpg 2048w, https:\/\/www.mendoza.gov.ar\/wp-content\/uploads\/sites\/5\/2024\/01\/DSC00693-120x80.jpg 120w\" sizes=\"(max-width: 700px) 100vw, 700px\"><\/a><\/figure><\/li><li class=\"blocks-gallery-item\"><figure><a href=\"https:\/\/www.mendoza.gov.ar\/wp-content\/uploads\/sites\/5\/2024\/01\/DSC00683.jpg\"><img loading=\"lazy\" width=\"700\" height=\"467\" src=\"https:\/\/www.mendoza.gov.ar\/wp-content\/uploads\/sites\/5\/2024\/01\/DSC00683-700x467.jpg\" alt=\"\" data-id=\"392356\" data-full-url=\"https:\/\/www.mendoza.gov.ar\/wp-content\/uploads\/sites\/5\/2024\/01\/DSC00683.jpg\" data-link=\"https:\/\/www.mendoza.gov.ar\/prensa\/?attachment_id=392356\" class=\"wp-image-392356 img-responsive center-block\" srcset=\"https:\/\/www.mendoza.gov.ar\/wp-content\/uploads\/sites\/5\/2024\/01\/DSC00683-700x467.jpg 700w, https:\/\/www.mendoza.gov.ar\/wp-content\/uploads\/sites\/5\/2024\/01\/DSC00683-250x167.jpg 250w, https:\/\/www.mendoza.gov.ar\/wp-content\/uploads\/sites\/5\/2024\/01\/DSC00683-768x512.jpg 768w, https:\/\/www.mendoza.gov.ar\/wp-content\/uploads\/sites\/5\/2024\/01\/DSC00683-1536x1024.jpg 1536w, https:\/\/www.mendoza.gov.ar\/wp-content\/uploads\/sites\/5\/2024\/01\/DSC00683-2048x1365.jpg 2048w, https:\/\/www.mendoza.gov.ar\/wp-content\/uploads\/sites\/5\/2024\/01\/DSC00683-120x80.jpg 120w\" sizes=\"(max-width: 700px) 100vw, 700px\"><\/a><\/figure><\/li><li class=\"blocks-gallery-item\"><figure><a href=\"https:\/\/www.mendoza.gov.ar\/wp-content\/uploads\/sites\/5\/2024\/01\/DSC00678.jpg\"><img loading=\"lazy\" width=\"700\" height=\"467\" src=\"https:\/\/www.mendoza.gov.ar\/wp-content\/uploads\/sites\/5\/2024\/01\/DSC00678-700x467.jpg\" alt=\"\" data-id=\"392357\" data-full-url=\"https:\/\/www.mendoza.gov.ar\/wp-content\/uploads\/sites\/5\/2024\/01\/DSC00678.jpg\" data-link=\"https:\/\/www.mendoza.gov.ar\/prensa\/?attachment_id=392357\" class=\"wp-image-392357 img-responsive center-block\" srcset=\"https:\/\/www.mendoza.gov.ar\/wp-content\/uploads\/sites\/5\/2024\/01\/DSC00678-700x467.jpg 700w, https:\/\/www.mendoza.gov.ar\/wp-content\/uploads\/sites\/5\/2024\/01\/DSC00678-250x167.jpg 250w, https:\/\/www.mendoza.gov.ar\/wp-content\/uploads\/sites\/5\/2024\/01\/DSC00678-768x512.jpg 768w, https:\/\/www.mendoza.gov.ar\/wp-content\/uploads\/sites\/5\/2024\/01\/DSC00678-1536x1024.jpg 1536w, https:\/\/www.mendoza.gov.ar\/wp-content\/uploads\/sites\/5\/2024\/01\/DSC00678-2048x1365.jpg 2048w, https:\/\/www.mendoza.gov.ar\/wp-content\/uploads\/sites\/5\/2024\/01\/DSC00678-120x80.jpg 120w\" sizes=\"(max-width: 700px) 100vw, 700px\"><\/a><\/figure><\/li><li class=\"blocks-gallery-item\"><figure><a href=\"https:\/\/www.mendoza.gov.ar\/wp-content\/uploads\/sites\/5\/2024\/01\/DSC00707.jpg\"><img src=\"https:\/\/www.mendoza.gov.ar\/wp-content\/uploads\/sites\/5\/2024\/01\/DSC00707-700x467.jpg\" alt=\"\" data-id=\"392358\" data-full-url=\"https:\/\/www.mendoza.gov.ar\/wp-content\/uploads\/sites\/5\/2024\/01\/DSC00707.jpg\" data-link=\"https:\/\/www.mendoza.gov.ar\/prensa\/?attachment_id=392358\" class=\"wp-image-392358 img-responsive center-block\"><\/a><\/figure><\/li><\/ul><\/figure>\n\n\n\n<p>Sobre este tema, Chaves detall&oacute;: &ldquo;Este convenio estipula la gesti&oacute;n de cobranza de aquellas multas que haya labrado la Subsecretaria de Trabajo. En este caso, ATM va a gestionar tanto administrativamente como judicialmente el cobro de estos fondos p&uacute;blicos&rdquo;.<\/p>\n<\/body><\/html>\n","protected":false},"excerpt":{"rendered":"El objetivo es lograr la ejecuci&oacute;n de las cuentas por cobrar de las actas de infracci&oacute;n labradas por la subsecretar&iacute;a permitiendo el uso del Domicilio Fiscal Electr&oacute;nico para notificar. El administrador general de ATM, Alejandro Donati, junto al director general de Rentas, Nicol&aacute;s Chaves, y al subsecretario de Trabajo y Empleo, Rodrigo Herrera, firmaron convenios&#8230; <a class=\"view-article\" href=\"https:\/\/www.mendoza.gov.ar\/prensa\/modernizacion-atm-y-la-subsecretaria-de-trabajo-firmaron-convenios-para-la-agilizacion-de-notificacion-y-cobro-de-actas-de-infraccion\/\"><\/a>","protected":false},"author":63,"featured_media":392358,"comment_status":"open","ping_status":"open","sticky":false,"template":"","format":"standard","meta":[],"categories":[21,2711],"tags":[],"_links":{"self":[{"href":"https:\/\/www.mendoza.gov.ar\/prensa\/wp-json\/wp\/v2\/posts\/392354"}],"collection":[{"href":"https:\/\/www.mendoza.gov.ar\/prensa\/wp-json\/wp\/v2\/posts"}],"about":[{"href":"https:\/\/www.mendoza.gov.ar\/prensa\/wp-json\/wp\/v2\/types\/post"}],"author":[{"embeddable":true,"href":"https:\/\/www.mendoza.gov.ar\/prensa\/wp-json\/wp\/v2\/users\/63"}],"replies":[{"embeddable":true,"href":"https:\/\/www.mendoza.gov.ar\/prensa\/wp-json\/wp\/v2\/comments?post=392354"}],"version-history":[{"count":4,"href":"https:\/\/www.mendoza.gov.ar\/prensa\/wp-json\/wp\/v2\/posts\/392354\/revisions"}],"predecessor-version":[{"id":392445,"href":"https:\/\/www.mendoza.gov.ar\/prensa\/wp-json\/wp\/v2\/posts\/392354\/revisions\/392445"}],"wp:featuredmedia":[{"embeddable":true,"href":"https:\/\/www.mendoza.gov.ar\/prensa\/wp-json\/wp\/v2\/media\/392358"}],"wp:attachment":[{"href":"https:\/\/www.mendoza.gov.ar\/prensa\/wp-json\/wp\/v2\/media?parent=392354"}],"wp:term":[{"taxonomy":"category","embeddable":true,"href":"https:\/\/www.mendoza.gov.ar\/prensa\/wp-json\/wp\/v2\/categories?post=392354"},{"taxonomy":"post_tag","embeddable":true,"href":"https:\/\/www.mendoza.gov.ar\/prensa\/wp-json\/wp\/v2\/tags?post=392354"}],"curies":[{"name":"wp","href":"https:\/\/api.w.org\/{rel}","templated":true}]}}