{"id":392968,"date":"2024-02-02T14:14:04","date_gmt":"2024-02-02T17:14:04","guid":{"rendered":"https:\/\/www.mendoza.gov.ar\/prensa\/?p=392968"},"modified":"2024-02-02T14:14:05","modified_gmt":"2024-02-02T17:14:05","slug":"internacionalizacion-de-las-pymes-metalurgicas-patricia-gimenez-se-reunio-con-referentes-de-asinmet","status":"publish","type":"post","link":"https:\/\/www.mendoza.gov.ar\/prensa\/internacionalizacion-de-las-pymes-metalurgicas-patricia-gimenez-se-reunio-con-referentes-de-asinmet\/","title":{"rendered":"Internacionalizaci\u00f3n de las pymes metal\u00fargicas: Patricia Gim\u00e9nez se reuni\u00f3 con referentes de Asinmet"},"content":{"rendered":"<!DOCTYPE html PUBLIC \"-\/\/W3C\/\/DTD HTML 4.0 Transitional\/\/EN\" \"http:\/\/www.w3.org\/TR\/REC-html40\/loose.dtd\">\n<html><body><h2><\/h2>\n\n\n\n<p>La gerente de ProMendoza, Patricia Gim&eacute;nez, recibi&oacute; a representantes de la Asociaci&oacute;n de Industriales Metal&uacute;rgicos de la Provincia de Mendoza (Asinmet) para continuar con las pol&iacute;ticas conjuntas de nternacionalizaci&oacute;n de las pymes metal&uacute;rgicas.<\/p>\n\n\n\n<p>La funcionaria destac&oacute; que &ldquo;fue un muy buen encuentro, muy productivo y ya fijamos la fecha de la pr&oacute;xima reuni&oacute;n porque tenemos muchas tareas en com&uacute;n&rdquo;.<\/p>\n\n\n\n<p>&ldquo;Vamos a trabajar la agenda propuesta por ProMendoza para eventos internacionales y una agenda de ferias y misiones dentro de Argentina que Asinmet quiere que nosotros acompa&ntilde;emos y estamos de acuerdo. Es importante que los acompa&ntilde;emos en eventos nacionales tambi&eacute;n, porque, a la larga, ese crecimiento permite poder vender sus productos e ir aumentando su capital instalado y tener m&aacute;s chances de poder exportar&rdquo;.<\/p>\n\n\n\n<p>Gimenez explic&oacute; que en una primera etapa, Promendoza analizar&aacute; con cada sector productivo de Mendoza qu&eacute; posibilidades les ofrece hoy el mundo, cu&aacute;les son los destinos a los que nuestras industrias quieren llegar y cuales potenciar. &ldquo;Queremos hacerlo en equipo. Por ejemplo, hoy desde el sector metalmec&aacute;nico plantearon la necesidad de vender m&aacute;s dentro de la Argentina y en pa&iacute;ses vecinos. En un a&ntilde;o donde la log&iacute;stica est&aacute; cara, poder ir a mercados m&aacute;s cercanos ayuda al sector a no quedarse cerrado y perder capacidad instalada&rdquo;, dijo.<\/p>\n\n\n\n<p>Por su parte, el presidente de Asinmet, Mariano Guizzo, coment&oacute; que &ldquo;la metalmec&aacute;nica supo exportar mucho en a&ntilde;os anteriores y tiene un desaf&iacute;o grande de internacionalizar m&aacute;s sus productos. Estamos planeando una agenda no s&oacute;lo fuera del pa&iacute;s sino tambi&eacute;n fuera de la provincia, y queremos que ProMendoza sea nuestro v&iacute;nculo para llegar a otras provincias y para vender maquinarias y atraer nuevas inversiones&rdquo;.<\/p>\n\n\n\n<p>Guizzo agreg&oacute;: &ldquo;ProMendoza ha sido nuestro veh&iacute;culo para llegar a mercados como M&eacute;xico y Brasil. Hemos participado de ferias que nos han otorgado nuevos conocimientos sobre el entramado local en M&eacute;xico &ndash;por ejemplo- para generar una oferta exportable que funcione en ese mercado. En Brasil asistimos a la Oil &amp; Gas, y entendimos c&oacute;mo desarroll&oacute; Brasil el mercado energ&eacute;tico, dejando a las empresas m&aacute;s grandes la explotaci&oacute;n offshore y distribuyendo la explotaci&oacute;n de petr&oacute;leo y gas convencional a las empresas m&aacute;s peque&ntilde;as. All&iacute; con el gobernador pudimos mostrar a potenciales inversores brasileros cu&aacute;l es la cadena de valor con la que cuentan si vienen a invertir a Mendoza&rdquo;.<\/p>\n\n\n\n<p>Se acord&oacute; en ProMendoza seguir&aacute; el trabajo conjunto para la determinaci&oacute;n de la oferta exportable como as&iacute; tambi&eacute;n continuar con el relevamiento de empresas que efectivamente est&aacute;n exportando y tambi&eacute;n aquellas que est&aacute;n con potencial exportador acompa&ntilde;ando el proceso con herramientas de internacionalizaci&oacute;n.<\/p>\n\n\n\n<p>Tambi&eacute;n, Gim&eacute;nez y los representantes de Asinmet analizaron el calendario de actividades de promoci&oacute;n para 2024 y proyectaron las actividades conjuntas que podr&aacute;n desarrollar.<\/p>\n\n\n\n<p>Estuvieron presentes por Asinmet Mariano Guizzo, Fabi&aacute;n Solis, Franco Totero, Fernando Tittoto, Germ&aacute;n Griffouliere, Fernando Lisazo, Adriana Dalpozo y Julio Totero. Por ProMendoza, Guillermo Martinez, Gaetano Aguilera Prisco y Noelia de la Rosa.<\/p>\n\n\n\n<p><strong>Metalmec&aacute;nica en n&uacute;meros<\/strong><\/p>\n\n\n\n<p>El sector metalmec&aacute;nico anualmente exporta m&aacute;s de 80 millones de d&oacute;lares en maquinarias, principalmente bombas, l&iacute;neas de fraccionamiento de vinos y alimentos, calibrado de hortalizas, procesamiento de frutas y transformadores de trasmisi&oacute;n de energ&iacute;a.<\/p>\n\n\n\n<figure class=\"wp-block-gallery columns-3\"><ul class=\"blocks-gallery-grid\"><li class=\"blocks-gallery-item\"><figure><a href=\"https:\/\/www.mendoza.gov.ar\/wp-content\/uploads\/sites\/5\/2024\/02\/4.jpg\"><img src=\"https:\/\/www.mendoza.gov.ar\/wp-content\/uploads\/sites\/5\/2024\/02\/4-700x525.jpg\" alt=\"\" data-id=\"392994\" data-full-url=\"https:\/\/www.mendoza.gov.ar\/wp-content\/uploads\/sites\/5\/2024\/02\/4.jpg\" data-link=\"https:\/\/www.mendoza.gov.ar\/prensa\/?attachment_id=392994\" class=\"wp-image-392994 img-responsive center-block\"><\/a><\/figure><\/li><li class=\"blocks-gallery-item\"><figure><a href=\"https:\/\/www.mendoza.gov.ar\/wp-content\/uploads\/sites\/5\/2024\/02\/3.jpg\"><img loading=\"lazy\" width=\"700\" height=\"466\" src=\"https:\/\/www.mendoza.gov.ar\/wp-content\/uploads\/sites\/5\/2024\/02\/3-700x466.jpg\" alt=\"\" data-id=\"392995\" data-full-url=\"https:\/\/www.mendoza.gov.ar\/wp-content\/uploads\/sites\/5\/2024\/02\/3.jpg\" data-link=\"https:\/\/www.mendoza.gov.ar\/prensa\/?attachment_id=392995\" class=\"wp-image-392995 img-responsive center-block\" srcset=\"https:\/\/www.mendoza.gov.ar\/wp-content\/uploads\/sites\/5\/2024\/02\/3-700x466.jpg 700w, https:\/\/www.mendoza.gov.ar\/wp-content\/uploads\/sites\/5\/2024\/02\/3-250x167.jpg 250w, https:\/\/www.mendoza.gov.ar\/wp-content\/uploads\/sites\/5\/2024\/02\/3-768x512.jpg 768w, https:\/\/www.mendoza.gov.ar\/wp-content\/uploads\/sites\/5\/2024\/02\/3-1536x1023.jpg 1536w, https:\/\/www.mendoza.gov.ar\/wp-content\/uploads\/sites\/5\/2024\/02\/3-120x80.jpg 120w, https:\/\/www.mendoza.gov.ar\/wp-content\/uploads\/sites\/5\/2024\/02\/3.jpg 1600w\" sizes=\"(max-width: 700px) 100vw, 700px\"><\/a><\/figure><\/li><li class=\"blocks-gallery-item\"><figure><a href=\"https:\/\/www.mendoza.gov.ar\/wp-content\/uploads\/sites\/5\/2024\/02\/2.jpg\"><img loading=\"lazy\" width=\"700\" height=\"466\" src=\"https:\/\/www.mendoza.gov.ar\/wp-content\/uploads\/sites\/5\/2024\/02\/2-700x466.jpg\" alt=\"\" data-id=\"392996\" data-full-url=\"https:\/\/www.mendoza.gov.ar\/wp-content\/uploads\/sites\/5\/2024\/02\/2.jpg\" data-link=\"https:\/\/www.mendoza.gov.ar\/prensa\/?attachment_id=392996\" class=\"wp-image-392996 img-responsive center-block\" srcset=\"https:\/\/www.mendoza.gov.ar\/wp-content\/uploads\/sites\/5\/2024\/02\/2-700x466.jpg 700w, https:\/\/www.mendoza.gov.ar\/wp-content\/uploads\/sites\/5\/2024\/02\/2-250x167.jpg 250w, https:\/\/www.mendoza.gov.ar\/wp-content\/uploads\/sites\/5\/2024\/02\/2-768x512.jpg 768w, https:\/\/www.mendoza.gov.ar\/wp-content\/uploads\/sites\/5\/2024\/02\/2-1536x1023.jpg 1536w, https:\/\/www.mendoza.gov.ar\/wp-content\/uploads\/sites\/5\/2024\/02\/2-120x80.jpg 120w, https:\/\/www.mendoza.gov.ar\/wp-content\/uploads\/sites\/5\/2024\/02\/2.jpg 1600w\" sizes=\"(max-width: 700px) 100vw, 700px\"><\/a><\/figure><\/li><li class=\"blocks-gallery-item\"><figure><a href=\"https:\/\/www.mendoza.gov.ar\/wp-content\/uploads\/sites\/5\/2024\/02\/1.jpg\"><img loading=\"lazy\" width=\"700\" height=\"466\" src=\"https:\/\/www.mendoza.gov.ar\/wp-content\/uploads\/sites\/5\/2024\/02\/1-700x466.jpg\" alt=\"\" data-id=\"392997\" data-full-url=\"https:\/\/www.mendoza.gov.ar\/wp-content\/uploads\/sites\/5\/2024\/02\/1.jpg\" data-link=\"https:\/\/www.mendoza.gov.ar\/prensa\/?attachment_id=392997\" class=\"wp-image-392997 img-responsive center-block\" srcset=\"https:\/\/www.mendoza.gov.ar\/wp-content\/uploads\/sites\/5\/2024\/02\/1-700x466.jpg 700w, https:\/\/www.mendoza.gov.ar\/wp-content\/uploads\/sites\/5\/2024\/02\/1-250x167.jpg 250w, https:\/\/www.mendoza.gov.ar\/wp-content\/uploads\/sites\/5\/2024\/02\/1-768x512.jpg 768w, https:\/\/www.mendoza.gov.ar\/wp-content\/uploads\/sites\/5\/2024\/02\/1-1536x1023.jpg 1536w, https:\/\/www.mendoza.gov.ar\/wp-content\/uploads\/sites\/5\/2024\/02\/1-120x80.jpg 120w, https:\/\/www.mendoza.gov.ar\/wp-content\/uploads\/sites\/5\/2024\/02\/1.jpg 1600w\" sizes=\"(max-width: 700px) 100vw, 700px\"><\/a><\/figure><\/li><\/ul><\/figure>\n<\/body><\/html>\n","protected":false},"excerpt":{"rendered":"La gerente de ProMendoza, Patricia Gim&eacute;nez, recibi&oacute; a representantes de la Asociaci&oacute;n de Industriales Metal&uacute;rgicos de la Provincia de Mendoza (Asinmet) para continuar con las pol&iacute;ticas conjuntas de nternacionalizaci&oacute;n de las pymes metal&uacute;rgicas. La funcionaria destac&oacute; que &ldquo;fue un muy buen encuentro, muy productivo y ya fijamos la fecha de la pr&oacute;xima reuni&oacute;n porque tenemos&#8230; <a class=\"view-article\" href=\"https:\/\/www.mendoza.gov.ar\/prensa\/internacionalizacion-de-las-pymes-metalurgicas-patricia-gimenez-se-reunio-con-referentes-de-asinmet\/\"><\/a>","protected":false},"author":63,"featured_media":392994,"comment_status":"open","ping_status":"open","sticky":false,"template":"","format":"standard","meta":[],"categories":[3028],"tags":[],"_links":{"self":[{"href":"https:\/\/www.mendoza.gov.ar\/prensa\/wp-json\/wp\/v2\/posts\/392968"}],"collection":[{"href":"https:\/\/www.mendoza.gov.ar\/prensa\/wp-json\/wp\/v2\/posts"}],"about":[{"href":"https:\/\/www.mendoza.gov.ar\/prensa\/wp-json\/wp\/v2\/types\/post"}],"author":[{"embeddable":true,"href":"https:\/\/www.mendoza.gov.ar\/prensa\/wp-json\/wp\/v2\/users\/63"}],"replies":[{"embeddable":true,"href":"https:\/\/www.mendoza.gov.ar\/prensa\/wp-json\/wp\/v2\/comments?post=392968"}],"version-history":[{"count":2,"href":"https:\/\/www.mendoza.gov.ar\/prensa\/wp-json\/wp\/v2\/posts\/392968\/revisions"}],"predecessor-version":[{"id":392998,"href":"https:\/\/www.mendoza.gov.ar\/prensa\/wp-json\/wp\/v2\/posts\/392968\/revisions\/392998"}],"wp:featuredmedia":[{"embeddable":true,"href":"https:\/\/www.mendoza.gov.ar\/prensa\/wp-json\/wp\/v2\/media\/392994"}],"wp:attachment":[{"href":"https:\/\/www.mendoza.gov.ar\/prensa\/wp-json\/wp\/v2\/media?parent=392968"}],"wp:term":[{"taxonomy":"category","embeddable":true,"href":"https:\/\/www.mendoza.gov.ar\/prensa\/wp-json\/wp\/v2\/categories?post=392968"},{"taxonomy":"post_tag","embeddable":true,"href":"https:\/\/www.mendoza.gov.ar\/prensa\/wp-json\/wp\/v2\/tags?post=392968"}],"curies":[{"name":"wp","href":"https:\/\/api.w.org\/{rel}","templated":true}]}}