{"id":393913,"date":"2024-02-09T12:34:40","date_gmt":"2024-02-09T15:34:40","guid":{"rendered":"https:\/\/www.mendoza.gov.ar\/prensa\/?p=393913"},"modified":"2024-02-09T19:24:47","modified_gmt":"2024-02-09T22:24:47","slug":"contingencias-climaticas-el-sistema-de-mitigacion-trabajo-en-los-oasis-norte-este-y-sur-y-no-se-registro-granizo-en-zonas-cultivadas","status":"publish","type":"post","link":"https:\/\/www.mendoza.gov.ar\/prensa\/contingencias-climaticas-el-sistema-de-mitigacion-trabajo-en-los-oasis-norte-este-y-sur-y-no-se-registro-granizo-en-zonas-cultivadas\/","title":{"rendered":"Contingencias Clim\u00e1ticas: el sistema de mitigaci\u00f3n trabaj\u00f3 en los oasis Norte, Este y Sur y no se registr\u00f3 granizo en zonas cultivadas"},"content":{"rendered":"<!DOCTYPE html PUBLIC \"-\/\/W3C\/\/DTD HTML 4.0 Transitional\/\/EN\" \"http:\/\/www.w3.org\/TR\/REC-html40\/loose.dtd\">\n<html><body><h5><strong>Se cumpli&oacute; el pron&oacute;stico y se registraron precipitaciones de variada intensidad en toda la Provincia.<\/strong><\/h5>\n\n\n\n<p>La actividad inici&oacute; en las primeras horas de la jornada de ayer, jueves 8, en el oasis Sur, donde se registraron los primeros ecos de n&uacute;cleos convectivos. All&iacute; se trabaj&oacute; hasta la tarde noche, con tres vuelos y las precipitaciones fueron generalizadas. Solamente se registr&oacute; granizo en zonas de secano de Guadales, este de Monte Com&aacute;n (San Rafael)<strong>&nbsp;<\/strong>y en Ovejer&iacute;a, Los Huarpes y La Mora (Alvear).<\/p>\n\n\n\n<p>En tanto, en el oasis Centro, se registraron solamente lluvias moderadas tanto en zona cultivada como de campo, en los tres departamentos.<\/p>\n\n\n\n<p>Para los oasis Norte y Este, los radares observaron lluvias moderadas a fuertes en cultivos de Lavalle, San Mart&iacute;n, Santa Rosa, Rivadavia, La Paz, Maip&uacute; y en zonas de campo de Las Heras, Luj&aacute;n de Cuyo, Lavalle, La Paz, Santa Rosa, Rivadavia y San Mart&iacute;n. Tambi&eacute;n, posible granizo en zona de campo San Miguel (Lavalle), La Paz Norte (La Paz) y La Dormida (Santa Rosa). En estos oasis, los aviones realizaron dos vuelos,en horas de la tarde.<\/p>\n\n\n\n<p><strong>Pron&oacute;stico extendido<\/strong><\/p>\n\n\n\n<p>Durante la jornada de hoy viernes 9, contin&uacute;a la circulaci&oacute;n de aire h&uacute;medo en las capas bajas, que puede generar &aacute;reas de lluvias y tormentas de variada intensidad. <\/p>\n\n\n\n<p>Para el s&aacute;bado, se anticipa una mejora parcial pero se mantienen las condiciones inestables en la zona Sur. El domingo regresa el calor y el ingreso de un sistema frontal durante la noche intensifica la inestabilidad con la posible formaci&oacute;n de tormentas.<\/p>\n\n\n\n<p><strong>Viernes:<\/strong><\/p>\n\n\n\n<p>Inestable con lluvias y tormentas, descenso de la temperatura, vientos del sudeste.<\/p>\n\n\n\n<p><strong>M&aacute;xima: 29&ordm;C <\/strong><\/p>\n\n\n\n<p><strong>M&iacute;nima: 20&ordm;C<\/strong><\/p>\n\n\n\n<p><strong>S&aacute;bado:&nbsp;<\/strong><\/p>\n\n\n\n<p>Parcialmente nublado con ascenso de la temperatura, vientos leves del noreste.<\/p>\n\n\n\n<p><strong>M&aacute;xima: 32&ordm;C <\/strong><\/p>\n\n\n\n<p><strong>M&iacute;nima: 20&ordm;C<\/strong><\/p>\n\n\n\n<p><strong>Domingo:&nbsp;<\/strong><\/p>\n\n\n\n<p>Caluroso con nubosidad variable. Tormentas al final del d&iacute;&shy;a.<\/p>\n\n\n\n<p><strong>M&aacute;xima: 35&ordm;C <\/strong><\/p>\n\n\n\n<p><strong>M&iacute;nima: 23&ordm;C<\/strong><\/p>\n\n\n\n<p><strong>Lunes:&nbsp;<\/strong><\/p>\n\n\n\n<p>Parcialmente nublado con descenso de la temperatura y vientos moderados del sudeste. Precipitaciones aisladas. Ingreso de frente fr&iacute;&shy;o.<\/p>\n\n\n\n<p><strong>M&aacute;xima: 27&ordm;C <\/strong><\/p>\n\n\n\n<p><strong>M&iacute;nima: 23&ordm;C<\/strong><\/p>\n\n\n\n<figure class=\"wp-block-gallery columns-1\"><ul class=\"blocks-gallery-grid\"><li class=\"blocks-gallery-item\"><figure><a href=\"https:\/\/www.mendoza.gov.ar\/wp-content\/uploads\/sites\/5\/2023\/03\/avion-anti-granizo.jpg\"><img loading=\"lazy\" width=\"700\" height=\"311\" src=\"https:\/\/www.mendoza.gov.ar\/wp-content\/uploads\/sites\/5\/2023\/03\/avion-anti-granizo-700x311.jpg\" alt=\"\" data-id=\"351019\" data-full-url=\"https:\/\/www.mendoza.gov.ar\/wp-content\/uploads\/sites\/5\/2023\/03\/avion-anti-granizo.jpg\" data-link=\"https:\/\/www.mendoza.gov.ar\/prensa\/tormentas-de-granizo-se-realizaron-tareas-de-mitigacion-en-los-4-oasis\/inauguraci%c2%97n-de-la-campa%c2%96a-de-lucha-antigranizo-temporada-2014-15\/\" class=\"wp-image-351019 img-responsive center-block\" srcset=\"https:\/\/www.mendoza.gov.ar\/wp-content\/uploads\/sites\/5\/2023\/03\/avion-anti-granizo-700x311.jpg 700w, https:\/\/www.mendoza.gov.ar\/wp-content\/uploads\/sites\/5\/2023\/03\/avion-anti-granizo-250x111.jpg 250w, https:\/\/www.mendoza.gov.ar\/wp-content\/uploads\/sites\/5\/2023\/03\/avion-anti-granizo-768x341.jpg 768w, https:\/\/www.mendoza.gov.ar\/wp-content\/uploads\/sites\/5\/2023\/03\/avion-anti-granizo-120x53.jpg 120w, https:\/\/www.mendoza.gov.ar\/wp-content\/uploads\/sites\/5\/2023\/03\/avion-anti-granizo.jpg 960w\" sizes=\"(max-width: 700px) 100vw, 700px\"><\/a><\/figure><\/li><\/ul><\/figure>\n<\/body><\/html>\n","protected":false},"excerpt":{"rendered":"Se cumpli&oacute; el pron&oacute;stico y se registraron precipitaciones de variada intensidad en toda la Provincia. La actividad inici&oacute; en las primeras horas de la jornada de ayer, jueves 8, en el oasis Sur, donde se registraron los primeros ecos de n&uacute;cleos convectivos. All&iacute; se trabaj&oacute; hasta la tarde noche, con tres vuelos y las precipitaciones&#8230; <a class=\"view-article\" href=\"https:\/\/www.mendoza.gov.ar\/prensa\/contingencias-climaticas-el-sistema-de-mitigacion-trabajo-en-los-oasis-norte-este-y-sur-y-no-se-registro-granizo-en-zonas-cultivadas\/\"><\/a>","protected":false},"author":61,"featured_media":351019,"comment_status":"open","ping_status":"open","sticky":false,"template":"","format":"standard","meta":[],"categories":[15],"tags":[],"_links":{"self":[{"href":"https:\/\/www.mendoza.gov.ar\/prensa\/wp-json\/wp\/v2\/posts\/393913"}],"collection":[{"href":"https:\/\/www.mendoza.gov.ar\/prensa\/wp-json\/wp\/v2\/posts"}],"about":[{"href":"https:\/\/www.mendoza.gov.ar\/prensa\/wp-json\/wp\/v2\/types\/post"}],"author":[{"embeddable":true,"href":"https:\/\/www.mendoza.gov.ar\/prensa\/wp-json\/wp\/v2\/users\/61"}],"replies":[{"embeddable":true,"href":"https:\/\/www.mendoza.gov.ar\/prensa\/wp-json\/wp\/v2\/comments?post=393913"}],"version-history":[{"count":2,"href":"https:\/\/www.mendoza.gov.ar\/prensa\/wp-json\/wp\/v2\/posts\/393913\/revisions"}],"predecessor-version":[{"id":393919,"href":"https:\/\/www.mendoza.gov.ar\/prensa\/wp-json\/wp\/v2\/posts\/393913\/revisions\/393919"}],"wp:featuredmedia":[{"embeddable":true,"href":"https:\/\/www.mendoza.gov.ar\/prensa\/wp-json\/wp\/v2\/media\/351019"}],"wp:attachment":[{"href":"https:\/\/www.mendoza.gov.ar\/prensa\/wp-json\/wp\/v2\/media?parent=393913"}],"wp:term":[{"taxonomy":"category","embeddable":true,"href":"https:\/\/www.mendoza.gov.ar\/prensa\/wp-json\/wp\/v2\/categories?post=393913"},{"taxonomy":"post_tag","embeddable":true,"href":"https:\/\/www.mendoza.gov.ar\/prensa\/wp-json\/wp\/v2\/tags?post=393913"}],"curies":[{"name":"wp","href":"https:\/\/api.w.org\/{rel}","templated":true}]}}