{"id":397227,"date":"2024-03-01T10:44:01","date_gmt":"2024-03-01T13:44:01","guid":{"rendered":"https:\/\/www.mendoza.gov.ar\/prensa\/?p=397227"},"modified":"2024-03-01T12:29:12","modified_gmt":"2024-03-01T15:29:12","slug":"vendimia-2024-esta-noche-sera-la-via-blanca-y-manana-el-tradicional-carrusel","status":"publish","type":"post","link":"https:\/\/www.mendoza.gov.ar\/prensa\/vendimia-2024-esta-noche-sera-la-via-blanca-y-manana-el-tradicional-carrusel\/","title":{"rendered":"Vendimia 2024: Esta noche ser\u00e1 la V\u00eda Blanca y ma\u00f1ana el tradicional Carrusel"},"content":{"rendered":"<!DOCTYPE html PUBLIC \"-\/\/W3C\/\/DTD HTML 4.0 Transitional\/\/EN\" \"http:\/\/www.w3.org\/TR\/REC-html40\/loose.dtd\">\n<html><body><h5>Los festejos vendimiales, que comenzaron el pasado domingo en el Predio de la Virgen, con la Bendici&oacute;n de los Frutos, continuar&aacute;n adem&aacute;s con el Acto Central, Serenata de las Reinas y las repeticiones.<\/h5>\n\n\n\n<p>El viernes 1 de marzo, a partir de las 21, se llevar&aacute; a cabo la tradicional V&iacute;a Blanca de las Reinas, mientras que ma&ntilde;ana (2 de marzo) ser&aacute; el turno del Carrusel y se desarrollar&aacute; a partir de las 10, por las calles c&eacute;ntricas de nuestra&nbsp;Ciudad. Participar&aacute;n en los desfiles carros aleg&oacute;ricos de destacados miembros de nuestra comunidad. Se espera que asista una gran cantidad de p&uacute;blico, tanto mendocinos como turistas podr&aacute;n disfrutar del desfile vendimial.<\/p>\n\n\n\n<p>El recorrido de V&iacute;a Blanca comenzar&aacute; en calle San Mart&iacute;n y Jos&eacute; Vicente Zapata, continuar&aacute; hasta Las Heras, de all&iacute; ir&aacute; hasta Chile, doblar&aacute; hasta Sarmiento y en calle Belgrano ser&aacute; la desconcentraci&oacute;n.<\/p>\n\n\n\n<p>El Carrusel partir&aacute; desde los Portones del Parque, se dirigir&aacute; hacia el este por Emilio Civit hasta la plaza Independencia; all&iacute; doblar&aacute; hacia el norte por Chile hasta Las Heras; de ah&iacute; hasta San Mart&iacute;n hacia el sur, luego doblar&aacute; por Col&oacute;n, para desconcentrar en calle Belgrano.<\/p>\n\n\n\n<p><strong>Concurso de selecci&oacute;n de los mejores Carros Vendimiales<\/strong><\/p>\n\n\n\n<p>El Ministerio de Educaci&oacute;n, Cultura, Infancias y DGE, a trav&eacute;s de la Subsecretar&iacute;a de Cultura realiza, como cada a&ntilde;o, el concurso de selecci&oacute;n del mejor carro vendimial de V&iacute;a Blanca de las Reinas y Carrusel, del que participan todos los municipios de la provincia.<\/p>\n\n\n\n<p>El primer premio asciende a $600.000, en tanto que el segundo puesto tendr&aacute; un monto de $300.000. El mismo ser&aacute; seleccionado por un jurado conformado por un representante del Colegio de Arquitectos, un representante del Instituto Nacional de Vitivinicultura, una representante de la CORENAVE, un representante de la UNCuyo y un representante de la Subsecretar&iacute;a de Cultura de la Provincia de Mendoza, a designar.<\/p>\n\n\n\n<p>Las consideraciones a tener en cuenta para la elecci&oacute;n del mejor carro vendimial est&aacute;n vinculadas a la originalidad, sustanciaci&oacute;n en el contenido con el Departamento al que representa, fundamentaci&oacute;n del proyecto, coherencia espacial arm&oacute;nica, utilizaci&oacute;n de m&uacute;sica propia del departamento o regional, dise&ntilde;o lum&iacute;nico novedoso y acorde a la est&eacute;tica planteada, funcionalidad y jerarqu&iacute;a de ubicaci&oacute;n del elemento humano y composici&oacute;n general del carro en su desfile.<\/p>\n\n\n\n<p><strong>GALER&Iacute;A<\/strong><\/p>\n\n\n\n<figure class=\"wp-block-gallery columns-3\"><ul class=\"blocks-gallery-grid\"><li class=\"blocks-gallery-item\"><figure><a href=\"https:\/\/www.mendoza.gov.ar\/wp-content\/uploads\/sites\/5\/2024\/03\/20230304085809_IMG_9165.jpg\"><img loading=\"lazy\" width=\"700\" height=\"467\" src=\"https:\/\/www.mendoza.gov.ar\/wp-content\/uploads\/sites\/5\/2024\/03\/20230304085809_IMG_9165-700x467.jpg\" alt=\"\" data-id=\"397230\" data-full-url=\"https:\/\/www.mendoza.gov.ar\/wp-content\/uploads\/sites\/5\/2024\/03\/20230304085809_IMG_9165.jpg\" data-link=\"https:\/\/www.mendoza.gov.ar\/prensa\/?attachment_id=397230\" class=\"wp-image-397230 img-responsive center-block\" srcset=\"https:\/\/www.mendoza.gov.ar\/wp-content\/uploads\/sites\/5\/2024\/03\/20230304085809_IMG_9165-700x467.jpg 700w, https:\/\/www.mendoza.gov.ar\/wp-content\/uploads\/sites\/5\/2024\/03\/20230304085809_IMG_9165-250x167.jpg 250w, https:\/\/www.mendoza.gov.ar\/wp-content\/uploads\/sites\/5\/2024\/03\/20230304085809_IMG_9165-768x512.jpg 768w, https:\/\/www.mendoza.gov.ar\/wp-content\/uploads\/sites\/5\/2024\/03\/20230304085809_IMG_9165-1536x1024.jpg 1536w, https:\/\/www.mendoza.gov.ar\/wp-content\/uploads\/sites\/5\/2024\/03\/20230304085809_IMG_9165-120x80.jpg 120w, https:\/\/www.mendoza.gov.ar\/wp-content\/uploads\/sites\/5\/2024\/03\/20230304085809_IMG_9165.jpg 1920w\" sizes=\"(max-width: 700px) 100vw, 700px\"><\/a><\/figure><\/li><li class=\"blocks-gallery-item\"><figure><a href=\"https:\/\/www.mendoza.gov.ar\/wp-content\/uploads\/sites\/5\/2024\/03\/IMG_2871.jpg\"><img src=\"https:\/\/www.mendoza.gov.ar\/wp-content\/uploads\/sites\/5\/2024\/03\/IMG_2871-700x467.jpg\" alt=\"\" data-id=\"397231\" data-full-url=\"https:\/\/www.mendoza.gov.ar\/wp-content\/uploads\/sites\/5\/2024\/03\/IMG_2871.jpg\" data-link=\"https:\/\/www.mendoza.gov.ar\/prensa\/?attachment_id=397231\" class=\"wp-image-397231 img-responsive center-block\"><\/a><\/figure><\/li><li class=\"blocks-gallery-item\"><figure><a href=\"https:\/\/www.mendoza.gov.ar\/wp-content\/uploads\/sites\/5\/2024\/03\/IMG_3098.jpg\"><img loading=\"lazy\" width=\"700\" height=\"467\" src=\"https:\/\/www.mendoza.gov.ar\/wp-content\/uploads\/sites\/5\/2024\/03\/IMG_3098-700x467.jpg\" alt=\"\" data-id=\"397232\" data-full-url=\"https:\/\/www.mendoza.gov.ar\/wp-content\/uploads\/sites\/5\/2024\/03\/IMG_3098.jpg\" data-link=\"https:\/\/www.mendoza.gov.ar\/prensa\/?attachment_id=397232\" class=\"wp-image-397232 img-responsive center-block\" srcset=\"https:\/\/www.mendoza.gov.ar\/wp-content\/uploads\/sites\/5\/2024\/03\/IMG_3098-700x467.jpg 700w, https:\/\/www.mendoza.gov.ar\/wp-content\/uploads\/sites\/5\/2024\/03\/IMG_3098-250x167.jpg 250w, https:\/\/www.mendoza.gov.ar\/wp-content\/uploads\/sites\/5\/2024\/03\/IMG_3098-768x512.jpg 768w, https:\/\/www.mendoza.gov.ar\/wp-content\/uploads\/sites\/5\/2024\/03\/IMG_3098-1536x1024.jpg 1536w, https:\/\/www.mendoza.gov.ar\/wp-content\/uploads\/sites\/5\/2024\/03\/IMG_3098-2048x1365.jpg 2048w, https:\/\/www.mendoza.gov.ar\/wp-content\/uploads\/sites\/5\/2024\/03\/IMG_3098-120x80.jpg 120w\" sizes=\"(max-width: 700px) 100vw, 700px\"><\/a><\/figure><\/li><\/ul><\/figure>\n<\/body><\/html>\n","protected":false},"excerpt":{"rendered":"Los festejos vendimiales, que comenzaron el pasado domingo en el Predio de la Virgen, con la Bendici&oacute;n de los Frutos, continuar&aacute;n adem&aacute;s con el Acto Central, Serenata de las Reinas y las repeticiones. El viernes 1 de marzo, a partir de las 21, se llevar&aacute; a cabo la tradicional V&iacute;a Blanca de las Reinas, mientras&#8230; <a class=\"view-article\" href=\"https:\/\/www.mendoza.gov.ar\/prensa\/vendimia-2024-esta-noche-sera-la-via-blanca-y-manana-el-tradicional-carrusel\/\"><\/a>","protected":false},"author":62,"featured_media":397231,"comment_status":"open","ping_status":"open","sticky":false,"template":"","format":"standard","meta":[],"categories":[8,3035],"tags":[],"_links":{"self":[{"href":"https:\/\/www.mendoza.gov.ar\/prensa\/wp-json\/wp\/v2\/posts\/397227"}],"collection":[{"href":"https:\/\/www.mendoza.gov.ar\/prensa\/wp-json\/wp\/v2\/posts"}],"about":[{"href":"https:\/\/www.mendoza.gov.ar\/prensa\/wp-json\/wp\/v2\/types\/post"}],"author":[{"embeddable":true,"href":"https:\/\/www.mendoza.gov.ar\/prensa\/wp-json\/wp\/v2\/users\/62"}],"replies":[{"embeddable":true,"href":"https:\/\/www.mendoza.gov.ar\/prensa\/wp-json\/wp\/v2\/comments?post=397227"}],"version-history":[{"count":8,"href":"https:\/\/www.mendoza.gov.ar\/prensa\/wp-json\/wp\/v2\/posts\/397227\/revisions"}],"predecessor-version":[{"id":397262,"href":"https:\/\/www.mendoza.gov.ar\/prensa\/wp-json\/wp\/v2\/posts\/397227\/revisions\/397262"}],"wp:featuredmedia":[{"embeddable":true,"href":"https:\/\/www.mendoza.gov.ar\/prensa\/wp-json\/wp\/v2\/media\/397231"}],"wp:attachment":[{"href":"https:\/\/www.mendoza.gov.ar\/prensa\/wp-json\/wp\/v2\/media?parent=397227"}],"wp:term":[{"taxonomy":"category","embeddable":true,"href":"https:\/\/www.mendoza.gov.ar\/prensa\/wp-json\/wp\/v2\/categories?post=397227"},{"taxonomy":"post_tag","embeddable":true,"href":"https:\/\/www.mendoza.gov.ar\/prensa\/wp-json\/wp\/v2\/tags?post=397227"}],"curies":[{"name":"wp","href":"https:\/\/api.w.org\/{rel}","templated":true}]}}