{"id":39835,"date":"2015-09-02T00:03:28","date_gmt":"2015-09-02T03:03:28","guid":{"rendered":"http:\/\/prensa.mendoza.gov.ar\/?p=39835"},"modified":"2015-09-02T00:03:28","modified_gmt":"2015-09-02T03:03:28","slug":"canal-acequia-fue-el-mas-premiado-en-el-1o-festival-federal-de-television-organizado-por-pucara","status":"publish","type":"post","link":"https:\/\/www.mendoza.gov.ar\/prensa\/canal-acequia-fue-el-mas-premiado-en-el-1o-festival-federal-de-television-organizado-por-pucara\/","title":{"rendered":"Acequia fue el canal m\u00e1s premiado en el 1\u00ba Festival Federal de Televisi\u00f3n organizado por PUCARA\u00a0"},"content":{"rendered":"<!DOCTYPE html PUBLIC \"-\/\/W3C\/\/DTD HTML 4.0 Transitional\/\/EN\" \"http:\/\/www.w3.org\/TR\/REC-html40\/loose.dtd\">\n<html><body><p>Canal Acequia tuvo una destacada participaci&oacute;n en los premios PUCARA (Programa Universitario de Comunicaci&oacute;n Audiovisual de la Rep&uacute;blica Argentina), otorgados durante el 1&ordm; Festival Federal de Televisi&oacute;n, este fin de semana, en la ciudad de Villa Mar&iacute;a, C&oacute;rdoba.<\/p>\n<p><span lang=\"ES-AR\">El canal mendocino&nbsp;logr&oacute; imponerse con todos sus programas seleccionados, convirti&eacute;ndose as&iacute; en el medio de televisi&oacute;n m&aacute;s galardonado del interior del pa&iacute;s. Fueron 7 las nominaciones que lograron ganar en su categor&iacute;a, mientras que el p&uacute;blico lo eligi&oacute; en otros 3 rubros.<\/span><\/p>\n<p><a href=\"https:\/\/www.mendoza.gov.ar\/prensa\/wp-content\/uploads\/sites\/23\/pucara2.jpg\"><img loading=\"lazy\" class=\"alignnone  wp-image-39839 img-responsive center-block\" src=\"https:\/\/www.mendoza.gov.ar\/prensa\/wp-content\/uploads\/sites\/23\/pucara2.jpg\" alt=\"\" width=\"551\" height=\"307\"><\/a><\/p>\n<p>&nbsp;<\/p>\n<p><span lang=\"ES-AR\">A su vez, Acequia consigui&oacute; el premio a la Mejor Grilla de Televisi&oacute;n, lo que destaca su concepto federal, de producci&oacute;n y de programaci&oacute;n local. <\/span><\/p>\n<p><span lang=\"ES-AR\">As&iacute;, el canal de televisi&oacute;n p&uacute;blico de Mendoza, consigue ubicar sus producciones entre las mejores del pa&iacute;s, al igual que ocurriera en los premios Nuevas Miradas, Fund TV y Mart&iacute;n Fierro. <\/span><\/p>\n<p><span lang=\"ES-AR\">Estos son todos los ganadores del canal mendocino en los premios PUCARA:<\/span><\/p>\n<p><span lang=\"ES-AR\">Mejor grilla de televisi&oacute;n: Canal Acequia<\/span><span lang=\"ES-AR\"><br>\nMejor serie de ficci&oacute;n: Agust&iacute;n<br>\nMejor actor de ficci&oacute;n: Jorge Fornes por Agust&iacute;n<br>\nPremio del P&uacute;blico a la mejor Ficci&oacute;n: Agust&iacute;n<br>\nPremio al mejor Gui&oacute;n: Leandro Sulia por Rosswald vs Richmon<br>\nPremio a la mejor direcci&oacute;n de arte: Vanina Turrisi por Rosswald<br>\nPremio al mejor programa period&iacute;stico: Memoria Verdad y Justicia<br>\nPremio del P&uacute;blico para programa period&iacute;stico: A la Vuelta de la Esquina<br>\nPremio al mejor magazine: Juego de Turistas<br>\nPremio del P&uacute;blico al mejor magazine: Juego de Turistas<\/span><\/p>\n<\/body><\/html>\n","protected":false},"excerpt":{"rendered":"Con 7 nominaciones y 10 premios obtenidos en distintas categor\u00edas, incluido el de mejor grilla de televisi\u00f3n, el canal p\u00fablico de Mendoza se convirti\u00f3 en el m\u00e1s destacado de los nominados a los premios PUCARA. \u00a0","protected":false},"author":3,"featured_media":39843,"comment_status":"open","ping_status":"open","sticky":false,"template":"","format":"standard","meta":[],"categories":[1],"tags":[],"_links":{"self":[{"href":"https:\/\/www.mendoza.gov.ar\/prensa\/wp-json\/wp\/v2\/posts\/39835"}],"collection":[{"href":"https:\/\/www.mendoza.gov.ar\/prensa\/wp-json\/wp\/v2\/posts"}],"about":[{"href":"https:\/\/www.mendoza.gov.ar\/prensa\/wp-json\/wp\/v2\/types\/post"}],"author":[{"embeddable":true,"href":"https:\/\/www.mendoza.gov.ar\/prensa\/wp-json\/wp\/v2\/users\/3"}],"replies":[{"embeddable":true,"href":"https:\/\/www.mendoza.gov.ar\/prensa\/wp-json\/wp\/v2\/comments?post=39835"}],"version-history":[{"count":0,"href":"https:\/\/www.mendoza.gov.ar\/prensa\/wp-json\/wp\/v2\/posts\/39835\/revisions"}],"wp:featuredmedia":[{"embeddable":true,"href":"https:\/\/www.mendoza.gov.ar\/prensa\/wp-json\/wp\/v2\/media\/39843"}],"wp:attachment":[{"href":"https:\/\/www.mendoza.gov.ar\/prensa\/wp-json\/wp\/v2\/media?parent=39835"}],"wp:term":[{"taxonomy":"category","embeddable":true,"href":"https:\/\/www.mendoza.gov.ar\/prensa\/wp-json\/wp\/v2\/categories?post=39835"},{"taxonomy":"post_tag","embeddable":true,"href":"https:\/\/www.mendoza.gov.ar\/prensa\/wp-json\/wp\/v2\/tags?post=39835"}],"curies":[{"name":"wp","href":"https:\/\/api.w.org\/{rel}","templated":true}]}}