{"id":399280,"date":"2024-03-11T14:20:24","date_gmt":"2024-03-11T17:20:24","guid":{"rendered":"https:\/\/www.mendoza.gov.ar\/prensa\/?p=399280"},"modified":"2024-09-17T19:40:04","modified_gmt":"2024-09-17T22:40:04","slug":"record-de-bodegas-mendocinas-acompanadas-por-promendoza-a-la-feria-de-vinos-mas-importante","status":"publish","type":"post","link":"https:\/\/www.mendoza.gov.ar\/prensa\/record-de-bodegas-mendocinas-acompanadas-por-promendoza-a-la-feria-de-vinos-mas-importante\/","title":{"rendered":"R\u00e9cord de bodegas mendocinas acompa\u00f1adas por ProMendoza a la feria de vinos m\u00e1s importante"},"content":{"rendered":"<!DOCTYPE html PUBLIC \"-\/\/W3C\/\/DTD HTML 4.0 Transitional\/\/EN\" \"http:\/\/www.w3.org\/TR\/REC-html40\/loose.dtd\">\n<html><body><h5>Del 5 al 14 de marzo, ProMendoza realiza una misi&oacute;n comercial a Alemania que incluye la participaci&oacute;n ProWein D&uuml;sseldorf 2024, la feria de vinos m&aacute;s importante del globo. Son las empresas mendocinas acompa&ntilde;adas por ProMendoza, que marcan un r&eacute;cord para una misi&oacute;n en esta feria.<\/h5>\n\n\n\n<p>El programa de viaje de los t&eacute;cnicos de ProMendoza comenz&oacute; en la ciudad de Karlsruhe, en donde se realiz&oacute; una presentaci&oacute;n y degustaci&oacute;n de bodegas mendocinas -The Wine Plan, Laureano G&oacute;mez, Matervini e Imperial Stag- a una cadena de restaurantes de la importadora Germany Latam (GerLa). Al mismo tiempo se realiz&oacute; la presentaci&oacute;n de la provincia de Mendoza como destino de inversi&oacute;n.<\/p>\n\n\n\n<p>La agenda incluye adem&aacute;s la visita a ciudad de Landau in der Pfalz, para seguir con el avance del acuerdo de hermandad con Mendoza y para desarrollar acciones de promoci&oacute;n para estimular los negocios entre ambas regiones.<\/p>\n\n\n\n<p>En tanto, a partir del 10 y hasta el 12 de marzo, 27 bodegas participan en el Pabell&oacute;n Argentino -junto al Consejo Federal de Inversiones- en la feria l&iacute;der a nivel internacional en vinos y bebidas espirituosas que cumple 29 a&ntilde;os de experiencia brindando oportunidades de negocio a sus participantes.<\/p>\n\n\n\n<p>Durante ProWein, los t&eacute;cnicos de ProMendoza se reunieron con el embajador argentino en Alemania, Fernando Brun, para presentarle las pol&iacute;ticas de promoci&oacute;n comercial de la provincia y realizar un an&aacute;lisis de un <em>hub <\/em>en Alemania.<\/p>\n\n\n\n<p>&ldquo;La cantidad de bodegas que vinieron con ProMendoza es r&eacute;cord. Hemos superado nuestros n&uacute;meros y llegamos a 29 instituciones mendocinas. Esta misi&oacute;n es una de las tantas actividades que realiza ProMendoza y que brinda como herramienta a nuestros productores. Invitamos a todas las empresas que quieran exportar a que se acerquen a nuestra instituci&oacute;n para poder contar con nuestro acompa&ntilde;amiento en el proceso de internacionalizaci&oacute;n de sus productos&rdquo;, coment&oacute; Javier Rojas, responsable del &Aacute;rea Vinos de ProMendoza.<\/p>\n\n\n\n<p>Adem&aacute;s, se espera considerar el desarrollo de plataformas comerciales en Espa&ntilde;a con dos empresas: La Franco Argentine y Lovemark. Tambi&eacute;n hay reuniones para concretar acciones comerciales en Europa con Beverage Trade Network.<\/p>\n\n\n\n<p>Por otro lado, habr&aacute; encuentros de trabajo con importadores de la Uni&oacute;n Europea y tambi&eacute;n agenda con instituciones para desarrollar plataformas comerciales en algunas regiones de ese continente.<\/p>\n\n\n\n<p>Para las bodegas participantes se ha desarrollado una agenda de contacto e intercambio con importadores para potenciar los negocios y las ventas de vinos en Alemania.<\/p>\n\n\n\n<p>Las bodegas acompa&ntilde;adas por ProMendoza son Grupo Salute, Karim Mussi Winemaker, Carinae, Mi Terru&ntilde;o, Lamuchi Wines, Funckenhausen, Sul Mineira, Tittarelli Wines, Montlaiz, Vinecol, Paso A Paso, Krontiras, Nanni, Andeluna, Bodega Jorge Rubio, The Wine Plan, Bodega Sin Fin, Clop Wines, Mister Uko, Chakana Wines, Las Estelas, Domiciano, Coen Wines, Don Rosendo Wines, Ricominciare, Finca Bandini, Luis Segundo Correas, Jasmine Monet, Familia Cassone y Don Crist&oacute;bal.<\/p>\n\n\n\n<p><strong>GALER&Iacute;A<\/strong><\/p>\n\n\n\n<figure class=\"wp-block-gallery columns-3\"><ul class=\"blocks-gallery-grid\"><li class=\"blocks-gallery-item\"><figure><a href=\"https:\/\/www.mendoza.gov.ar\/wp-content\/uploads\/sites\/5\/2024\/03\/5.jpg\"><img loading=\"lazy\" width=\"700\" height=\"394\" src=\"https:\/\/www.mendoza.gov.ar\/wp-content\/uploads\/sites\/5\/2024\/03\/5-700x394.jpg\" alt=\"\" data-id=\"399283\" data-full-url=\"https:\/\/www.mendoza.gov.ar\/wp-content\/uploads\/sites\/5\/2024\/03\/5.jpg\" data-link=\"https:\/\/www.mendoza.gov.ar\/prensa\/?attachment_id=399283\" class=\"wp-image-399283 img-responsive center-block\" srcset=\"https:\/\/www.mendoza.gov.ar\/wp-content\/uploads\/sites\/5\/2024\/03\/5-700x394.jpg 700w, https:\/\/www.mendoza.gov.ar\/wp-content\/uploads\/sites\/5\/2024\/03\/5-250x141.jpg 250w, https:\/\/www.mendoza.gov.ar\/wp-content\/uploads\/sites\/5\/2024\/03\/5-768x432.jpg 768w, https:\/\/www.mendoza.gov.ar\/wp-content\/uploads\/sites\/5\/2024\/03\/5-120x68.jpg 120w, https:\/\/www.mendoza.gov.ar\/wp-content\/uploads\/sites\/5\/2024\/03\/5.jpg 1280w\" sizes=\"(max-width: 700px) 100vw, 700px\"><\/a><\/figure><\/li><li class=\"blocks-gallery-item\"><figure><a href=\"https:\/\/www.mendoza.gov.ar\/wp-content\/uploads\/sites\/5\/2024\/03\/4.jpg\"><img loading=\"lazy\" width=\"700\" height=\"315\" src=\"https:\/\/www.mendoza.gov.ar\/wp-content\/uploads\/sites\/5\/2024\/03\/4-700x315.jpg\" alt=\"\" data-id=\"399284\" data-full-url=\"https:\/\/www.mendoza.gov.ar\/wp-content\/uploads\/sites\/5\/2024\/03\/4.jpg\" data-link=\"https:\/\/www.mendoza.gov.ar\/prensa\/?attachment_id=399284\" class=\"wp-image-399284 img-responsive center-block\" srcset=\"https:\/\/www.mendoza.gov.ar\/wp-content\/uploads\/sites\/5\/2024\/03\/4-700x315.jpg 700w, https:\/\/www.mendoza.gov.ar\/wp-content\/uploads\/sites\/5\/2024\/03\/4-250x113.jpg 250w, https:\/\/www.mendoza.gov.ar\/wp-content\/uploads\/sites\/5\/2024\/03\/4-768x346.jpg 768w, https:\/\/www.mendoza.gov.ar\/wp-content\/uploads\/sites\/5\/2024\/03\/4-120x54.jpg 120w, https:\/\/www.mendoza.gov.ar\/wp-content\/uploads\/sites\/5\/2024\/03\/4.jpg 1156w\" sizes=\"(max-width: 700px) 100vw, 700px\"><\/a><\/figure><\/li><li class=\"blocks-gallery-item\"><figure><a href=\"https:\/\/www.mendoza.gov.ar\/wp-content\/uploads\/sites\/5\/2024\/03\/3.jpg\"><img src=\"https:\/\/www.mendoza.gov.ar\/wp-content\/uploads\/sites\/5\/2024\/03\/3-700x1245.jpg\" alt=\"\" data-id=\"399285\" data-full-url=\"https:\/\/www.mendoza.gov.ar\/wp-content\/uploads\/sites\/5\/2024\/03\/3.jpg\" data-link=\"https:\/\/www.mendoza.gov.ar\/prensa\/?attachment_id=399285\" class=\"wp-image-399285 img-responsive center-block\"><\/a><\/figure><\/li><li class=\"blocks-gallery-item\"><figure><a href=\"https:\/\/www.mendoza.gov.ar\/wp-content\/uploads\/sites\/5\/2024\/03\/2.jpg\"><img loading=\"lazy\" width=\"700\" height=\"933\" src=\"https:\/\/www.mendoza.gov.ar\/wp-content\/uploads\/sites\/5\/2024\/03\/2-700x933.jpg\" alt=\"\" data-id=\"399286\" data-full-url=\"https:\/\/www.mendoza.gov.ar\/wp-content\/uploads\/sites\/5\/2024\/03\/2.jpg\" data-link=\"https:\/\/www.mendoza.gov.ar\/prensa\/?attachment_id=399286\" class=\"wp-image-399286 img-responsive center-block\" srcset=\"https:\/\/www.mendoza.gov.ar\/wp-content\/uploads\/sites\/5\/2024\/03\/2-700x933.jpg 700w, https:\/\/www.mendoza.gov.ar\/wp-content\/uploads\/sites\/5\/2024\/03\/2-250x333.jpg 250w, https:\/\/www.mendoza.gov.ar\/wp-content\/uploads\/sites\/5\/2024\/03\/2-768x1024.jpg 768w, https:\/\/www.mendoza.gov.ar\/wp-content\/uploads\/sites\/5\/2024\/03\/2-120x160.jpg 120w, https:\/\/www.mendoza.gov.ar\/wp-content\/uploads\/sites\/5\/2024\/03\/2.jpg 960w\" sizes=\"(max-width: 700px) 100vw, 700px\"><\/a><\/figure><\/li><li class=\"blocks-gallery-item\"><figure><a href=\"https:\/\/www.mendoza.gov.ar\/wp-content\/uploads\/sites\/5\/2024\/03\/1.jpg\"><img loading=\"lazy\" width=\"700\" height=\"394\" src=\"https:\/\/www.mendoza.gov.ar\/wp-content\/uploads\/sites\/5\/2024\/03\/1-700x394.jpg\" alt=\"\" data-id=\"399287\" data-full-url=\"https:\/\/www.mendoza.gov.ar\/wp-content\/uploads\/sites\/5\/2024\/03\/1.jpg\" data-link=\"https:\/\/www.mendoza.gov.ar\/prensa\/?attachment_id=399287\" class=\"wp-image-399287 img-responsive center-block\" srcset=\"https:\/\/www.mendoza.gov.ar\/wp-content\/uploads\/sites\/5\/2024\/03\/1-700x394.jpg 700w, https:\/\/www.mendoza.gov.ar\/wp-content\/uploads\/sites\/5\/2024\/03\/1-250x141.jpg 250w, https:\/\/www.mendoza.gov.ar\/wp-content\/uploads\/sites\/5\/2024\/03\/1-768x432.jpg 768w, https:\/\/www.mendoza.gov.ar\/wp-content\/uploads\/sites\/5\/2024\/03\/1-120x68.jpg 120w, https:\/\/www.mendoza.gov.ar\/wp-content\/uploads\/sites\/5\/2024\/03\/1.jpg 1280w\" sizes=\"(max-width: 700px) 100vw, 700px\"><\/a><\/figure><\/li><\/ul><\/figure>\n<\/body><\/html>\n","protected":false},"excerpt":{"rendered":"Del 5 al 14 de marzo, ProMendoza realiza una misi&oacute;n comercial a Alemania que incluye la participaci&oacute;n ProWein D&uuml;sseldorf 2024, la feria de vinos m&aacute;s importante del globo. Son las empresas mendocinas acompa&ntilde;adas por ProMendoza, que marcan un r&eacute;cord para una misi&oacute;n en esta feria. El programa de viaje de los t&eacute;cnicos de ProMendoza comenz&oacute;&#8230; <a class=\"view-article\" href=\"https:\/\/www.mendoza.gov.ar\/prensa\/record-de-bodegas-mendocinas-acompanadas-por-promendoza-a-la-feria-de-vinos-mas-importante\/\"><\/a>","protected":false},"author":62,"featured_media":399285,"comment_status":"open","ping_status":"open","sticky":false,"template":"","format":"standard","meta":[],"categories":[3028,3052],"tags":[],"_links":{"self":[{"href":"https:\/\/www.mendoza.gov.ar\/prensa\/wp-json\/wp\/v2\/posts\/399280"}],"collection":[{"href":"https:\/\/www.mendoza.gov.ar\/prensa\/wp-json\/wp\/v2\/posts"}],"about":[{"href":"https:\/\/www.mendoza.gov.ar\/prensa\/wp-json\/wp\/v2\/types\/post"}],"author":[{"embeddable":true,"href":"https:\/\/www.mendoza.gov.ar\/prensa\/wp-json\/wp\/v2\/users\/62"}],"replies":[{"embeddable":true,"href":"https:\/\/www.mendoza.gov.ar\/prensa\/wp-json\/wp\/v2\/comments?post=399280"}],"version-history":[{"count":7,"href":"https:\/\/www.mendoza.gov.ar\/prensa\/wp-json\/wp\/v2\/posts\/399280\/revisions"}],"predecessor-version":[{"id":399322,"href":"https:\/\/www.mendoza.gov.ar\/prensa\/wp-json\/wp\/v2\/posts\/399280\/revisions\/399322"}],"wp:featuredmedia":[{"embeddable":true,"href":"https:\/\/www.mendoza.gov.ar\/prensa\/wp-json\/wp\/v2\/media\/399285"}],"wp:attachment":[{"href":"https:\/\/www.mendoza.gov.ar\/prensa\/wp-json\/wp\/v2\/media?parent=399280"}],"wp:term":[{"taxonomy":"category","embeddable":true,"href":"https:\/\/www.mendoza.gov.ar\/prensa\/wp-json\/wp\/v2\/categories?post=399280"},{"taxonomy":"post_tag","embeddable":true,"href":"https:\/\/www.mendoza.gov.ar\/prensa\/wp-json\/wp\/v2\/tags?post=399280"}],"curies":[{"name":"wp","href":"https:\/\/api.w.org\/{rel}","templated":true}]}}