{"id":400770,"date":"2024-03-21T15:55:31","date_gmt":"2024-03-21T18:55:31","guid":{"rendered":"https:\/\/www.mendoza.gov.ar\/prensa\/?p=400770"},"modified":"2024-03-21T16:27:03","modified_gmt":"2024-03-21T19:27:03","slug":"monica-katz-recocida-medica-diserto-sobre-el-tratamiento-para-la-obesidad","status":"publish","type":"post","link":"https:\/\/www.mendoza.gov.ar\/prensa\/monica-katz-recocida-medica-diserto-sobre-el-tratamiento-para-la-obesidad\/","title":{"rendered":"M\u00f3nica Katz, reconocida m\u00e9dica, disert\u00f3 sobre el tratamiento para la obesidad"},"content":{"rendered":"<!DOCTYPE html PUBLIC \"-\/\/W3C\/\/DTD HTML 4.0 Transitional\/\/EN\" \"http:\/\/www.w3.org\/TR\/REC-html40\/loose.dtd\">\n<html><body><p><strong>OSEP, a trav&eacute;s del Departamento de Nutrici&oacute;n y Alimentaci&oacute;n y el Programa de Gesti&oacute;n Cl&iacute;nica de pacientes Cr&oacute;nicos, organiz&oacute; la charla virtual con la prestigiosa m&eacute;dica M&oacute;nica Katz, especialista en nutrici&oacute;n, quien disert&oacute; sobre el tratamiento de la obesidad orientado a las nuevas estrategias para evitar caer en viejos errores.<\/strong><\/p>\n\n\n\n<p>Desde las 10 de la ma&ntilde;ana, v&iacute;a <em>Zoom<\/em> y en vivo en nuestro canal de <em>YouTube<\/em>, profesionales de OSEP y p&uacute;blico en general pudieron disfrutar de un charla excepcional con la doctora Katz, creadora del m&eacute;todo &ldquo;No Dieta&rdquo; y que se especializa en abordar el sobrepeso y la obesidad como enfermedad, haciendo hincapi&eacute; en lo m&uacute;ltiples factores que intervienen: f&iacute;sicos, sociales, psicol&oacute;gicos y culturales entre otros.<\/p>\n\n\n\n<p>En su intervenci&oacute;n comenz&oacute; abordando principalmente a la obesidad como enfermedad, concepto que a&uacute;n cuesta mucho que la sociedad  acepte. Desde ese lugar, explic&oacute; lo que sucede en el cuerpo de una persona obesa a nivel f&iacute;sico, neurol&oacute;gico y las consecuencias de las comorbilidades asociadas. <\/p>\n\n\n\n<p>Espec&iacute;ficamente, se dirigi&oacute; a los profesionales de salud para exponer sobre los tratamientos actuales con medicaci&oacute;n, la tasa de &eacute;xito de estos f&aacute;rmacos y el abordaje psicol&oacute;gico que debe darse al paciente que busca su bienestar pero no desde lo est&eacute;tico.<\/p>\n\n\n\n<p>Desterr&oacute; algunos mitos acerca de las modas que existen con los m&eacute;todos o dietas m&aacute;s famosas, como el ayuno intermitente o las dietas restrictivas.<\/p>\n\n\n\n<p>La premisa general fue que la obesidad es una pandemia, que afecta a todas las edades, que debe tratarse con la persona y su entorno familiar y sobre todo apunt&oacute; a los agentes de salud de ir en la b&uacute;squeda de las personas con sobrepeso para comenzar con la prevenci&oacute;n y los h&aacute;bitos desde esa instancia.<\/p>\n\n\n\n<p>El encuentro fue sumamente enriquecedor para los participantes quienes pudieron interactuar y realizar preguntas a las especialista.<\/p>\n\n\n\n<p>La charla estar&aacute; disponible en nuestro canal de YouTube OSEP Mendoza&nbsp;<a rel=\"noreferrer noopener\" href=\"https:\/\/www.youtube.com\/live\/qH9AMn1pld8?si=1LuNQ0d4cYpqOXIp\" target=\"_blank\">https:\/\/www.youtube.com\/live\/qH9AMn1pld8?si=1LuNQ0d4cYpqOXIp<\/a><\/p>\n\n\n\n<figure class=\"wp-block-gallery columns-3 is-cropped\"><ul class=\"blocks-gallery-grid\"><li class=\"blocks-gallery-item\"><figure><img loading=\"lazy\" width=\"700\" height=\"394\" src=\"https:\/\/www.mendoza.gov.ar\/wp-content\/uploads\/sites\/5\/2024\/03\/KATZ-OSEP3-700x394.jpeg\" alt=\"\" data-id=\"400771\" data-full-url=\"https:\/\/www.mendoza.gov.ar\/wp-content\/uploads\/sites\/5\/2024\/03\/KATZ-OSEP3.jpeg\" data-link=\"https:\/\/www.mendoza.gov.ar\/prensa\/?attachment_id=400771\" class=\"wp-image-400771 img-responsive center-block\" srcset=\"https:\/\/www.mendoza.gov.ar\/wp-content\/uploads\/sites\/5\/2024\/03\/KATZ-OSEP3-700x394.jpeg 700w, https:\/\/www.mendoza.gov.ar\/wp-content\/uploads\/sites\/5\/2024\/03\/KATZ-OSEP3-250x141.jpeg 250w, https:\/\/www.mendoza.gov.ar\/wp-content\/uploads\/sites\/5\/2024\/03\/KATZ-OSEP3-768x432.jpeg 768w, https:\/\/www.mendoza.gov.ar\/wp-content\/uploads\/sites\/5\/2024\/03\/KATZ-OSEP3-120x68.jpeg 120w, https:\/\/www.mendoza.gov.ar\/wp-content\/uploads\/sites\/5\/2024\/03\/KATZ-OSEP3.jpeg 1156w\" sizes=\"(max-width: 700px) 100vw, 700px\"><\/figure><\/li><li class=\"blocks-gallery-item\"><figure><img loading=\"lazy\" width=\"700\" height=\"394\" src=\"https:\/\/www.mendoza.gov.ar\/wp-content\/uploads\/sites\/5\/2024\/03\/KATZ-OSEP-2-700x394.jpeg\" alt=\"\" data-id=\"400772\" data-full-url=\"https:\/\/www.mendoza.gov.ar\/wp-content\/uploads\/sites\/5\/2024\/03\/KATZ-OSEP-2.jpeg\" data-link=\"https:\/\/www.mendoza.gov.ar\/prensa\/?attachment_id=400772\" class=\"wp-image-400772 img-responsive center-block\" srcset=\"https:\/\/www.mendoza.gov.ar\/wp-content\/uploads\/sites\/5\/2024\/03\/KATZ-OSEP-2-700x394.jpeg 700w, https:\/\/www.mendoza.gov.ar\/wp-content\/uploads\/sites\/5\/2024\/03\/KATZ-OSEP-2-250x141.jpeg 250w, https:\/\/www.mendoza.gov.ar\/wp-content\/uploads\/sites\/5\/2024\/03\/KATZ-OSEP-2-768x432.jpeg 768w, https:\/\/www.mendoza.gov.ar\/wp-content\/uploads\/sites\/5\/2024\/03\/KATZ-OSEP-2-120x68.jpeg 120w, https:\/\/www.mendoza.gov.ar\/wp-content\/uploads\/sites\/5\/2024\/03\/KATZ-OSEP-2.jpeg 1280w\" sizes=\"(max-width: 700px) 100vw, 700px\"><\/figure><\/li><li class=\"blocks-gallery-item\"><figure><img loading=\"lazy\" width=\"700\" height=\"394\" src=\"https:\/\/www.mendoza.gov.ar\/wp-content\/uploads\/sites\/5\/2024\/03\/KATS-OSEP-1-700x394.jpeg\" alt=\"\" data-id=\"400773\" data-full-url=\"https:\/\/www.mendoza.gov.ar\/wp-content\/uploads\/sites\/5\/2024\/03\/KATS-OSEP-1.jpeg\" data-link=\"https:\/\/www.mendoza.gov.ar\/prensa\/?attachment_id=400773\" class=\"wp-image-400773 img-responsive center-block\" srcset=\"https:\/\/www.mendoza.gov.ar\/wp-content\/uploads\/sites\/5\/2024\/03\/KATS-OSEP-1-700x394.jpeg 700w, https:\/\/www.mendoza.gov.ar\/wp-content\/uploads\/sites\/5\/2024\/03\/KATS-OSEP-1-250x141.jpeg 250w, https:\/\/www.mendoza.gov.ar\/wp-content\/uploads\/sites\/5\/2024\/03\/KATS-OSEP-1-768x432.jpeg 768w, https:\/\/www.mendoza.gov.ar\/wp-content\/uploads\/sites\/5\/2024\/03\/KATS-OSEP-1-120x68.jpeg 120w, https:\/\/www.mendoza.gov.ar\/wp-content\/uploads\/sites\/5\/2024\/03\/KATS-OSEP-1.jpeg 1156w\" sizes=\"(max-width: 700px) 100vw, 700px\"><\/figure><\/li><li class=\"blocks-gallery-item\"><figure><img loading=\"lazy\" width=\"700\" height=\"323\" src=\"https:\/\/www.mendoza.gov.ar\/wp-content\/uploads\/sites\/5\/2024\/03\/Katz-OSEP-700x323.jpeg\" alt=\"\" data-id=\"400774\" data-full-url=\"https:\/\/www.mendoza.gov.ar\/wp-content\/uploads\/sites\/5\/2024\/03\/Katz-OSEP.jpeg\" data-link=\"https:\/\/www.mendoza.gov.ar\/prensa\/?attachment_id=400774\" class=\"wp-image-400774 img-responsive center-block\" srcset=\"https:\/\/www.mendoza.gov.ar\/wp-content\/uploads\/sites\/5\/2024\/03\/Katz-OSEP-700x323.jpeg 700w, https:\/\/www.mendoza.gov.ar\/wp-content\/uploads\/sites\/5\/2024\/03\/Katz-OSEP-250x115.jpeg 250w, https:\/\/www.mendoza.gov.ar\/wp-content\/uploads\/sites\/5\/2024\/03\/Katz-OSEP-768x355.jpeg 768w, https:\/\/www.mendoza.gov.ar\/wp-content\/uploads\/sites\/5\/2024\/03\/Katz-OSEP-1536x709.jpeg 1536w, https:\/\/www.mendoza.gov.ar\/wp-content\/uploads\/sites\/5\/2024\/03\/Katz-OSEP-120x55.jpeg 120w, https:\/\/www.mendoza.gov.ar\/wp-content\/uploads\/sites\/5\/2024\/03\/Katz-OSEP.jpeg 1600w\" sizes=\"(max-width: 700px) 100vw, 700px\"><\/figure><\/li><\/ul><\/figure>\n\n\n\n<p><\/p>\n<\/body><\/html>\n","protected":false},"excerpt":{"rendered":"OSEP, a trav&eacute;s del Departamento de Nutrici&oacute;n y Alimentaci&oacute;n y el Programa de Gesti&oacute;n Cl&iacute;nica de pacientes Cr&oacute;nicos, organiz&oacute; la charla virtual con la prestigiosa m&eacute;dica M&oacute;nica Katz, especialista en nutrici&oacute;n, quien disert&oacute; sobre el tratamiento de la obesidad orientado a las nuevas estrategias para evitar caer en viejos errores. Desde las 10 de la&#8230; <a class=\"view-article\" href=\"https:\/\/www.mendoza.gov.ar\/prensa\/monica-katz-recocida-medica-diserto-sobre-el-tratamiento-para-la-obesidad\/\"><\/a>","protected":false},"author":78,"featured_media":400771,"comment_status":"open","ping_status":"open","sticky":false,"template":"","format":"standard","meta":[],"categories":[30],"tags":[],"_links":{"self":[{"href":"https:\/\/www.mendoza.gov.ar\/prensa\/wp-json\/wp\/v2\/posts\/400770"}],"collection":[{"href":"https:\/\/www.mendoza.gov.ar\/prensa\/wp-json\/wp\/v2\/posts"}],"about":[{"href":"https:\/\/www.mendoza.gov.ar\/prensa\/wp-json\/wp\/v2\/types\/post"}],"author":[{"embeddable":true,"href":"https:\/\/www.mendoza.gov.ar\/prensa\/wp-json\/wp\/v2\/users\/78"}],"replies":[{"embeddable":true,"href":"https:\/\/www.mendoza.gov.ar\/prensa\/wp-json\/wp\/v2\/comments?post=400770"}],"version-history":[{"count":3,"href":"https:\/\/www.mendoza.gov.ar\/prensa\/wp-json\/wp\/v2\/posts\/400770\/revisions"}],"predecessor-version":[{"id":400798,"href":"https:\/\/www.mendoza.gov.ar\/prensa\/wp-json\/wp\/v2\/posts\/400770\/revisions\/400798"}],"wp:featuredmedia":[{"embeddable":true,"href":"https:\/\/www.mendoza.gov.ar\/prensa\/wp-json\/wp\/v2\/media\/400771"}],"wp:attachment":[{"href":"https:\/\/www.mendoza.gov.ar\/prensa\/wp-json\/wp\/v2\/media?parent=400770"}],"wp:term":[{"taxonomy":"category","embeddable":true,"href":"https:\/\/www.mendoza.gov.ar\/prensa\/wp-json\/wp\/v2\/categories?post=400770"},{"taxonomy":"post_tag","embeddable":true,"href":"https:\/\/www.mendoza.gov.ar\/prensa\/wp-json\/wp\/v2\/tags?post=400770"}],"curies":[{"name":"wp","href":"https:\/\/api.w.org\/{rel}","templated":true}]}}