{"id":400890,"date":"2024-03-22T10:49:13","date_gmt":"2024-03-22T13:49:13","guid":{"rendered":"https:\/\/www.mendoza.gov.ar\/prensa\/?p=400890"},"modified":"2024-03-22T12:46:27","modified_gmt":"2024-03-22T15:46:27","slug":"expo-agua-2024-gestion-del-recurso-hidrico-y-nuevas-tecnologias-para-riego-en-el-centro-del-debate","status":"publish","type":"post","link":"https:\/\/www.mendoza.gov.ar\/prensa\/expo-agua-2024-gestion-del-recurso-hidrico-y-nuevas-tecnologias-para-riego-en-el-centro-del-debate\/","title":{"rendered":"Expo Agua 2024: gesti\u00f3n del recurso h\u00eddrico y nuevas tecnolog\u00edas para riego, en el centro del debate"},"content":{"rendered":"<!DOCTYPE html PUBLIC \"-\/\/W3C\/\/DTD HTML 4.0 Transitional\/\/EN\" \"http:\/\/www.w3.org\/TR\/REC-html40\/loose.dtd\">\n<html><body><h5>En un encuentro cient&iacute;fico-productivo que durar&aacute; tres d&iacute;as, la comunidad agron&oacute;mica de Mendoza podr&aacute; actualizar e intercambiar conocimientos en el manejo del agua y conocer las &uacute;ltimas tendencias tecnol&oacute;gicas en agricultura de regad&iacute;o. Ser&aacute; del 6 al 8 de agosto, en Luj&aacute;n de Cuyo.<\/h5>\n\n\n\n<p>En el D&iacute;a Mundial del Agua, la Facultad de Ciencias Agrarias (FCA), el Departamento General de Irrigaci&oacute;n (DGI), el Instituto Nacional de Tecnolog&iacute;a Agropecuaria (INTA), el Instituto Nacional del Agua (INA) y el Gobierno de Mendoza anuncian la realizaci&oacute;n de la&nbsp;<a rel=\"noreferrer noopener\" href=\"https:\/\/www.uncuyo.edu.ar\/expoagua\/\" target=\"_blank\">Expo Agua y Producci&oacute;n Sustentable 2024.<\/a><\/p>\n\n\n\n<p>En el contexto de este encuentro cient&iacute;fico-productivo, tendr&aacute;n lugar las VIII Jornadas de Actualizaci&oacute;n en Riego y Fertirriego y la Feria de Tecnolog&iacute;a Agr&iacute;cola. Ser&aacute;n del 6 al 8 de agosto en el predio de la FCA, en Luj&aacute;n de Cuyo.<\/p>\n\n\n\n<p>Actualizar conocimientos y tecnolog&iacute;as, intercambiar experiencias y adoptar mejores pr&aacute;cticas de manejo del agua de riego son algunos de los objetivos del encuentro. Sus destinatarios son profesionales vinculados con la producci&oacute;n agropecuaria, productores, inspectores de cauce, t&eacute;cnicos, docentes e investigadores, estudiantes, usuarios y p&uacute;blico en general.<\/p>\n\n\n\n<p><strong>Escenarios y desaf&iacute;os<\/strong><\/p>\n\n\n\n<p>Las estrategias para una mejor gesti&oacute;n del recurso h&iacute;drico deben ser integrales, tanto en estas condiciones actuales como en aquellos escenarios y desaf&iacute;os que plantean el cambio clim&aacute;tico y el aumento poblacional. Adem&aacute;s, deben articular a todos los actores involucrados y contemplar a todos los usuarios para garantizar equidad en el acceso al agua en cantidad, calidad y oportunidad. En definitiva, lo que se busca es responder a las demandas y necesidades de cultivos intensivos y extensivos de todo el territorio nacional.<\/p>\n\n\n\n<p>Las jornadas constituyen un evento excepcional para transferir conocimientos, comunicar resultados y discutir los logros obtenidos en temas relacionados con la gesti&oacute;n del agua, en sus fases de administraci&oacute;n y distribuci&oacute;n extrapredial, y en aquellas de aplicaci&oacute;n y manejo en la parcela de cultivo.<\/p>\n\n\n\n<p>Tres son los ejes tem&aacute;ticos sobre los que girar&aacute;n las exposiciones y el debate: Agua, clima y planificaci&oacute;n; Tecnolog&iacute;as de gesti&oacute;n del agua y Econom&iacute;a, educaci&oacute;n, legislaci&oacute;n y gobernanza del agua. Como complemento de esta actividad cient&iacute;fica, la Feria de Tecnolog&iacute;a Agr&iacute;cola apunta a convertirse en una exhibici&oacute;n de los &uacute;ltimos avances aplicados a la agricultura de regad&iacute;o, poniendo al alcance de los asistentes una variedad de desarrollos locales, nacionales e internacionales.<\/p>\n\n\n\n<p><strong>La palabra de los organizadores<\/strong><\/p>\n\n\n\n<p>Mar&iacute;a Flavia Filippini, decana de la Facultad de Ciencias Agrarias, afirm&oacute;: &ldquo;La gesti&oacute;n del agua y la sustentabilidad se constituyen como elementos centrales para la producci&oacute;n agroindustrial de Mendoza y la regi&oacute;n. La expo re&uacute;ne ambos conceptos y lo hace con una mirada p&uacute;blico-privada, favoreciendo la interacci&oacute;n entre investigadores, empresas y Gobierno. Desde la facultad venimos trabajando esta tem&aacute;tica de manera sostenida a trav&eacute;s de acciones de formaci&oacute;n, de investigaci&oacute;n y de vinculaci&oacute;n. En esta l&iacute;nea, hemos coorganizado las siete ediciones de las Jornadas de Riego y Fertirriego y, en esta oportunidad, buscamos integrar al sector privado de una manera contundente, respondiendo a un nuevo modelo de gesti&oacute;n ecosist&eacute;mica&rdquo;.<\/p>\n\n\n\n<p>En tanto, Sergio Marinelli, superintendente de Irrigaci&oacute;n, coment&oacute;: &ldquo;Venimos construyendo gobernanza junto a la Facultad de Ciencias Agrarias con distintas iniciativas en torno al cuidado del agua y la eficiencia de riego, trabajando en ciclos, capacitaciones, cursos y charlas para la comunidad de usuarios y la sociedad en general&rdquo;.<\/p>\n\n\n\n<p>Asimismo, el funcionario agreg&oacute;: &ldquo;Es siempre importante para una provincia como Mendoza, que desde hace una d&eacute;cada transita una sequ&iacute;a sostenida, con per&iacute;odos de mayor agua como el actual, y de menor cantidad como la temporada pasada; abordar de manera cient&iacute;fica y tecnol&oacute;gica los retos y desaf&iacute;os que se presentar&aacute;n en los pr&oacute;ximos a&ntilde;os entre el agua disponible y la demanda cada vez m&aacute;s creciente&rdquo;.<\/p>\n\n\n\n<p>Finalmente, Marinelli dijo: &ldquo;La innovaci&oacute;n, el desarrollo, la investigaci&oacute;n y la participaci&oacute;n de diferentes actores sociales involucrados en la gesti&oacute;n de los recursos h&iacute;dricos ser&aacute; fundamental para planificar y abordar los escenarios h&iacute;dricos pr&oacute;ximos en torno al cambio clim&aacute;tico&rdquo;.<\/p>\n\n\n\n<p>Por su parte, Claudio Galmarini, director del Centro Regional Mendoza-San Juan INTA, asegur&oacute;: &ldquo;El consenso acerca de que la regi&oacute;n atraviesa una grave crisis h&iacute;drica, y con perspectiva de no mejorar en los pr&oacute;ximos a&ntilde;os, nos interpela en nuestro rol institucional para abordar la problem&aacute;tica de manera hol&iacute;stica e integrada&rdquo;.<\/p>\n\n\n\n<p>Posteriormente, agreg&oacute;: &ldquo;Es por ello que el INTA ha priorizado la tem&aacute;tica en la regi&oacute;n. Esto significa que, mediante nuestros equipos de extensi&oacute;n e investigaci&oacute;n, como tambi&eacute;n mediante la articulaci&oacute;n y coordinaci&oacute;n de esfuerzos con organismos nacionales, provinciales, municipales como con organizaciones civiles, desarrollamos acciones para hacer un uso eficiente del agua y facilitar el acceso a tecnolog&iacute;as que permitan a los actores del sector productivo adecuarse a la realidad h&iacute;drica de la regi&oacute;n. La Expo Agua ser&aacute; una gran oportunidad para mostrar los avances logrados y proponer nuevos desaf&iacute;os&rdquo;.<\/p>\n\n\n\n<p>Entre tanto, Santiago Ruiz Freites, subgerente del Centro Regional Andino del INA, explic&oacute; que &ldquo;es de suma importancia que se re&uacute;nan, para el tratamiento de estos temas, el Gobierno, en el dise&ntilde;o de las pol&iacute;ticas p&uacute;blicas; los organismos de ciencia y tecnolog&iacute;a como el INTA y el Instituto Nacional del Agua; la academia, con la Facultad de Ciencias Agrarias; y el Departamento General de Irrigaci&oacute;n, como organismo de gesti&oacute;n y de distribuci&oacute;n del agua, para analizar integralmente las nuevas tecnolog&iacute;as en materia de pr&aacute;cticas agr&iacute;colas y fertirriego, acompa&ntilde;ando su desarrollo y aplicaci&oacute;n a la realidad de Mendoza&rdquo;.<\/p>\n\n\n\n<p>Por &uacute;ltim&oacute;, Alfredo Draque, director de Agricultura, del Ministerio de Producci&oacute;n, coment&oacute; que &ldquo;la Expo Agua es fundamental para el Gobierno de Mendoza, al tratarse de un tema estrat&eacute;gico para la producci&oacute;n y el desarrollo de la agroindustria. En un espacio de interacci&oacute;n de organismos p&uacute;blicos, agentes privados y academia se buscar&aacute;n y generar&aacute;n soluciones innovadoras y participativas a los grandes problemas que se nos presentan&rdquo;.<\/p>\n\n\n\n<p><strong>En detalle<\/strong><\/p>\n\n\n\n<p>La expo tendr&aacute; varias modalidades para participar. Por un lado, las sesiones t&eacute;cnico-cient&iacute;ficas, que servir&aacute;n para compartir trabajos en formato oral y p&oacute;sters y, por otro, las sesiones t&eacute;cnico-productivas por medio de conversatorios donde se dar&aacute;n a conocer experiencias y casos pr&aacute;cticos. Integrada a la expo, se podr&aacute; exhibir en la feria la oferta de tecnolog&iacute;a destinada al sector agr&iacute;cola.<\/p>\n\n\n\n<p>Tambi&eacute;n habr&aacute; conferencias centrales a cargo de referentes del sector acad&eacute;mico, privado y gubernamental. Y, finalmente, se har&aacute;n visitas t&eacute;cnicas por temas de fincas, y en ellas, las tecnolog&iacute;as de riego y las energ&iacute;as renovables, de re&uacute;so de agua y de distribuci&oacute;n.<\/p>\n\n\n\n<p>Adem&aacute;s, se ofrecer&aacute; una instancia para la publicaci&oacute;n de trabajos. En primer lugar, en el libro de res&uacute;menes con ISBN que incluir&aacute; las conclusiones del encuentro. Tambi&eacute;n se seleccionar&aacute;n trabajos para publicar en las revistas <em>Experticia <\/em>y de Ciencias Agrarias.<\/p>\n\n\n\n<p><strong>C&oacute;mo participar<\/strong><\/p>\n\n\n\n<p>Las personas interesadas en asistir tienen que completar&nbsp;<a rel=\"noreferrer noopener\" href=\"https:\/\/www.uncuyo.edu.ar\/expoagua\/inscripciones\" target=\"_blank\">este formulario de inscripci&oacute;n<\/a>&nbsp;y abonar el arancel correspondiente seg&uacute;n el perfil del asistente. Cada inscripci&oacute;n habilita la presentaci&oacute;n de hasta tres trabajos. Est&aacute; previsto un fondo de becas para estudiantes.<\/p>\n\n\n\n<p>La recepci&oacute;n de res&uacute;menes est&aacute; abierta hasta el 15 de mayo. El env&iacute;o debe hacerse a trav&eacute;s de&nbsp;<a rel=\"noreferrer noopener\" href=\"https:\/\/www.uncuyo.edu.ar\/expoagua\/resumenes\" target=\"_blank\">este formulario<\/a>&nbsp;y los resultados de la evaluaci&oacute;n se comunicar&aacute;n el 20 de junio.<\/p>\n\n\n\n<p>Toda la informaci&oacute;n para participar est&aacute; disponible en el&nbsp;<a rel=\"noreferrer noopener\" href=\"https:\/\/www.uncuyo.edu.ar\/expoagua\/\" target=\"_blank\">sitio web de la expo<\/a>. Por consultas, comunicarse al correo&nbsp;<a rel=\"noreferrer noopener\" href=\"mailto:expoagua@fca.uncu.edu.ar\" target=\"_blank\">expoagua@fca.uncu.edu.ar<\/a>.<\/p>\n\n\n\n<figure class=\"wp-block-gallery columns-3\"><ul class=\"blocks-gallery-grid\"><li class=\"blocks-gallery-item\"><figure><a href=\"https:\/\/www.mendoza.gov.ar\/wp-content\/uploads\/sites\/5\/2024\/03\/flyer.png\"><img loading=\"lazy\" width=\"700\" height=\"467\" src=\"https:\/\/www.mendoza.gov.ar\/wp-content\/uploads\/sites\/5\/2024\/03\/flyer-700x467.png\" alt=\"\" data-id=\"400895\" data-full-url=\"https:\/\/www.mendoza.gov.ar\/wp-content\/uploads\/sites\/5\/2024\/03\/flyer.png\" data-link=\"https:\/\/www.mendoza.gov.ar\/prensa\/?attachment_id=400895\" class=\"wp-image-400895 img-responsive center-block\" srcset=\"https:\/\/www.mendoza.gov.ar\/wp-content\/uploads\/sites\/5\/2024\/03\/flyer-700x467.png 700w, https:\/\/www.mendoza.gov.ar\/wp-content\/uploads\/sites\/5\/2024\/03\/flyer-250x167.png 250w, https:\/\/www.mendoza.gov.ar\/wp-content\/uploads\/sites\/5\/2024\/03\/flyer-768x512.png 768w, https:\/\/www.mendoza.gov.ar\/wp-content\/uploads\/sites\/5\/2024\/03\/flyer-120x80.png 120w, https:\/\/www.mendoza.gov.ar\/wp-content\/uploads\/sites\/5\/2024\/03\/flyer.png 819w\" sizes=\"(max-width: 700px) 100vw, 700px\"><\/a><\/figure><\/li><li class=\"blocks-gallery-item\"><figure><a href=\"https:\/\/www.mendoza.gov.ar\/wp-content\/uploads\/sites\/5\/2024\/03\/foto-2.jpeg\"><img loading=\"lazy\" width=\"700\" height=\"367\" src=\"https:\/\/www.mendoza.gov.ar\/wp-content\/uploads\/sites\/5\/2024\/03\/foto-2-700x367.jpeg\" alt=\"\" data-id=\"400896\" data-full-url=\"https:\/\/www.mendoza.gov.ar\/wp-content\/uploads\/sites\/5\/2024\/03\/foto-2.jpeg\" data-link=\"https:\/\/www.mendoza.gov.ar\/prensa\/?attachment_id=400896\" class=\"wp-image-400896 img-responsive center-block\" srcset=\"https:\/\/www.mendoza.gov.ar\/wp-content\/uploads\/sites\/5\/2024\/03\/foto-2-700x367.jpeg 700w, https:\/\/www.mendoza.gov.ar\/wp-content\/uploads\/sites\/5\/2024\/03\/foto-2-250x131.jpeg 250w, https:\/\/www.mendoza.gov.ar\/wp-content\/uploads\/sites\/5\/2024\/03\/foto-2-768x402.jpeg 768w, https:\/\/www.mendoza.gov.ar\/wp-content\/uploads\/sites\/5\/2024\/03\/foto-2-1536x804.jpeg 1536w, https:\/\/www.mendoza.gov.ar\/wp-content\/uploads\/sites\/5\/2024\/03\/foto-2-120x63.jpeg 120w, https:\/\/www.mendoza.gov.ar\/wp-content\/uploads\/sites\/5\/2024\/03\/foto-2.jpeg 1600w\" sizes=\"(max-width: 700px) 100vw, 700px\"><\/a><\/figure><\/li><li class=\"blocks-gallery-item\"><figure><a href=\"https:\/\/www.mendoza.gov.ar\/wp-content\/uploads\/sites\/5\/2024\/03\/foto1.jpeg\"><img loading=\"lazy\" width=\"700\" height=\"466\" src=\"https:\/\/www.mendoza.gov.ar\/wp-content\/uploads\/sites\/5\/2024\/03\/foto1-700x466.jpeg\" alt=\"\" data-id=\"400897\" data-full-url=\"https:\/\/www.mendoza.gov.ar\/wp-content\/uploads\/sites\/5\/2024\/03\/foto1.jpeg\" data-link=\"https:\/\/www.mendoza.gov.ar\/prensa\/?attachment_id=400897\" class=\"wp-image-400897 img-responsive center-block\" srcset=\"https:\/\/www.mendoza.gov.ar\/wp-content\/uploads\/sites\/5\/2024\/03\/foto1-700x466.jpeg 700w, https:\/\/www.mendoza.gov.ar\/wp-content\/uploads\/sites\/5\/2024\/03\/foto1-250x167.jpeg 250w, https:\/\/www.mendoza.gov.ar\/wp-content\/uploads\/sites\/5\/2024\/03\/foto1-768x512.jpeg 768w, https:\/\/www.mendoza.gov.ar\/wp-content\/uploads\/sites\/5\/2024\/03\/foto1-1536x1023.jpeg 1536w, https:\/\/www.mendoza.gov.ar\/wp-content\/uploads\/sites\/5\/2024\/03\/foto1-120x80.jpeg 120w, https:\/\/www.mendoza.gov.ar\/wp-content\/uploads\/sites\/5\/2024\/03\/foto1.jpeg 1600w\" sizes=\"(max-width: 700px) 100vw, 700px\"><\/a><\/figure><\/li><\/ul><\/figure>\n<\/body><\/html>\n","protected":false},"excerpt":{"rendered":"En un encuentro cient&iacute;fico-productivo que durar&aacute; tres d&iacute;as, la comunidad agron&oacute;mica de Mendoza podr&aacute; actualizar e intercambiar conocimientos en el manejo del agua y conocer las &uacute;ltimas tendencias tecnol&oacute;gicas en agricultura de regad&iacute;o. Ser&aacute; del 6 al 8 de agosto, en Luj&aacute;n de Cuyo. En el D&iacute;a Mundial del Agua, la Facultad de Ciencias Agrarias&#8230; <a class=\"view-article\" href=\"https:\/\/www.mendoza.gov.ar\/prensa\/expo-agua-2024-gestion-del-recurso-hidrico-y-nuevas-tecnologias-para-riego-en-el-centro-del-debate\/\"><\/a>","protected":false},"author":66,"featured_media":400896,"comment_status":"open","ping_status":"open","sticky":false,"template":"","format":"standard","meta":[],"categories":[26],"tags":[],"_links":{"self":[{"href":"https:\/\/www.mendoza.gov.ar\/prensa\/wp-json\/wp\/v2\/posts\/400890"}],"collection":[{"href":"https:\/\/www.mendoza.gov.ar\/prensa\/wp-json\/wp\/v2\/posts"}],"about":[{"href":"https:\/\/www.mendoza.gov.ar\/prensa\/wp-json\/wp\/v2\/types\/post"}],"author":[{"embeddable":true,"href":"https:\/\/www.mendoza.gov.ar\/prensa\/wp-json\/wp\/v2\/users\/66"}],"replies":[{"embeddable":true,"href":"https:\/\/www.mendoza.gov.ar\/prensa\/wp-json\/wp\/v2\/comments?post=400890"}],"version-history":[{"count":5,"href":"https:\/\/www.mendoza.gov.ar\/prensa\/wp-json\/wp\/v2\/posts\/400890\/revisions"}],"predecessor-version":[{"id":400932,"href":"https:\/\/www.mendoza.gov.ar\/prensa\/wp-json\/wp\/v2\/posts\/400890\/revisions\/400932"}],"wp:featuredmedia":[{"embeddable":true,"href":"https:\/\/www.mendoza.gov.ar\/prensa\/wp-json\/wp\/v2\/media\/400896"}],"wp:attachment":[{"href":"https:\/\/www.mendoza.gov.ar\/prensa\/wp-json\/wp\/v2\/media?parent=400890"}],"wp:term":[{"taxonomy":"category","embeddable":true,"href":"https:\/\/www.mendoza.gov.ar\/prensa\/wp-json\/wp\/v2\/categories?post=400890"},{"taxonomy":"post_tag","embeddable":true,"href":"https:\/\/www.mendoza.gov.ar\/prensa\/wp-json\/wp\/v2\/tags?post=400890"}],"curies":[{"name":"wp","href":"https:\/\/api.w.org\/{rel}","templated":true}]}}