{"id":40106,"date":"2015-09-04T12:46:17","date_gmt":"2015-09-04T15:46:17","guid":{"rendered":"http:\/\/prensa.mendoza.gov.ar\/?p=40106"},"modified":"2015-09-04T12:46:17","modified_gmt":"2015-09-04T15:46:17","slug":"un-plan-de-politicas-energeticas-firmes-y-perdurables-permitira-bajar-el-consumo-y-crecer-en-la-region","status":"publish","type":"post","link":"https:\/\/www.mendoza.gov.ar\/prensa\/un-plan-de-politicas-energeticas-firmes-y-perdurables-permitira-bajar-el-consumo-y-crecer-en-la-region\/","title":{"rendered":"Un plan de pol\u00edticas energ\u00e9ticas firmes y perdurables permitir\u00e1 bajar el consumo y crecer en la regi\u00f3n"},"content":{"rendered":"<!DOCTYPE html PUBLIC \"-\/\/W3C\/\/DTD HTML 4.0 Transitional\/\/EN\" \"http:\/\/www.w3.org\/TR\/REC-html40\/loose.dtd\">\n<html><body><p>Un&nbsp;estudio elaborado por el Ministerio de Energ&iacute;a de proyecci&oacute;n sobre el consumo final total (TFC) que abarca hasta 2030, muestra que la Argentina contiene variables significativas donde las subas y bajas del consumo energ&eacute;tico, evolucionan de acuerdo a las pol&iacute;ticas tomadas en los cambios de gobiernos.<\/p>\n<p>Las tendencias estad&iacute;sticas se&ntilde;alan que si el PBI se incrementa un 2,5 por ciento anual, con un crecimiento poblacional del 0,9 por ciento, la aplicaci&oacute;n firme y continua de pol&iacute;ticas de eficiencia energ&eacute;tica, permitir&aacute;n a mediano plazo una tendencia &oacute;ptima a la baja del consumo de cualquier tipo de energ&iacute;a.<\/p>\n<p><a href=\"https:\/\/www.mendoza.gov.ar\/prensa\/wp-content\/uploads\/sites\/23\/Gra%C3%A1fico-Eirin_Jap%C3%B3n1.jpg\"><img loading=\"lazy\" class=\"alignnone wp-image-40115 img-responsive center-block\" src=\"https:\/\/www.mendoza.gov.ar\/prensa\/wp-content\/uploads\/sites\/23\/Gra%C3%A1fico-Eirin_Jap%C3%B3n1.jpg\" alt=\"Gra&aacute;fico Eirin_Jap&oacute;n1\" width=\"650\" height=\"460\"><\/a><\/p>\n<p>Estos escenarios planteados desde el exhaustivo y minucioso an&aacute;lisis de las variables estad&iacute;sticas, nos aportan proyecciones bien definidas seg&uacute;n el criterio tomado de cada gesti&oacute;n de gobierno en aplicar o no, un paquete de medidas sobre la planificaci&oacute;n energ&eacute;tica prolongada en el tiempo.<\/p>\n<p>Algunos ejemplos de aplicaci&oacute;n ser&iacute;an limitar el consumo de combustibles a las empresas de transporte en un 1% anual, lo que tendr&iacute;a&nbsp;un fuerte impacto en un per&iacute;odo de 10 a 15 a&ntilde;os, crear subsidios para la pr&aacute;ctica de eficiencia energ&eacute;tica, equipamientos y tecnolog&iacute;as sobre energ&iacute;as renovables, entre otras medidas a tener en cuenta, reducir&iacute;an el consumo de manera importante.<\/p>\n<p>De acuerdo a otra observaci&oacute;n proporcionada por la Agencia Internacional de Energ&iacute;a (IEA), la Argentina marca una tendencia que cada un 1% del PBI per c&aacute;pita, el consumo sufre una suba del 0,4%, cifra considerablemente menor que la media estimada para la cantidad de pa&iacute;ses observados por la IEA. Es decir, que por una suba del 19,28% de PBI per c&aacute;pita, en 4 a&ntilde;os, la tasa de consumo energ&eacute;tica aument&oacute; un 8,09%.<\/p>\n<p>Los indicadores del cuadro de evoluci&oacute;n de la eficiencia energ&eacute;tica, elaborado por el Ministerio de Energ&iacute;a, se&ntilde;alan c&oacute;mo impacta cada sector de la econom&iacute;a, &nbsp;de acuerdo a la desestimaci&oacute;n o no de pol&iacute;ticas energ&eacute;ticas debidamente reglamentadas.<\/p>\n<p><a href=\"https:\/\/www.mendoza.gov.ar\/prensa\/wp-content\/uploads\/sites\/23\/Gra%C3%A1fico-Eirin_Jap%C3%B3n2.jpg\"><img loading=\"lazy\" class=\"alignnone wp-image-40117 img-responsive center-block\" src=\"https:\/\/www.mendoza.gov.ar\/prensa\/wp-content\/uploads\/sites\/23\/Gra%C3%A1fico-Eirin_Jap%C3%B3n2.jpg\" alt=\"Gra&aacute;fico Eirin_Jap&oacute;n2\" width=\"650\" height=\"460\"><\/a><\/p>\n<p>Otro dato a tener en cuenta del estudio mundial aportado por IEA, indica que a una mayor tasa de crecimiento econ&oacute;mico, disminuye en la intensidad energ&eacute;tica, es decir, consumo de energ&iacute;a\/PBI. en Argentina alcanza una tasa de crecimiento cero, por lo que la intensidad energ&eacute;tica aumenta, esto quiere decir, que el crecimiento est&aacute; estrechamente relacionado con el consumo de energ&iacute;a. Si se aplican en los pr&oacute;ximos a&ntilde;os una medida fuerte para llevar adelante un uso eficiente de la energ&iacute;a y se logra un menor consumo, el crecimiento de nuestro pa&iacute;s y nuestra regi&oacute;n ser&aacute; notable.<\/p>\n<p>La cartera energ&eacute;tica de la provincia, profes&oacute; durante este tiempo que es imposible crecer sin energ&iacute;a, pero teniendo en cuenta que con medidas bien legitimadas, con cultura del ahorro y el buen uso de nuestros recursos, el crecimiento est&aacute; asegurado en los pr&oacute;ximos a&ntilde;os en la regi&oacute;n.<\/p>\n<\/body><\/html>\n","protected":false},"excerpt":{"rendered":"Los gobiernos deben mantener una fuerte planificaci\u00f3n en materia energ\u00e9tica, con el objeto de alcanzar un proceso de importantes de inversiones y de concientizaci\u00f3n del buen uso de energ\u00eda, que aportar\u00e1 a la baja del consumo en pr\u00f3ximos a\u00f1os en todo el pa\u00eds, por lo que Mendoza no escapa a esta situaci\u00f3n.","protected":false},"author":3,"featured_media":0,"comment_status":"open","ping_status":"open","sticky":false,"template":"","format":"standard","meta":[],"categories":[1],"tags":[],"_links":{"self":[{"href":"https:\/\/www.mendoza.gov.ar\/prensa\/wp-json\/wp\/v2\/posts\/40106"}],"collection":[{"href":"https:\/\/www.mendoza.gov.ar\/prensa\/wp-json\/wp\/v2\/posts"}],"about":[{"href":"https:\/\/www.mendoza.gov.ar\/prensa\/wp-json\/wp\/v2\/types\/post"}],"author":[{"embeddable":true,"href":"https:\/\/www.mendoza.gov.ar\/prensa\/wp-json\/wp\/v2\/users\/3"}],"replies":[{"embeddable":true,"href":"https:\/\/www.mendoza.gov.ar\/prensa\/wp-json\/wp\/v2\/comments?post=40106"}],"version-history":[{"count":0,"href":"https:\/\/www.mendoza.gov.ar\/prensa\/wp-json\/wp\/v2\/posts\/40106\/revisions"}],"wp:attachment":[{"href":"https:\/\/www.mendoza.gov.ar\/prensa\/wp-json\/wp\/v2\/media?parent=40106"}],"wp:term":[{"taxonomy":"category","embeddable":true,"href":"https:\/\/www.mendoza.gov.ar\/prensa\/wp-json\/wp\/v2\/categories?post=40106"},{"taxonomy":"post_tag","embeddable":true,"href":"https:\/\/www.mendoza.gov.ar\/prensa\/wp-json\/wp\/v2\/tags?post=40106"}],"curies":[{"name":"wp","href":"https:\/\/api.w.org\/{rel}","templated":true}]}}