{"id":401215,"date":"2024-03-24T19:53:51","date_gmt":"2024-03-24T22:53:51","guid":{"rendered":"https:\/\/www.mendoza.gov.ar\/prensa\/?p=401215"},"modified":"2024-09-17T19:28:15","modified_gmt":"2024-09-17T22:28:15","slug":"en-villavicencio-se-dio-inicio-a-la-xxiii-edicion-de-musica-clasica-por-los-caminos-del-vino","status":"publish","type":"post","link":"https:\/\/www.mendoza.gov.ar\/prensa\/en-villavicencio-se-dio-inicio-a-la-xxiii-edicion-de-musica-clasica-por-los-caminos-del-vino\/","title":{"rendered":"En Villavicencio, comenz\u00f3 la XXIII edici\u00f3n de M\u00fasica Cl\u00e1sica por los Caminos del Vino"},"content":{"rendered":"<!DOCTYPE html PUBLIC \"-\/\/W3C\/\/DTD HTML 4.0 Transitional\/\/EN\" \"http:\/\/www.w3.org\/TR\/REC-html40\/loose.dtd\">\n<html><body><p><strong>Con 60 conciertos programados, se desarrollar&aacute; desde el 27 de marzo al 2 de abril, con presencia en los 18 departamentos de la provincia. Adem&aacute;s, por primera vez se extiende a todo Cuyo.<\/strong><\/p>\n\n\n\n<p>Cientos de &nbsp;personas se reunieron este domingo, 24 de marzo, en la Reserva Natural Villavicencio para disfrutar del concierto inaugural de la edici&oacute;n 2024, que en esta oportunidad rinde homenaje al cent&eacute;simo aniversario de la muerte de Giacomo Puccini y los 430 a&ntilde;os del fallecimiento de Giovanni Pierluigi da Palestrina.<\/p>\n\n\n\n<p>El festival es organizado por el Gobierno de Mendoza como Capital Mundial del Vino y Capital Iberoamericana de Gastronom&iacute;a y Vino, a trav&eacute;s de la Subsecretar&iacute;a de Cultura, dependiente del Ministerio de Educaci&oacute;n, Cultura, Infancias y DGE, en conjunto con todos los municipios de la provincia y el sector privado. Tiene como objetivo difundir el g&eacute;nero en escenarios de todo el territorio.<\/p>\n\n\n\n<p>Previo al concierto, Diego Gareca, subsecretario de Cultura, destac&oacute;: &ldquo;Para nosotros es una enorme alegr&iacute;a estar en este lugar maravilloso que tenemos en la provincia de Mendoza. Esta presentaci&oacute;n de M&uacute;sica Cl&aacute;sica por los Caminos del Vino, en su edici&oacute;n n&uacute;mero 23, es realmente hist&oacute;rica, ya que tenemos la posibilidad de sumar a San Juan y San Luis en una nueva proyecci&oacute;n. Hoy aqu&iacute; damos inicio al primero de los 60 conciertos que tenemos programados. Los invitamos a sumarse y a disfrutar de este ciclo que tiene tambi&eacute;n un fin solidario, por eso es importante tambi&eacute;n la participaci&oacute;n&rdquo;.<\/p>\n\n\n\n<p>Por su parte, Silvina Giudici, responsable de la Reserva Natural Villavicencio, refiri&oacute;: &ldquo;Es un placer que est&eacute;n ac&aacute; con nosotros. Nos da mucho orgullo ser nuevamente el lugar elegido por la Subsecretar&iacute;a de Cultura de la provincia para iniciar este maravilloso camino de M&uacute;sica Cl&aacute;sica por los Caminos del Vino en un a&ntilde;o particular para Villavicencio, ya que cumplimos 120 a&ntilde;os de embotellar la primera y mejor agua de la Argentina y la reserva no se queda atr&aacute;s, con 24 a&ntilde;os de conservaci&oacute;n. Es un placer darles desde aqu&iacute; la bienvenida a lo que ser&aacute;n numerosas jornadas&rdquo;.<\/p>\n\n\n\n<p>Los artistas que tuvieron a cargo dar inicio al festival fuerin Bel Suono Ensamble L&iacute;rico, agrupaci&oacute;n compuesta por Julieta Caparotta, soprano; Andrea Vaia, mezzosoprano; Mariano Leota, tenor; Rub&eacute;n Caparotta, tenor; Marcelo Zelada, tenor (invitado), y Pablo Fascio, en piano.<\/p>\n\n\n\n<p>El ensamble present&oacute; un programa especialmente inspirado en <em>M&aacute;gico Puccini, <\/em>dedicado en gran parte a las composiciones de Giacomo Puccini (1838-1875) y sus grandes t&iacute;tulos oper&iacute;sticos, como <em>Tosca, Madama Buterfly, La Boh&egrave;me, Turandot <\/em>y m&aacute;s, en el a&ntilde;o de su aniversario.<\/p>\n\n\n\n<p>Ante un p&uacute;blico &aacute;vido de un gran repertorio, se interpretaron arias, d&uacute;os y conjuntos m&aacute;s caracter&iacute;sticos de este compositor, junto a obras propias de la &oacute;pera mundial.<\/p>\n\n\n\n<p><strong>Canje de entradas<\/strong><\/p>\n\n\n\n<p>En esta edici&oacute;n XXIII, el festival M&uacute;sica Cl&aacute;sica por los Caminos del Vino mantendr&aacute; su car&aacute;cter solidario. Por ello, para los conciertos que as&iacute; lo requieran, se entregar&aacute; una entrada a cambio de una caja de leche larga vida, destinada al Banco de Alimentos de Mendoza, instituci&oacute;n que trabaja junto organizaciones de la provincia y comedores municipales.<\/p>\n\n\n\n<p>El canje de entradas se realizar&aacute; durante toda la semana, de 10 a 17, en la Subsecretar&iacute;a de Cultura, Espa&ntilde;a y Guti&eacute;rrez, Ciudad de Mendoza.<\/p>\n\n\n\n<p><strong>La programaci&oacute;n puede consultarse en&nbsp;<a rel=\"noreferrer noopener\" href=\"http:\/\/www.mendoza.gov.ar\/cultura\" target=\"_blank\">www.mendoza.gov.ar\/cultura<\/a><\/strong><\/p>\n\n\n\n<figure class=\"wp-block-gallery columns-3 is-cropped\"><ul class=\"blocks-gallery-grid\"><li class=\"blocks-gallery-item\"><figure><a href=\"https:\/\/www.mendoza.gov.ar\/wp-content\/uploads\/sites\/5\/2024\/03\/2024-03-24-at-17.57.38-700x466.jpeg\"><img loading=\"lazy\" width=\"700\" height=\"466\" src=\"https:\/\/www.mendoza.gov.ar\/wp-content\/uploads\/sites\/5\/2024\/03\/2024-03-24-at-17.57.38-700x466.jpeg\" alt=\"\" data-id=\"401217\" data-link=\"https:\/\/www.mendoza.gov.ar\/prensa\/?attachment_id=401217\" class=\"wp-image-401217 img-responsive center-block\" srcset=\"https:\/\/www.mendoza.gov.ar\/wp-content\/uploads\/sites\/5\/2024\/03\/2024-03-24-at-17.57.38-700x466.jpeg 700w, https:\/\/www.mendoza.gov.ar\/wp-content\/uploads\/sites\/5\/2024\/03\/2024-03-24-at-17.57.38-250x167.jpeg 250w, https:\/\/www.mendoza.gov.ar\/wp-content\/uploads\/sites\/5\/2024\/03\/2024-03-24-at-17.57.38-768x512.jpeg 768w, https:\/\/www.mendoza.gov.ar\/wp-content\/uploads\/sites\/5\/2024\/03\/2024-03-24-at-17.57.38-1536x1024.jpeg 1536w, https:\/\/www.mendoza.gov.ar\/wp-content\/uploads\/sites\/5\/2024\/03\/2024-03-24-at-17.57.38-2048x1365.jpeg 2048w, https:\/\/www.mendoza.gov.ar\/wp-content\/uploads\/sites\/5\/2024\/03\/2024-03-24-at-17.57.38-120x80.jpeg 120w\" sizes=\"(max-width: 700px) 100vw, 700px\"><\/a><\/figure><\/li><li class=\"blocks-gallery-item\"><figure><a href=\"https:\/\/www.mendoza.gov.ar\/wp-content\/uploads\/sites\/5\/2024\/03\/MA2_0601-700x466.png\"><img loading=\"lazy\" width=\"700\" height=\"466\" src=\"https:\/\/www.mendoza.gov.ar\/wp-content\/uploads\/sites\/5\/2024\/03\/MA2_0601-700x466.png\" alt=\"\" data-id=\"401218\" data-link=\"https:\/\/www.mendoza.gov.ar\/prensa\/?attachment_id=401218\" class=\"wp-image-401218 img-responsive center-block\" srcset=\"https:\/\/www.mendoza.gov.ar\/wp-content\/uploads\/sites\/5\/2024\/03\/MA2_0601-700x466.png 700w, https:\/\/www.mendoza.gov.ar\/wp-content\/uploads\/sites\/5\/2024\/03\/MA2_0601-250x167.png 250w, https:\/\/www.mendoza.gov.ar\/wp-content\/uploads\/sites\/5\/2024\/03\/MA2_0601-768x512.png 768w, https:\/\/www.mendoza.gov.ar\/wp-content\/uploads\/sites\/5\/2024\/03\/MA2_0601-120x80.png 120w, https:\/\/www.mendoza.gov.ar\/wp-content\/uploads\/sites\/5\/2024\/03\/MA2_0601.png 1280w\" sizes=\"(max-width: 700px) 100vw, 700px\"><\/a><\/figure><\/li><li class=\"blocks-gallery-item\"><figure><a href=\"https:\/\/www.mendoza.gov.ar\/wp-content\/uploads\/sites\/5\/2024\/03\/MA2_0726-700x466.png\"><img loading=\"lazy\" width=\"700\" height=\"466\" src=\"https:\/\/www.mendoza.gov.ar\/wp-content\/uploads\/sites\/5\/2024\/03\/MA2_0726-700x466.png\" alt=\"\" data-id=\"401219\" data-link=\"https:\/\/www.mendoza.gov.ar\/prensa\/?attachment_id=401219\" class=\"wp-image-401219 img-responsive center-block\" srcset=\"https:\/\/www.mendoza.gov.ar\/wp-content\/uploads\/sites\/5\/2024\/03\/MA2_0726-700x466.png 700w, https:\/\/www.mendoza.gov.ar\/wp-content\/uploads\/sites\/5\/2024\/03\/MA2_0726-250x167.png 250w, https:\/\/www.mendoza.gov.ar\/wp-content\/uploads\/sites\/5\/2024\/03\/MA2_0726-768x512.png 768w, https:\/\/www.mendoza.gov.ar\/wp-content\/uploads\/sites\/5\/2024\/03\/MA2_0726-120x80.png 120w, https:\/\/www.mendoza.gov.ar\/wp-content\/uploads\/sites\/5\/2024\/03\/MA2_0726.png 1280w\" sizes=\"(max-width: 700px) 100vw, 700px\"><\/a><\/figure><\/li><li class=\"blocks-gallery-item\"><figure><a href=\"https:\/\/www.mendoza.gov.ar\/wp-content\/uploads\/sites\/5\/2024\/03\/2024-03-24-at-17.57.40-1.jpeg\"><img loading=\"lazy\" width=\"700\" height=\"467\" src=\"https:\/\/www.mendoza.gov.ar\/wp-content\/uploads\/sites\/5\/2024\/03\/2024-03-24-at-17.57.40-1-700x467.jpeg\" alt=\"\" data-id=\"401220\" data-full-url=\"https:\/\/www.mendoza.gov.ar\/wp-content\/uploads\/sites\/5\/2024\/03\/2024-03-24-at-17.57.40-1.jpeg\" data-link=\"https:\/\/www.mendoza.gov.ar\/prensa\/?attachment_id=401220\" class=\"wp-image-401220 img-responsive center-block\" srcset=\"https:\/\/www.mendoza.gov.ar\/wp-content\/uploads\/sites\/5\/2024\/03\/2024-03-24-at-17.57.40-1-700x467.jpeg 700w, https:\/\/www.mendoza.gov.ar\/wp-content\/uploads\/sites\/5\/2024\/03\/2024-03-24-at-17.57.40-1-250x167.jpeg 250w, https:\/\/www.mendoza.gov.ar\/wp-content\/uploads\/sites\/5\/2024\/03\/2024-03-24-at-17.57.40-1-768x512.jpeg 768w, https:\/\/www.mendoza.gov.ar\/wp-content\/uploads\/sites\/5\/2024\/03\/2024-03-24-at-17.57.40-1-1536x1024.jpeg 1536w, https:\/\/www.mendoza.gov.ar\/wp-content\/uploads\/sites\/5\/2024\/03\/2024-03-24-at-17.57.40-1-2048x1366.jpeg 2048w, https:\/\/www.mendoza.gov.ar\/wp-content\/uploads\/sites\/5\/2024\/03\/2024-03-24-at-17.57.40-1-120x80.jpeg 120w\" sizes=\"(max-width: 700px) 100vw, 700px\"><\/a><\/figure><\/li><\/ul><\/figure>\n<\/body><\/html>\n","protected":false},"excerpt":{"rendered":"Con 60 conciertos programados, se desarrollar&aacute; desde el 27 de marzo al 2 de abril, con presencia en los 18 departamentos de la provincia. Adem&aacute;s, por primera vez se extiende a todo Cuyo. Cientos de &nbsp;personas se reunieron este domingo, 24 de marzo, en la Reserva Natural Villavicencio para disfrutar del concierto inaugural de la&#8230; <a class=\"view-article\" href=\"https:\/\/www.mendoza.gov.ar\/prensa\/en-villavicencio-se-dio-inicio-a-la-xxiii-edicion-de-musica-clasica-por-los-caminos-del-vino\/\"><\/a>","protected":false},"author":78,"featured_media":401220,"comment_status":"open","ping_status":"open","sticky":false,"template":"","format":"standard","meta":[],"categories":[8,2711,3052],"tags":[],"_links":{"self":[{"href":"https:\/\/www.mendoza.gov.ar\/prensa\/wp-json\/wp\/v2\/posts\/401215"}],"collection":[{"href":"https:\/\/www.mendoza.gov.ar\/prensa\/wp-json\/wp\/v2\/posts"}],"about":[{"href":"https:\/\/www.mendoza.gov.ar\/prensa\/wp-json\/wp\/v2\/types\/post"}],"author":[{"embeddable":true,"href":"https:\/\/www.mendoza.gov.ar\/prensa\/wp-json\/wp\/v2\/users\/78"}],"replies":[{"embeddable":true,"href":"https:\/\/www.mendoza.gov.ar\/prensa\/wp-json\/wp\/v2\/comments?post=401215"}],"version-history":[{"count":8,"href":"https:\/\/www.mendoza.gov.ar\/prensa\/wp-json\/wp\/v2\/posts\/401215\/revisions"}],"predecessor-version":[{"id":401227,"href":"https:\/\/www.mendoza.gov.ar\/prensa\/wp-json\/wp\/v2\/posts\/401215\/revisions\/401227"}],"wp:featuredmedia":[{"embeddable":true,"href":"https:\/\/www.mendoza.gov.ar\/prensa\/wp-json\/wp\/v2\/media\/401220"}],"wp:attachment":[{"href":"https:\/\/www.mendoza.gov.ar\/prensa\/wp-json\/wp\/v2\/media?parent=401215"}],"wp:term":[{"taxonomy":"category","embeddable":true,"href":"https:\/\/www.mendoza.gov.ar\/prensa\/wp-json\/wp\/v2\/categories?post=401215"},{"taxonomy":"post_tag","embeddable":true,"href":"https:\/\/www.mendoza.gov.ar\/prensa\/wp-json\/wp\/v2\/tags?post=401215"}],"curies":[{"name":"wp","href":"https:\/\/api.w.org\/{rel}","templated":true}]}}