{"id":401388,"date":"2024-03-25T17:54:03","date_gmt":"2024-03-25T20:54:03","guid":{"rendered":"https:\/\/www.mendoza.gov.ar\/prensa\/?p=401388"},"modified":"2024-03-25T18:46:48","modified_gmt":"2024-03-25T21:46:48","slug":"osep-se-suma-a-la-campana-de-concientizacion-de-cancer-colorrectal-de-la-provincia","status":"publish","type":"post","link":"https:\/\/www.mendoza.gov.ar\/prensa\/osep-se-suma-a-la-campana-de-concientizacion-de-cancer-colorrectal-de-la-provincia\/","title":{"rendered":"OSEP se suma a la campa\u00f1a de concientizaci\u00f3n de c\u00e1ncer colorrectal de la provincia"},"content":{"rendered":"<!DOCTYPE html PUBLIC \"-\/\/W3C\/\/DTD HTML 4.0 Transitional\/\/EN\" \"http:\/\/www.w3.org\/TR\/REC-html40\/loose.dtd\">\n<html><body><h5>Con motivo del D&iacute;a Mundial contra el C&aacute;ncer de Colon, se lleva adelante una campa&ntilde;a de prevenci&oacute;n y detecci&oacute;n temprana de lesiones que puedan generar la enfermedad. El martes 26 de marzo, p&uacute;blico en general podr&aacute; recorrer el colon gigante de OSEP en la plaza Godoy Cruz.<\/h5>\n\n\n\n<p>El c&aacute;ncer colorrectal es un tipo de c&aacute;ncer que puede afectar al colon (intestino grueso) o al recto y representa uno de los tipos m&aacute;s frecuentes en todo el mundo. Sin embargo, se puede prevenir y, detectado a tiempo, se cura en 90% de los casos.<\/p>\n\n\n\n<p>Comienza por lo general con la aparici&oacute;n de p&oacute;lipos (adenomas) en la pared intestinal, que se pueden extirpar antes de que se conviertan en malignos, ya que se desarrollan lentamente durante m&aacute;s de 10 a&ntilde;os. Es por esta raz&oacute;n que los especialistas insisten en realizar los controles pertinentes y de esta forma detectar las lesiones en forma temprana, evitando el c&aacute;ncer o aumentando las posibilidades de su cura.<\/p>\n\n\n\n<p>La campa&ntilde;a provincial organizada por la Direcci&oacute;n de Prevenci&oacute;n y Promoci&oacute;n de la Salud, del Ministerio de Salud de la Provincia, cuenta con la participaci&oacute;n de profesionales del Servicio de Gastroenterolog&iacute;a del Hospital El Carmen, quienes junto a otras instituciones de salud brindan consejos preventivos, asesoramiento y realizan pesquisa activa de pacientes, es decir, entregan en forma gratuita el kit para test de sangre oculta en materia fecal. La persona debe realizar la toma de la muestra en su casa para luego llevarla a los distintos centros donde se realizar&aacute; el an&aacute;lisis correspondiente.<\/p>\n\n\n\n<p>La iniciativa est&aacute; apuntada sobre todo a quienes tienen mayor riesgo de padecer esta patolog&iacute;a: personas con antecedentes familiares, enfermedad inflamatoria intestinal y mayores de 50 a&ntilde;os.<\/p>\n\n\n\n<p>Por otra parte, la campa&ntilde;a tambi&eacute;n incluye charlas a profesionales de la salud de todos los establecimientos p&uacute;blicos y privados en el territorio provincial, a cargo de expertos de la patolog&iacute;a.<\/p>\n\n\n\n<p><strong>Colon gigante de OSEP en Plaza Godoy Cruz<\/strong><\/p>\n\n\n\n<p>La actividad del martes 26 de marzo, en el departamento de Godoy Cruz, contar&aacute; con el colon inflable de 9 metros de largo y 3 de di&aacute;metro, en el que se podr&aacute; ver c&oacute;mo funciona, qu&eacute; enfermedades lo afectan y cu&aacute;l es la forma de cuidar este &oacute;rgano del sistema digestivo. El recorrido did&aacute;ctico, a cargo del Servicio de Gastroenterolog&iacute;a del Hospital El Carmen, se llevar&aacute; a cabo de 9 a 12.<\/p>\n\n\n\n<p><strong>Prevenci&oacute;n<\/strong><\/p>\n\n\n\n<p>Los profesionales que llevan a cabo la campa&ntilde;a provincial promueven &ldquo;3 pasos para prevenir el c&aacute;ncer colorrectal&rdquo;.<\/p>\n\n\n\n<figure class=\"wp-block-gallery columns-1\"><ul class=\"blocks-gallery-grid\"><li class=\"blocks-gallery-item\"><figure><a href=\"https:\/\/www.mendoza.gov.ar\/wp-content\/uploads\/sites\/5\/2024\/03\/cancer-de-colon-1.jpeg\"><img loading=\"lazy\" width=\"700\" height=\"989\" src=\"https:\/\/www.mendoza.gov.ar\/wp-content\/uploads\/sites\/5\/2024\/03\/cancer-de-colon-1-700x989.jpeg\" alt=\"\" data-id=\"401390\" data-full-url=\"https:\/\/www.mendoza.gov.ar\/wp-content\/uploads\/sites\/5\/2024\/03\/cancer-de-colon-1.jpeg\" data-link=\"https:\/\/www.mendoza.gov.ar\/prensa\/?attachment_id=401390\" class=\"wp-image-401390 img-responsive center-block\" srcset=\"https:\/\/www.mendoza.gov.ar\/wp-content\/uploads\/sites\/5\/2024\/03\/cancer-de-colon-1-700x989.jpeg 700w, https:\/\/www.mendoza.gov.ar\/wp-content\/uploads\/sites\/5\/2024\/03\/cancer-de-colon-1-250x353.jpeg 250w, https:\/\/www.mendoza.gov.ar\/wp-content\/uploads\/sites\/5\/2024\/03\/cancer-de-colon-1-120x170.jpeg 120w, https:\/\/www.mendoza.gov.ar\/wp-content\/uploads\/sites\/5\/2024\/03\/cancer-de-colon-1.jpeg 768w\" sizes=\"(max-width: 700px) 100vw, 700px\"><\/a><\/figure><\/li><li class=\"blocks-gallery-item\"><figure><a href=\"https:\/\/www.mendoza.gov.ar\/wp-content\/uploads\/sites\/5\/2024\/03\/cancer-de-colon-2.jpeg\"><img loading=\"lazy\" width=\"700\" height=\"990\" src=\"https:\/\/www.mendoza.gov.ar\/wp-content\/uploads\/sites\/5\/2024\/03\/cancer-de-colon-2-700x990.jpeg\" alt=\"\" data-id=\"401391\" data-full-url=\"https:\/\/www.mendoza.gov.ar\/wp-content\/uploads\/sites\/5\/2024\/03\/cancer-de-colon-2.jpeg\" data-link=\"https:\/\/www.mendoza.gov.ar\/prensa\/?attachment_id=401391\" class=\"wp-image-401391 img-responsive center-block\" srcset=\"https:\/\/www.mendoza.gov.ar\/wp-content\/uploads\/sites\/5\/2024\/03\/cancer-de-colon-2-700x990.jpeg 700w, https:\/\/www.mendoza.gov.ar\/wp-content\/uploads\/sites\/5\/2024\/03\/cancer-de-colon-2-250x354.jpeg 250w, https:\/\/www.mendoza.gov.ar\/wp-content\/uploads\/sites\/5\/2024\/03\/cancer-de-colon-2-768x1086.jpeg 768w, https:\/\/www.mendoza.gov.ar\/wp-content\/uploads\/sites\/5\/2024\/03\/cancer-de-colon-2-120x170.jpeg 120w, https:\/\/www.mendoza.gov.ar\/wp-content\/uploads\/sites\/5\/2024\/03\/cancer-de-colon-2.jpeg 1086w\" sizes=\"(max-width: 700px) 100vw, 700px\"><\/a><\/figure><\/li><li class=\"blocks-gallery-item\"><figure><a href=\"https:\/\/www.mendoza.gov.ar\/wp-content\/uploads\/sites\/5\/2024\/03\/cancer-de-colon-3.jpg\"><img src=\"https:\/\/www.mendoza.gov.ar\/wp-content\/uploads\/sites\/5\/2024\/03\/cancer-de-colon-3-700x256.jpg\" alt=\"\" data-id=\"401392\" data-full-url=\"https:\/\/www.mendoza.gov.ar\/wp-content\/uploads\/sites\/5\/2024\/03\/cancer-de-colon-3.jpg\" data-link=\"https:\/\/www.mendoza.gov.ar\/prensa\/?attachment_id=401392\" class=\"wp-image-401392 img-responsive center-block\"><\/a><\/figure><\/li><\/ul><\/figure>\n<\/body><\/html>\n","protected":false},"excerpt":{"rendered":"Con motivo del D&iacute;a Mundial contra el C&aacute;ncer de Colon, se lleva adelante una campa&ntilde;a de prevenci&oacute;n y detecci&oacute;n temprana de lesiones que puedan generar la enfermedad. El martes 26 de marzo, p&uacute;blico en general podr&aacute; recorrer el colon gigante de OSEP en la plaza Godoy Cruz. El c&aacute;ncer colorrectal es un tipo de c&aacute;ncer&#8230; <a class=\"view-article\" href=\"https:\/\/www.mendoza.gov.ar\/prensa\/osep-se-suma-a-la-campana-de-concientizacion-de-cancer-colorrectal-de-la-provincia\/\"><\/a>","protected":false},"author":68,"featured_media":401392,"comment_status":"open","ping_status":"open","sticky":false,"template":"","format":"standard","meta":[],"categories":[30],"tags":[],"_links":{"self":[{"href":"https:\/\/www.mendoza.gov.ar\/prensa\/wp-json\/wp\/v2\/posts\/401388"}],"collection":[{"href":"https:\/\/www.mendoza.gov.ar\/prensa\/wp-json\/wp\/v2\/posts"}],"about":[{"href":"https:\/\/www.mendoza.gov.ar\/prensa\/wp-json\/wp\/v2\/types\/post"}],"author":[{"embeddable":true,"href":"https:\/\/www.mendoza.gov.ar\/prensa\/wp-json\/wp\/v2\/users\/68"}],"replies":[{"embeddable":true,"href":"https:\/\/www.mendoza.gov.ar\/prensa\/wp-json\/wp\/v2\/comments?post=401388"}],"version-history":[{"count":3,"href":"https:\/\/www.mendoza.gov.ar\/prensa\/wp-json\/wp\/v2\/posts\/401388\/revisions"}],"predecessor-version":[{"id":401397,"href":"https:\/\/www.mendoza.gov.ar\/prensa\/wp-json\/wp\/v2\/posts\/401388\/revisions\/401397"}],"wp:featuredmedia":[{"embeddable":true,"href":"https:\/\/www.mendoza.gov.ar\/prensa\/wp-json\/wp\/v2\/media\/401392"}],"wp:attachment":[{"href":"https:\/\/www.mendoza.gov.ar\/prensa\/wp-json\/wp\/v2\/media?parent=401388"}],"wp:term":[{"taxonomy":"category","embeddable":true,"href":"https:\/\/www.mendoza.gov.ar\/prensa\/wp-json\/wp\/v2\/categories?post=401388"},{"taxonomy":"post_tag","embeddable":true,"href":"https:\/\/www.mendoza.gov.ar\/prensa\/wp-json\/wp\/v2\/tags?post=401388"}],"curies":[{"name":"wp","href":"https:\/\/api.w.org\/{rel}","templated":true}]}}