{"id":401519,"date":"2024-03-26T16:56:03","date_gmt":"2024-03-26T19:56:03","guid":{"rendered":"https:\/\/www.mendoza.gov.ar\/prensa\/?p=401519"},"modified":"2024-03-26T16:56:05","modified_gmt":"2024-03-26T19:56:05","slug":"osep-se-sumo-a-la-campana-provincial-contra-el-cancer-de-colon","status":"publish","type":"post","link":"https:\/\/www.mendoza.gov.ar\/prensa\/osep-se-sumo-a-la-campana-provincial-contra-el-cancer-de-colon\/","title":{"rendered":"OSEP se sum\u00f3 a la campa\u00f1a provincial contra el c\u00e1ncer de colon"},"content":{"rendered":"<!DOCTYPE html PUBLIC \"-\/\/W3C\/\/DTD HTML 4.0 Transitional\/\/EN\" \"http:\/\/www.w3.org\/TR\/REC-html40\/loose.dtd\">\n<html><body><p><strong>En el marco del&nbsp;D&iacute;a Mundial contra el C&aacute;ncer de Colon,&nbsp;que se conmemora el 31 de marzo,&nbsp;la Obra Social de Empleados P&uacute;blicos de Mendoza junto al Ministerio de Salud y Deportes y otras instituciones de salud de la provincia, realizaron tareas de&nbsp;prevenci&oacute;n&nbsp;y concientizaci&oacute;n sobre la importancia de la&nbsp;detecci&oacute;n temprana de lesiones que puedan generar la enfermedad.&nbsp;La actividad tuvo lugar en la Plaza departamental de Godoy Cruz donde se destac&oacute; la presencia del colon gigante del Servicio de Gastroenterolog&iacute;a de OSEP.<\/strong><\/p>\n\n\n\n<p>El encuentro fue llevado a cabo en la Plaza de Godoy Cruz y cont&oacute; con una gran concurrencia que se acerc&oacute; para recorrer un colon gigante inflable en forma de t&uacute;nel, mientras los profesionales brindaban informaci&oacute;n acerca de los distintos estad&iacute;os de la enfermedad, la importancia de la detecci&oacute;n precoz y las alternativas de estudios diagn&oacute;sticos. Adem&aacute;s, se asesor&oacute; a los asistentes sobre qu&eacute; tipos de estudios son los recomendados a partir de determinada edad o ante la aparici&oacute;n de s&iacute;ntomas.<\/p>\n\n\n\n<p>A su vez,&nbsp;el equipo de profesionales que conduce la doctora Sandra Garc&eacute;s&nbsp;tambi&eacute;n&nbsp;brind&oacute;&nbsp;consejos sobre la alimentaci&oacute;n saludable, la actividad f&iacute;sica y el cuidado de algunos factores de riesgo como la obesidad, la hipertensi&oacute;n, la mala alimentaci&oacute;n, el tabaquismo y el alcoholismo, que pueden promover el desarrollo de esta enfermedad.<\/p>\n\n\n\n<p>La jornada tambi&eacute;n cont&oacute; con la presencia de un stand informativo del Programa Ser Mujer, ya que hoy tambi&eacute;n se conmemora el D&iacute;a Mundial del C&aacute;ncer de Cuello de &Uacute;tero.<\/p>\n\n\n\n<p>El c&aacute;ncer colorrectal es un tipo de c&aacute;ncer que puede afectar al colon (intestino grueso) o al recto y representa uno de los tipos m&aacute;s frecuentes en todo el mundo. Sin embargo se puede prevenir y, detectado a tiempo, se cura en un 90% de los casos.<\/p>\n\n\n\n<p>Comienza por lo general con la aparici&oacute;n de p&oacute;lipos (adenomas) en la pared intestinal, que se pueden extirpar antes de que se conviertan en malignos, ya que se desarrollan lentamente durante m&aacute;s de 10 a&ntilde;os. Es por esta raz&oacute;n que los especialistas insisten en realizar los controles pertinentes y de esta forma detectar las lesiones en forma temprana, evitando el c&aacute;ncer o aumentando las posibilidades de su cura.<\/p>\n\n\n\n<p>El colon inflable de OSEP tiene 9 metros de largo y 3 de di&aacute;metro, en el que los visitantes pudieron ver c&oacute;mo funciona, qu&eacute; enfermedades lo afectan y cu&aacute;l es la forma de cuidar este &oacute;rgano del sistema digestivo.<\/p>\n\n\n\n<p>Estrat&eacute;gicamente, esta iniciativa est&aacute; apuntada sobre todo a quienes tienen mayor riesgo de padecer esta patolog&iacute;a: personas con antecedentes familiares, enfermedad inflamatoria intestinal y mayores de 50 a&ntilde;os.<\/p>\n\n\n\n<figure class=\"wp-block-gallery columns-3 is-cropped\"><ul class=\"blocks-gallery-grid\"><li class=\"blocks-gallery-item\"><figure><a href=\"https:\/\/www.mendoza.gov.ar\/wp-content\/uploads\/sites\/5\/2024\/03\/colon2.jpg\"><img loading=\"lazy\" width=\"700\" height=\"525\" src=\"https:\/\/www.mendoza.gov.ar\/wp-content\/uploads\/sites\/5\/2024\/03\/colon2-700x525.jpg\" alt=\"\" data-id=\"401520\" data-full-url=\"https:\/\/www.mendoza.gov.ar\/wp-content\/uploads\/sites\/5\/2024\/03\/colon2.jpg\" data-link=\"https:\/\/www.mendoza.gov.ar\/prensa\/?attachment_id=401520\" class=\"wp-image-401520 img-responsive center-block\" srcset=\"https:\/\/www.mendoza.gov.ar\/wp-content\/uploads\/sites\/5\/2024\/03\/colon2-700x525.jpg 700w, https:\/\/www.mendoza.gov.ar\/wp-content\/uploads\/sites\/5\/2024\/03\/colon2-250x188.jpg 250w, https:\/\/www.mendoza.gov.ar\/wp-content\/uploads\/sites\/5\/2024\/03\/colon2-768x576.jpg 768w, https:\/\/www.mendoza.gov.ar\/wp-content\/uploads\/sites\/5\/2024\/03\/colon2-1536x1152.jpg 1536w, https:\/\/www.mendoza.gov.ar\/wp-content\/uploads\/sites\/5\/2024\/03\/colon2-120x90.jpg 120w, https:\/\/www.mendoza.gov.ar\/wp-content\/uploads\/sites\/5\/2024\/03\/colon2.jpg 1920w\" sizes=\"(max-width: 700px) 100vw, 700px\"><\/a><\/figure><\/li><li class=\"blocks-gallery-item\"><figure><a href=\"https:\/\/www.mendoza.gov.ar\/wp-content\/uploads\/sites\/5\/2024\/03\/colon2-1.jpg\"><img loading=\"lazy\" width=\"700\" height=\"525\" src=\"https:\/\/www.mendoza.gov.ar\/wp-content\/uploads\/sites\/5\/2024\/03\/colon2-1-700x525.jpg\" alt=\"\" data-id=\"401521\" data-full-url=\"https:\/\/www.mendoza.gov.ar\/wp-content\/uploads\/sites\/5\/2024\/03\/colon2-1.jpg\" data-link=\"https:\/\/www.mendoza.gov.ar\/prensa\/?attachment_id=401521\" class=\"wp-image-401521 img-responsive center-block\" srcset=\"https:\/\/www.mendoza.gov.ar\/wp-content\/uploads\/sites\/5\/2024\/03\/colon2-1-700x525.jpg 700w, https:\/\/www.mendoza.gov.ar\/wp-content\/uploads\/sites\/5\/2024\/03\/colon2-1-250x188.jpg 250w, https:\/\/www.mendoza.gov.ar\/wp-content\/uploads\/sites\/5\/2024\/03\/colon2-1-768x576.jpg 768w, https:\/\/www.mendoza.gov.ar\/wp-content\/uploads\/sites\/5\/2024\/03\/colon2-1-1536x1152.jpg 1536w, https:\/\/www.mendoza.gov.ar\/wp-content\/uploads\/sites\/5\/2024\/03\/colon2-1-120x90.jpg 120w, https:\/\/www.mendoza.gov.ar\/wp-content\/uploads\/sites\/5\/2024\/03\/colon2-1.jpg 1920w\" sizes=\"(max-width: 700px) 100vw, 700px\"><\/a><\/figure><\/li><li class=\"blocks-gallery-item\"><figure><a href=\"https:\/\/www.mendoza.gov.ar\/wp-content\/uploads\/sites\/5\/2024\/03\/colon3.jpg\"><img loading=\"lazy\" width=\"700\" height=\"525\" src=\"https:\/\/www.mendoza.gov.ar\/wp-content\/uploads\/sites\/5\/2024\/03\/colon3-700x525.jpg\" alt=\"\" data-id=\"401522\" data-full-url=\"https:\/\/www.mendoza.gov.ar\/wp-content\/uploads\/sites\/5\/2024\/03\/colon3.jpg\" data-link=\"https:\/\/www.mendoza.gov.ar\/prensa\/?attachment_id=401522\" class=\"wp-image-401522 img-responsive center-block\" srcset=\"https:\/\/www.mendoza.gov.ar\/wp-content\/uploads\/sites\/5\/2024\/03\/colon3-700x525.jpg 700w, https:\/\/www.mendoza.gov.ar\/wp-content\/uploads\/sites\/5\/2024\/03\/colon3-250x188.jpg 250w, https:\/\/www.mendoza.gov.ar\/wp-content\/uploads\/sites\/5\/2024\/03\/colon3-768x576.jpg 768w, https:\/\/www.mendoza.gov.ar\/wp-content\/uploads\/sites\/5\/2024\/03\/colon3-1536x1152.jpg 1536w, https:\/\/www.mendoza.gov.ar\/wp-content\/uploads\/sites\/5\/2024\/03\/colon3-120x90.jpg 120w, https:\/\/www.mendoza.gov.ar\/wp-content\/uploads\/sites\/5\/2024\/03\/colon3.jpg 1920w\" sizes=\"(max-width: 700px) 100vw, 700px\"><\/a><\/figure><\/li><li class=\"blocks-gallery-item\"><figure><a href=\"https:\/\/www.mendoza.gov.ar\/wp-content\/uploads\/sites\/5\/2024\/03\/colon4.jpg\"><img loading=\"lazy\" width=\"700\" height=\"525\" src=\"https:\/\/www.mendoza.gov.ar\/wp-content\/uploads\/sites\/5\/2024\/03\/colon4-700x525.jpg\" alt=\"\" data-id=\"401523\" data-full-url=\"https:\/\/www.mendoza.gov.ar\/wp-content\/uploads\/sites\/5\/2024\/03\/colon4.jpg\" data-link=\"https:\/\/www.mendoza.gov.ar\/prensa\/?attachment_id=401523\" class=\"wp-image-401523 img-responsive center-block\" srcset=\"https:\/\/www.mendoza.gov.ar\/wp-content\/uploads\/sites\/5\/2024\/03\/colon4-700x525.jpg 700w, https:\/\/www.mendoza.gov.ar\/wp-content\/uploads\/sites\/5\/2024\/03\/colon4-250x188.jpg 250w, https:\/\/www.mendoza.gov.ar\/wp-content\/uploads\/sites\/5\/2024\/03\/colon4-768x576.jpg 768w, https:\/\/www.mendoza.gov.ar\/wp-content\/uploads\/sites\/5\/2024\/03\/colon4-1536x1152.jpg 1536w, https:\/\/www.mendoza.gov.ar\/wp-content\/uploads\/sites\/5\/2024\/03\/colon4-120x90.jpg 120w, https:\/\/www.mendoza.gov.ar\/wp-content\/uploads\/sites\/5\/2024\/03\/colon4.jpg 1920w\" sizes=\"(max-width: 700px) 100vw, 700px\"><\/a><\/figure><\/li><li class=\"blocks-gallery-item\"><figure><a href=\"https:\/\/www.mendoza.gov.ar\/wp-content\/uploads\/sites\/5\/2024\/03\/colona.jpg\"><img loading=\"lazy\" width=\"700\" height=\"525\" src=\"https:\/\/www.mendoza.gov.ar\/wp-content\/uploads\/sites\/5\/2024\/03\/colona-700x525.jpg\" alt=\"\" data-id=\"401524\" data-full-url=\"https:\/\/www.mendoza.gov.ar\/wp-content\/uploads\/sites\/5\/2024\/03\/colona.jpg\" data-link=\"https:\/\/www.mendoza.gov.ar\/prensa\/?attachment_id=401524\" class=\"wp-image-401524 img-responsive center-block\" srcset=\"https:\/\/www.mendoza.gov.ar\/wp-content\/uploads\/sites\/5\/2024\/03\/colona-700x525.jpg 700w, https:\/\/www.mendoza.gov.ar\/wp-content\/uploads\/sites\/5\/2024\/03\/colona-250x188.jpg 250w, https:\/\/www.mendoza.gov.ar\/wp-content\/uploads\/sites\/5\/2024\/03\/colona-768x576.jpg 768w, https:\/\/www.mendoza.gov.ar\/wp-content\/uploads\/sites\/5\/2024\/03\/colona-1536x1152.jpg 1536w, https:\/\/www.mendoza.gov.ar\/wp-content\/uploads\/sites\/5\/2024\/03\/colona-120x90.jpg 120w, https:\/\/www.mendoza.gov.ar\/wp-content\/uploads\/sites\/5\/2024\/03\/colona.jpg 1920w\" sizes=\"(max-width: 700px) 100vw, 700px\"><\/a><\/figure><\/li><li class=\"blocks-gallery-item\"><figure><a href=\"https:\/\/www.mendoza.gov.ar\/wp-content\/uploads\/sites\/5\/2024\/03\/colonb.jpg\"><img loading=\"lazy\" width=\"700\" height=\"525\" src=\"https:\/\/www.mendoza.gov.ar\/wp-content\/uploads\/sites\/5\/2024\/03\/colonb-700x525.jpg\" alt=\"\" data-id=\"401525\" data-full-url=\"https:\/\/www.mendoza.gov.ar\/wp-content\/uploads\/sites\/5\/2024\/03\/colonb.jpg\" data-link=\"https:\/\/www.mendoza.gov.ar\/prensa\/?attachment_id=401525\" class=\"wp-image-401525 img-responsive center-block\" srcset=\"https:\/\/www.mendoza.gov.ar\/wp-content\/uploads\/sites\/5\/2024\/03\/colonb-700x525.jpg 700w, https:\/\/www.mendoza.gov.ar\/wp-content\/uploads\/sites\/5\/2024\/03\/colonb-250x188.jpg 250w, https:\/\/www.mendoza.gov.ar\/wp-content\/uploads\/sites\/5\/2024\/03\/colonb-768x576.jpg 768w, https:\/\/www.mendoza.gov.ar\/wp-content\/uploads\/sites\/5\/2024\/03\/colonb-1536x1152.jpg 1536w, https:\/\/www.mendoza.gov.ar\/wp-content\/uploads\/sites\/5\/2024\/03\/colonb-120x90.jpg 120w, https:\/\/www.mendoza.gov.ar\/wp-content\/uploads\/sites\/5\/2024\/03\/colonb.jpg 1920w\" sizes=\"(max-width: 700px) 100vw, 700px\"><\/a><\/figure><\/li><\/ul><\/figure>\n<\/body><\/html>\n","protected":false},"excerpt":{"rendered":"En el marco del&nbsp;D&iacute;a Mundial contra el C&aacute;ncer de Colon,&nbsp;que se conmemora el 31 de marzo,&nbsp;la Obra Social de Empleados P&uacute;blicos de Mendoza junto al Ministerio de Salud y Deportes y otras instituciones de salud de la provincia, realizaron tareas de&nbsp;prevenci&oacute;n&nbsp;y concientizaci&oacute;n sobre la importancia de la&nbsp;detecci&oacute;n temprana de lesiones que puedan generar la enfermedad.&nbsp;La&#8230; <a class=\"view-article\" href=\"https:\/\/www.mendoza.gov.ar\/prensa\/osep-se-sumo-a-la-campana-provincial-contra-el-cancer-de-colon\/\"><\/a>","protected":false},"author":78,"featured_media":401524,"comment_status":"open","ping_status":"open","sticky":false,"template":"","format":"standard","meta":[],"categories":[30],"tags":[],"_links":{"self":[{"href":"https:\/\/www.mendoza.gov.ar\/prensa\/wp-json\/wp\/v2\/posts\/401519"}],"collection":[{"href":"https:\/\/www.mendoza.gov.ar\/prensa\/wp-json\/wp\/v2\/posts"}],"about":[{"href":"https:\/\/www.mendoza.gov.ar\/prensa\/wp-json\/wp\/v2\/types\/post"}],"author":[{"embeddable":true,"href":"https:\/\/www.mendoza.gov.ar\/prensa\/wp-json\/wp\/v2\/users\/78"}],"replies":[{"embeddable":true,"href":"https:\/\/www.mendoza.gov.ar\/prensa\/wp-json\/wp\/v2\/comments?post=401519"}],"version-history":[{"count":2,"href":"https:\/\/www.mendoza.gov.ar\/prensa\/wp-json\/wp\/v2\/posts\/401519\/revisions"}],"predecessor-version":[{"id":401527,"href":"https:\/\/www.mendoza.gov.ar\/prensa\/wp-json\/wp\/v2\/posts\/401519\/revisions\/401527"}],"wp:featuredmedia":[{"embeddable":true,"href":"https:\/\/www.mendoza.gov.ar\/prensa\/wp-json\/wp\/v2\/media\/401524"}],"wp:attachment":[{"href":"https:\/\/www.mendoza.gov.ar\/prensa\/wp-json\/wp\/v2\/media?parent=401519"}],"wp:term":[{"taxonomy":"category","embeddable":true,"href":"https:\/\/www.mendoza.gov.ar\/prensa\/wp-json\/wp\/v2\/categories?post=401519"},{"taxonomy":"post_tag","embeddable":true,"href":"https:\/\/www.mendoza.gov.ar\/prensa\/wp-json\/wp\/v2\/tags?post=401519"}],"curies":[{"name":"wp","href":"https:\/\/api.w.org\/{rel}","templated":true}]}}