{"id":401778,"date":"2024-03-27T13:55:17","date_gmt":"2024-03-27T16:55:17","guid":{"rendered":"https:\/\/www.mendoza.gov.ar\/prensa\/?p=401778"},"modified":"2024-03-27T14:10:48","modified_gmt":"2024-03-27T17:10:48","slug":"asi-sera-la-atencion-en-hospitales-y-centros-de-salud-en-semana-santa-y-feriados","status":"publish","type":"post","link":"https:\/\/www.mendoza.gov.ar\/prensa\/asi-sera-la-atencion-en-hospitales-y-centros-de-salud-en-semana-santa-y-feriados\/","title":{"rendered":"As\u00ed ser\u00e1 la atenci\u00f3n en hospitales y centros de salud en Semana Santa y feriados"},"content":{"rendered":"<!DOCTYPE html PUBLIC \"-\/\/W3C\/\/DTD HTML 4.0 Transitional\/\/EN\" \"http:\/\/www.w3.org\/TR\/REC-html40\/loose.dtd\">\n<html><body><p><strong>Los hospitales brindar&aacute;n atenci&oacute;n con guardias y servicios cr&iacute;ticos de jueves a martes. Los centros de salud, el s&aacute;bado en la ma&ntilde;ana, brindar&aacute;n atenci&oacute;n a demanda espont&aacute;nea.<\/strong><\/p>\n\n\n\n<p>El Ministerio de Salud y Deportes informa qu&eacute; hospitales atender&aacute;n de acuerdo con la modalidad de fin de semana, adem&aacute;s de los centros de salud que habitualmente tienen guardia. El s&aacute;bado 30, la atenci&oacute;n ser&aacute; normal en todos los efectores del Ministerio de Salud y Deportes.&nbsp;<\/p>\n\n\n\n<p>Jorge P&eacute;rez, director de Hospitales, destac&oacute; que &ldquo;en los hospitales, el jueves, viernes, lunes y martes, la atenci&oacute;n se garantizar&aacute; con guardia de 24 horas y servicios cr&iacute;ticos con la totalidad del personal. En tanto, el s&aacute;bado 30 la atenci&oacute;n ser&aacute; la habitual&rdquo;. <\/p>\n\n\n\n<p>Quienes tengan turno asignado previamente en alguna especialidad ser&aacute;n atendidos con normalidad.<\/p>\n\n\n\n<p>Al respecto, Ver&oacute;nica Mu&ntilde;oz, directora de Atenci&oacute;n Primaria, expres&oacute;: &ldquo;En relaci&oacute;n con la atenci&oacute;n de los centros de salud, el jueves, viernes, domingo, lunes y martes brindaremos atenci&oacute;n en los centros de salud que tengan guardia. Al igual que en los hospitales, el s&aacute;bado 30 se atender&aacute; en todos los centros de salud de la provincia a demanda espont&aacute;nea hasta el mediod&iacute;a&rdquo;.<\/p>\n\n\n\n<figure class=\"wp-block-gallery columns-2 is-cropped\"><ul class=\"blocks-gallery-grid\"><li class=\"blocks-gallery-item\"><figure><a href=\"https:\/\/www.mendoza.gov.ar\/wp-content\/uploads\/sites\/5\/2024\/03\/Imagen-de-WhatsApp-2024-03-27-a-las-13.47.01_57aebcfc.jpg\"><img loading=\"lazy\" width=\"570\" height=\"428\" src=\"https:\/\/www.mendoza.gov.ar\/wp-content\/uploads\/sites\/5\/2024\/03\/Imagen-de-WhatsApp-2024-03-27-a-las-13.47.01_57aebcfc.jpg\" alt=\"\" data-id=\"401780\" data-full-url=\"https:\/\/www.mendoza.gov.ar\/wp-content\/uploads\/sites\/5\/2024\/03\/Imagen-de-WhatsApp-2024-03-27-a-las-13.47.01_57aebcfc.jpg\" data-link=\"https:\/\/www.mendoza.gov.ar\/prensa\/?attachment_id=401780\" class=\"wp-image-401780 img-responsive center-block\" srcset=\"https:\/\/www.mendoza.gov.ar\/wp-content\/uploads\/sites\/5\/2024\/03\/Imagen-de-WhatsApp-2024-03-27-a-las-13.47.01_57aebcfc.jpg 570w, https:\/\/www.mendoza.gov.ar\/wp-content\/uploads\/sites\/5\/2024\/03\/Imagen-de-WhatsApp-2024-03-27-a-las-13.47.01_57aebcfc-250x188.jpg 250w, https:\/\/www.mendoza.gov.ar\/wp-content\/uploads\/sites\/5\/2024\/03\/Imagen-de-WhatsApp-2024-03-27-a-las-13.47.01_57aebcfc-120x90.jpg 120w\" sizes=\"(max-width: 570px) 100vw, 570px\"><\/a><\/figure><\/li><li class=\"blocks-gallery-item\"><figure><a href=\"https:\/\/www.mendoza.gov.ar\/wp-content\/uploads\/sites\/5\/2024\/03\/Imagen-de-WhatsApp-2024-03-27-a-las-13.47.02_03040954.jpg\"><img loading=\"lazy\" width=\"700\" height=\"394\" src=\"https:\/\/www.mendoza.gov.ar\/wp-content\/uploads\/sites\/5\/2024\/03\/Imagen-de-WhatsApp-2024-03-27-a-las-13.47.02_03040954-700x394.jpg\" alt=\"\" data-id=\"401781\" data-full-url=\"https:\/\/www.mendoza.gov.ar\/wp-content\/uploads\/sites\/5\/2024\/03\/Imagen-de-WhatsApp-2024-03-27-a-las-13.47.02_03040954.jpg\" data-link=\"https:\/\/www.mendoza.gov.ar\/prensa\/?attachment_id=401781\" class=\"wp-image-401781 img-responsive center-block\" srcset=\"https:\/\/www.mendoza.gov.ar\/wp-content\/uploads\/sites\/5\/2024\/03\/Imagen-de-WhatsApp-2024-03-27-a-las-13.47.02_03040954-700x394.jpg 700w, https:\/\/www.mendoza.gov.ar\/wp-content\/uploads\/sites\/5\/2024\/03\/Imagen-de-WhatsApp-2024-03-27-a-las-13.47.02_03040954-250x141.jpg 250w, https:\/\/www.mendoza.gov.ar\/wp-content\/uploads\/sites\/5\/2024\/03\/Imagen-de-WhatsApp-2024-03-27-a-las-13.47.02_03040954-768x432.jpg 768w, https:\/\/www.mendoza.gov.ar\/wp-content\/uploads\/sites\/5\/2024\/03\/Imagen-de-WhatsApp-2024-03-27-a-las-13.47.02_03040954-120x68.jpg 120w, https:\/\/www.mendoza.gov.ar\/wp-content\/uploads\/sites\/5\/2024\/03\/Imagen-de-WhatsApp-2024-03-27-a-las-13.47.02_03040954.jpg 1200w\" sizes=\"(max-width: 700px) 100vw, 700px\"><\/a><\/figure><\/li><\/ul><\/figure>\n\n\n\n<p><\/p>\n<\/body><\/html>\n","protected":false},"excerpt":{"rendered":"Los hospitales brindar&aacute;n atenci&oacute;n con guardias y servicios cr&iacute;ticos de jueves a martes. Los centros de salud, el s&aacute;bado en la ma&ntilde;ana, brindar&aacute;n atenci&oacute;n a demanda espont&aacute;nea. El Ministerio de Salud y Deportes informa qu&eacute; hospitales atender&aacute;n de acuerdo con la modalidad de fin de semana, adem&aacute;s de los centros de salud que habitualmente tienen&#8230; <a class=\"view-article\" href=\"https:\/\/www.mendoza.gov.ar\/prensa\/asi-sera-la-atencion-en-hospitales-y-centros-de-salud-en-semana-santa-y-feriados\/\"><\/a>","protected":false},"author":78,"featured_media":401781,"comment_status":"open","ping_status":"open","sticky":false,"template":"","format":"standard","meta":[],"categories":[32],"tags":[],"_links":{"self":[{"href":"https:\/\/www.mendoza.gov.ar\/prensa\/wp-json\/wp\/v2\/posts\/401778"}],"collection":[{"href":"https:\/\/www.mendoza.gov.ar\/prensa\/wp-json\/wp\/v2\/posts"}],"about":[{"href":"https:\/\/www.mendoza.gov.ar\/prensa\/wp-json\/wp\/v2\/types\/post"}],"author":[{"embeddable":true,"href":"https:\/\/www.mendoza.gov.ar\/prensa\/wp-json\/wp\/v2\/users\/78"}],"replies":[{"embeddable":true,"href":"https:\/\/www.mendoza.gov.ar\/prensa\/wp-json\/wp\/v2\/comments?post=401778"}],"version-history":[{"count":4,"href":"https:\/\/www.mendoza.gov.ar\/prensa\/wp-json\/wp\/v2\/posts\/401778\/revisions"}],"predecessor-version":[{"id":401791,"href":"https:\/\/www.mendoza.gov.ar\/prensa\/wp-json\/wp\/v2\/posts\/401778\/revisions\/401791"}],"wp:featuredmedia":[{"embeddable":true,"href":"https:\/\/www.mendoza.gov.ar\/prensa\/wp-json\/wp\/v2\/media\/401781"}],"wp:attachment":[{"href":"https:\/\/www.mendoza.gov.ar\/prensa\/wp-json\/wp\/v2\/media?parent=401778"}],"wp:term":[{"taxonomy":"category","embeddable":true,"href":"https:\/\/www.mendoza.gov.ar\/prensa\/wp-json\/wp\/v2\/categories?post=401778"},{"taxonomy":"post_tag","embeddable":true,"href":"https:\/\/www.mendoza.gov.ar\/prensa\/wp-json\/wp\/v2\/tags?post=401778"}],"curies":[{"name":"wp","href":"https:\/\/api.w.org\/{rel}","templated":true}]}}