{"id":402181,"date":"2024-03-29T11:18:44","date_gmt":"2024-03-29T14:18:44","guid":{"rendered":"https:\/\/www.mendoza.gov.ar\/prensa\/?p=402181"},"modified":"2024-09-17T19:27:19","modified_gmt":"2024-09-17T22:27:19","slug":"estos-son-los-conciertos-del-festival-de-musica-clasica-por-los-caminos-del-vino-para-este-viernes-y-sabado","status":"publish","type":"post","link":"https:\/\/www.mendoza.gov.ar\/prensa\/estos-son-los-conciertos-del-festival-de-musica-clasica-por-los-caminos-del-vino-para-este-viernes-y-sabado\/","title":{"rendered":"Estos son los conciertos del festival M\u00fasica Cl\u00e1sica por los Caminos del Vino para este viernes y s\u00e1bado"},"content":{"rendered":"<!DOCTYPE html PUBLIC \"-\/\/W3C\/\/DTD HTML 4.0 Transitional\/\/EN\" \"http:\/\/www.w3.org\/TR\/REC-html40\/loose.dtd\">\n<html><body><h5>Bodegas, museos, iglesias, teatros y espacios abiertos ser&aacute;n los escenarios de las pr&oacute;ximas dos jornadas del festival en su XXIII edici&oacute;n.<\/h5>\n\n\n\n<p>Hasta el martes 2 de abril, el festival M&uacute;sica Cl&aacute;sica por los Caminos del Vino ofrece variadas alternativas para recorrer y disfrutar. La entrada tiene car&aacute;cter solidario y se podr&aacute; adquirir en canje por una caja de leche larga vida que ser&aacute; destinada al Banco de Alimentos.<\/p>\n\n\n\n<p>El festival es organizado por el Gobierno de Mendoza, a trav&eacute;s de la Subsecretar&iacute;a de Cultura, dependiente del Ministerio de Educaci&oacute;n, Cultura, Infancias y DGE, en conjunto con todos los municipios de la provincia y el sector privado.<\/p>\n\n\n\n<p>El objetivo de esta serie de conciertos es dar difusi&oacute;n al talento de artistas mendocinos y divulgar el g&eacute;nero en escenarios de todo el territorio, ofreciendo una excelente alternativa cultural y tur&iacute;stica, tanto para mendocinos como para aquellos turistas que visiten nuestra provincia.<\/p>\n\n\n\n<p><a href=\"http:\/\/www.mendoza.gov.ar\/cultura\" data-type=\"URL\" data-id=\"www.mendoza.gov.ar\/cultura\">Programaci&oacute;n completa <\/a><\/p>\n\n\n\n<p><strong>Para los conciertos que requieren canje de entradas<\/strong><\/p>\n\n\n\n<p>En esta edici&oacute;n XXIII, el festival M&uacute;sica Cl&aacute;sica por los Caminos del Vino mantendr&aacute; su car&aacute;cter solidario. Por ello, para los conciertos que as&iacute; lo requieran, se entregar&aacute; una entrada a cambio de una caja de leche larga vida, destinada al Banco de Alimentos de Mendoza, instituci&oacute;n que trabaja junto distintas organizaciones de la provincia y los comedores municipales.<\/p>\n\n\n\n<p>El canje de entradas se realizar&aacute; durante toda la semana, de 10 a 17 en la Subsecretar&iacute;a de Cultura, Avenida Espa&ntilde;a y Guti&eacute;rrez, Ciudad de Mendoza.<\/p>\n\n\n\n<p><strong>Viernes&nbsp; 29<\/strong><\/p>\n\n\n\n<p>A las 16, en la Bodegas Chandon, RP15, Km 29, Agrelo, Luj&aacute;n de Cuyo. <strong>Cuarteto de Cuerdas del Sur<\/strong>. Canje de entradas: 1 leche larga vida por 1 entrada (m&aacute;ximo, 4 por persona).<\/p>\n\n\n\n<p>A las 17, en Huentala Wines, Valle de Uco.&nbsp;<strong>Bel Suono, ensamble l&iacute;rico<\/strong>. Canje de entradas: 1 leche larga vida por 1 entrada (m&aacute;ximo, 4 por persona).<\/p>\n\n\n\n<p>A las 17.30, en Finca Atamisque, calle La Gloria 2054, San Jos&eacute;, Tupungato.&nbsp;<strong>ClariNotes<\/strong>. Canje de entradas: 1 leche larga vida por 1 entrada (m&aacute;ximo, 4 por persona).<\/p>\n\n\n\n<p>A las 19, en Bodega Buono, RP50 1920, San Mart&iacute;n.&nbsp;<strong>D&uacute;o Ganem-Campo<\/strong>. Canje de entradas: 1 leche larga vida por 1 entrada (m&aacute;ximo, 4 por persona).<\/p>\n\n\n\n<p>A las 19, en C&oacute;digo Vinario, Col&oacute;n esquina Per&uacute;, Ciudad de Mendoza. <strong>Intervenci&oacute;n cl&aacute;sica<\/strong>. Entrada gratuita por orden de llegada hasta agotar la capacidad del lugar.<\/p>\n\n\n\n<p>A las 20, en el Espacio Arizu, Belgrano 1322, Godoy Cruz.&nbsp;<strong>Jazz Cuve&eacute;.&nbsp;<\/strong>Canje de entradas: 1 leche larga vida por 1 entrada (m&aacute;ximo, 4 por persona).<\/p>\n\n\n\n<p>A las 20, en Bodega Club Tapiz Ruta 60 Km 2,5, Pedro Molina s\/n, Russell, Maip&uacute;.&nbsp;<strong>Cuarteto de guitarras ECOS<\/strong>. Canje de entradas: 1 leche larga vida por 1 entrada (m&aacute;ximo, 4 por persona).<\/p>\n\n\n\n<p>A las 20.30, en el Museo Provincial de Bellas Artes Emiliano Gui&ntilde;az&uacute;-Casa Fader, San Mart&iacute;n 3651, Mayor Drummond, Luj&aacute;n de Cuyo.&nbsp;<strong>D&uacute;o Galigniana Quiroga, viol&iacute;n y piano<\/strong>. Canje de entradas: 1 leche larga vida por 1 entrada (m&aacute;ximo, 4 por persona).<\/p>\n\n\n\n<p>A las 21, en el Teatro Independencia, Chile 1184, Ciudad de Mendoza.&nbsp;<strong>D&uacute;o Laurino-Vieri, clarinete y piano<\/strong>;&nbsp;<strong>Tr&iacute;o Bordeaux, canto, flauta y piano<\/strong>. Canje de entradas: 1 leche larga vida por 1 entrada (m&aacute;ximo, 4 por persona).<\/p>\n\n\n\n<p>A las 21.30, en la Bas&iacute;lica San Vicente Ferrer, Lavalle&nbsp; 63, Godoy&nbsp; Cruz.&nbsp;<strong>Orquesta Barroca de Mendoza<\/strong>. Canje de entradas: 1 leche larga vida por 1 entrada (m&aacute;ximo, 4 por persona).<\/p>\n\n\n\n<p><strong>S&aacute;bado 30<\/strong><\/p>\n\n\n\n<p>A las 11, en la Bodega Sur Huenten, Tropero Sosa 800, Maip&uacute;.&nbsp;<strong>Graciela Milana Canet, solista de arpa<\/strong>. Canje de entradas: 1 leche larga vida por 1 entrada (m&aacute;ximo, 4 por persona).<\/p>\n\n\n\n<p>A las 11.30, en el Oratorio Alto Salvador, San Mart&iacute;n.&nbsp;<strong>Nautas<\/strong>. Entrada gratuita por orden de llegada hasta agotar la capacidad del lugar.<\/p>\n\n\n\n<p>A las 18, en Grazie Mille Wine, San Mart&iacute;n s\/n, La Consulta. San Carlos.&nbsp;<strong>D&uacute;o Garay-Gidoni<\/strong>. Entrada gratuita por orden de llegada hasta agotar la capacidad del lugar.<\/p>\n\n\n\n<p>A las 18, en la Capilla Patrimonial, Espacio de Fotograf&iacute;a M&aacute;ximo Arias, Padre Contreras 1300, Parque General San Mart&iacute;n.&nbsp;<strong>Violetta Club<\/strong>. Canje de entradas: 1 leche larga vida por 1 entrada (m&aacute;ximo, 4 por persona).<\/p>\n\n\n\n<p>A las 19, en el Paseo Rawson, San Rafael.&nbsp;<strong>Clarinet&iacute;sticas D&uacute;o<\/strong>. Entrada gratuita por orden de llegada hasta agotar la capacidad del lugar.<\/p>\n\n\n\n<p>A las 19.30, en el Museo Carlos Alonso-Mansi&oacute;n Stoppel. Av. Emilio&nbsp; Civit 348, Ciudad de Mendoza.&nbsp;<strong>Paula Mena-Juan Almada, d&uacute;o canto l&iacute;rico y guitarra<\/strong>. Canje de entradas: 1 leche larga vida por 1 entrada (m&aacute;ximo, 4 por persona).<\/p>\n\n\n\n<p>A las 20, en el Museo de Ciencias Naturales y Antropol&oacute;gicas Juan Cornelio Moyano, Parque General San Mart&iacute;n.&nbsp;<strong>D&uacute;o Sonoras. Flauta y guitarra<\/strong>. Canje de entradas: 1 leche larga vida por 1 entrada (m&aacute;ximo, 4 por persona).<\/p>\n\n\n\n<p>A las 20, en el Espacio Arizu, Belgrano 1322, Godoy Cruz.&nbsp;<strong>Orquesta Pianoforte<\/strong>. Canje de entradas: 1 leche larga vida por 1 entrada (m&aacute;ximo, 4 por persona).<\/p>\n\n\n\n<p>A las 21, en el Teatro Independencia, Chile 1184, Ciudad de Mendoza.&nbsp;<strong>Chiara D&rsquo;Odorico, solista de piano<\/strong>; <strong>Tr&iacute;o Cuicani<\/strong>. Canje de entradas: 1 leche larga vida por 1 entrada (m&aacute;ximo 4 por persona).<\/p>\n\n\n\n<p>A las 21, en la Explanada de la Municipalidad Guaymall&eacute;n, Libertad&nbsp; 720.&nbsp;<strong>Ensamble Viva la L&iacute;rica<\/strong>. Entrada gratuita por orden de llegada hasta agotar la capacidad del lugar.<\/p>\n\n\n\n<p>A las 21, Auditorio Municipal, Leandro N. Alem 748, Tunuy&aacute;n 720.&nbsp;<strong>La gran &oacute;pera<\/strong>. Entrada gratuita por orden de llegada hasta agotar la capacidad del lugar.<\/p>\n\n\n\n<figure class=\"wp-block-gallery columns-3\"><ul class=\"blocks-gallery-grid\"><li class=\"blocks-gallery-item\"><figure><a href=\"https:\/\/www.mendoza.gov.ar\/wp-content\/uploads\/sites\/5\/2024\/03\/DSC_1279-700x467.jpg\"><img loading=\"lazy\" width=\"700\" height=\"467\" src=\"https:\/\/www.mendoza.gov.ar\/wp-content\/uploads\/sites\/5\/2024\/03\/DSC_1279-700x467.jpg\" alt=\"\" data-id=\"402182\" data-link=\"https:\/\/www.mendoza.gov.ar\/prensa\/?attachment_id=402182\" class=\"wp-image-402182 img-responsive center-block\" srcset=\"https:\/\/www.mendoza.gov.ar\/wp-content\/uploads\/sites\/5\/2024\/03\/DSC_1279-700x467.jpg 700w, https:\/\/www.mendoza.gov.ar\/wp-content\/uploads\/sites\/5\/2024\/03\/DSC_1279-250x167.jpg 250w, https:\/\/www.mendoza.gov.ar\/wp-content\/uploads\/sites\/5\/2024\/03\/DSC_1279-768x513.jpg 768w, https:\/\/www.mendoza.gov.ar\/wp-content\/uploads\/sites\/5\/2024\/03\/DSC_1279-1536x1025.jpg 1536w, https:\/\/www.mendoza.gov.ar\/wp-content\/uploads\/sites\/5\/2024\/03\/DSC_1279-120x80.jpg 120w, https:\/\/www.mendoza.gov.ar\/wp-content\/uploads\/sites\/5\/2024\/03\/DSC_1279.jpg 1948w\" sizes=\"(max-width: 700px) 100vw, 700px\"><\/a><\/figure><\/li><li class=\"blocks-gallery-item\"><figure><a href=\"https:\/\/www.mendoza.gov.ar\/wp-content\/uploads\/sites\/5\/2024\/03\/MGR_2194-700x467.jpg\"><img loading=\"lazy\" width=\"700\" height=\"467\" src=\"https:\/\/www.mendoza.gov.ar\/wp-content\/uploads\/sites\/5\/2024\/03\/MGR_2194-700x467.jpg\" alt=\"\" data-id=\"402183\" data-link=\"https:\/\/www.mendoza.gov.ar\/prensa\/?attachment_id=402183\" class=\"wp-image-402183 img-responsive center-block\" srcset=\"https:\/\/www.mendoza.gov.ar\/wp-content\/uploads\/sites\/5\/2024\/03\/MGR_2194-700x467.jpg 700w, https:\/\/www.mendoza.gov.ar\/wp-content\/uploads\/sites\/5\/2024\/03\/MGR_2194-250x167.jpg 250w, https:\/\/www.mendoza.gov.ar\/wp-content\/uploads\/sites\/5\/2024\/03\/MGR_2194-768x512.jpg 768w, https:\/\/www.mendoza.gov.ar\/wp-content\/uploads\/sites\/5\/2024\/03\/MGR_2194-1536x1024.jpg 1536w, https:\/\/www.mendoza.gov.ar\/wp-content\/uploads\/sites\/5\/2024\/03\/MGR_2194-120x80.jpg 120w, https:\/\/www.mendoza.gov.ar\/wp-content\/uploads\/sites\/5\/2024\/03\/MGR_2194.jpg 1620w\" sizes=\"(max-width: 700px) 100vw, 700px\"><\/a><\/figure><\/li><li class=\"blocks-gallery-item\"><figure><a href=\"https:\/\/www.mendoza.gov.ar\/wp-content\/uploads\/sites\/5\/2024\/03\/MGR_2492-700x467.jpeg\"><img loading=\"lazy\" width=\"700\" height=\"467\" src=\"https:\/\/www.mendoza.gov.ar\/wp-content\/uploads\/sites\/5\/2024\/03\/MGR_2492-700x467.jpeg\" alt=\"\" data-id=\"402184\" data-link=\"https:\/\/www.mendoza.gov.ar\/prensa\/?attachment_id=402184\" class=\"wp-image-402184 img-responsive center-block\" srcset=\"https:\/\/www.mendoza.gov.ar\/wp-content\/uploads\/sites\/5\/2024\/03\/MGR_2492-700x467.jpeg 700w, https:\/\/www.mendoza.gov.ar\/wp-content\/uploads\/sites\/5\/2024\/03\/MGR_2492-250x167.jpeg 250w, https:\/\/www.mendoza.gov.ar\/wp-content\/uploads\/sites\/5\/2024\/03\/MGR_2492-768x512.jpeg 768w, https:\/\/www.mendoza.gov.ar\/wp-content\/uploads\/sites\/5\/2024\/03\/MGR_2492-1536x1024.jpeg 1536w, https:\/\/www.mendoza.gov.ar\/wp-content\/uploads\/sites\/5\/2024\/03\/MGR_2492-120x80.jpeg 120w, https:\/\/www.mendoza.gov.ar\/wp-content\/uploads\/sites\/5\/2024\/03\/MGR_2492.jpeg 1620w\" sizes=\"(max-width: 700px) 100vw, 700px\"><\/a><\/figure><\/li><li class=\"blocks-gallery-item\"><figure><a href=\"https:\/\/www.mendoza.gov.ar\/wp-content\/uploads\/sites\/5\/2024\/03\/MGR_2254.jpg\"><img loading=\"lazy\" width=\"700\" height=\"467\" src=\"https:\/\/www.mendoza.gov.ar\/wp-content\/uploads\/sites\/5\/2024\/03\/MGR_2254-700x467.jpg\" alt=\"\" data-id=\"402185\" data-full-url=\"https:\/\/www.mendoza.gov.ar\/wp-content\/uploads\/sites\/5\/2024\/03\/MGR_2254.jpg\" data-link=\"https:\/\/www.mendoza.gov.ar\/prensa\/?attachment_id=402185\" class=\"wp-image-402185 img-responsive center-block\" srcset=\"https:\/\/www.mendoza.gov.ar\/wp-content\/uploads\/sites\/5\/2024\/03\/MGR_2254-700x467.jpg 700w, https:\/\/www.mendoza.gov.ar\/wp-content\/uploads\/sites\/5\/2024\/03\/MGR_2254-250x167.jpg 250w, https:\/\/www.mendoza.gov.ar\/wp-content\/uploads\/sites\/5\/2024\/03\/MGR_2254-768x512.jpg 768w, https:\/\/www.mendoza.gov.ar\/wp-content\/uploads\/sites\/5\/2024\/03\/MGR_2254-1536x1024.jpg 1536w, https:\/\/www.mendoza.gov.ar\/wp-content\/uploads\/sites\/5\/2024\/03\/MGR_2254-120x80.jpg 120w, https:\/\/www.mendoza.gov.ar\/wp-content\/uploads\/sites\/5\/2024\/03\/MGR_2254.jpg 1620w\" sizes=\"(max-width: 700px) 100vw, 700px\"><\/a><\/figure><\/li><\/ul><\/figure>\n<\/body><\/html>\n","protected":false},"excerpt":{"rendered":"Bodegas, museos, iglesias, teatros y espacios abiertos ser&aacute;n los escenarios de las pr&oacute;ximas dos jornadas del festival en su XXIII edici&oacute;n. Hasta el martes 2 de abril, el festival M&uacute;sica Cl&aacute;sica por los Caminos del Vino ofrece variadas alternativas para recorrer y disfrutar. La entrada tiene car&aacute;cter solidario y se podr&aacute; adquirir en canje por&#8230; <a class=\"view-article\" href=\"https:\/\/www.mendoza.gov.ar\/prensa\/estos-son-los-conciertos-del-festival-de-musica-clasica-por-los-caminos-del-vino-para-este-viernes-y-sabado\/\"><\/a>","protected":false},"author":61,"featured_media":402184,"comment_status":"open","ping_status":"open","sticky":false,"template":"","format":"standard","meta":[],"categories":[8,12,3052],"tags":[],"_links":{"self":[{"href":"https:\/\/www.mendoza.gov.ar\/prensa\/wp-json\/wp\/v2\/posts\/402181"}],"collection":[{"href":"https:\/\/www.mendoza.gov.ar\/prensa\/wp-json\/wp\/v2\/posts"}],"about":[{"href":"https:\/\/www.mendoza.gov.ar\/prensa\/wp-json\/wp\/v2\/types\/post"}],"author":[{"embeddable":true,"href":"https:\/\/www.mendoza.gov.ar\/prensa\/wp-json\/wp\/v2\/users\/61"}],"replies":[{"embeddable":true,"href":"https:\/\/www.mendoza.gov.ar\/prensa\/wp-json\/wp\/v2\/comments?post=402181"}],"version-history":[{"count":6,"href":"https:\/\/www.mendoza.gov.ar\/prensa\/wp-json\/wp\/v2\/posts\/402181\/revisions"}],"predecessor-version":[{"id":402196,"href":"https:\/\/www.mendoza.gov.ar\/prensa\/wp-json\/wp\/v2\/posts\/402181\/revisions\/402196"}],"wp:featuredmedia":[{"embeddable":true,"href":"https:\/\/www.mendoza.gov.ar\/prensa\/wp-json\/wp\/v2\/media\/402184"}],"wp:attachment":[{"href":"https:\/\/www.mendoza.gov.ar\/prensa\/wp-json\/wp\/v2\/media?parent=402181"}],"wp:term":[{"taxonomy":"category","embeddable":true,"href":"https:\/\/www.mendoza.gov.ar\/prensa\/wp-json\/wp\/v2\/categories?post=402181"},{"taxonomy":"post_tag","embeddable":true,"href":"https:\/\/www.mendoza.gov.ar\/prensa\/wp-json\/wp\/v2\/tags?post=402181"}],"curies":[{"name":"wp","href":"https:\/\/api.w.org\/{rel}","templated":true}]}}