{"id":402439,"date":"2024-04-01T12:36:59","date_gmt":"2024-04-01T15:36:59","guid":{"rendered":"https:\/\/www.mendoza.gov.ar\/prensa\/?p=402439"},"modified":"2024-09-17T19:24:34","modified_gmt":"2024-09-17T22:24:34","slug":"por-primera-vez-san-luis-se-sumo-a-musica-clasica-por-los-caminos-del-vino","status":"publish","type":"post","link":"https:\/\/www.mendoza.gov.ar\/prensa\/por-primera-vez-san-luis-se-sumo-a-musica-clasica-por-los-caminos-del-vino\/","title":{"rendered":"Por primera vez, San Luis se sum\u00f3 a M\u00fasica Cl\u00e1sica por los Caminos del Vino"},"content":{"rendered":"<!DOCTYPE html PUBLIC \"-\/\/W3C\/\/DTD HTML 4.0 Transitional\/\/EN\" \"http:\/\/www.w3.org\/TR\/REC-html40\/loose.dtd\">\n<html><body><h5>Adem&aacute;s, hoy ser&aacute; el turno del concierto en San Juan, que tambi&eacute;n participar&aacute; en el ciclo de m&uacute;sica cl&aacute;sica m&aacute;s importante del pa&iacute;s, con la presentaci&oacute;n de Violetta Club.<\/h5>\n\n\n\n<p>Organizado por la Secretar&iacute;a de Cultura, dependiente del Ministerio de Educaci&oacute;n, Cultura, Infancias y DGE, el Festival M&uacute;sica Cl&aacute;sica por los Caminos del Vino invit&oacute; a participar a las provincias cuyanas en esta propuesta tan importante.<\/p>\n\n\n\n<p>Ayer, en la Casa del Poeta Antonio Esteban Ag&uuml;ero, en Merlo, San Luis, se present&oacute; el&nbsp;<strong>Tr&iacute;o Agitato<\/strong>&nbsp;con su excelente performance musical en un auditorio con la capacidad colmada.<\/p>\n\n\n\n<p>Estuvieron presentes el secretario de Cultura de Mendoza, Diego Gareca, y las directoras de Actividades Art&iacute;stica, Laura Beningazza, y Producci&oacute;n Cultural, Noelia Torres, como tambi&eacute;n Santiago Trobo, secretario de Turismo; Luciana Trobo, subdirectora de Marketing y Promoci&oacute;n Tur&iacute;stica Cultural de San Luis, y Nacho Morris, director de Promoci&oacute;n Tur&iacute;stica Cultural de esa provincia.<\/p>\n\n\n\n<p>Hoy ser&aacute; el turno del concierto en San Juan, que tambi&eacute;n participar&aacute; en el ciclo de m&uacute;sica cl&aacute;sica m&aacute;s importante del pa&iacute;s, con la presentaci&oacute;n de Violetta Club.<\/p>\n\n\n\n<p><strong>San Rafael<\/strong><\/p>\n\n\n\n<p>El ECA Sur Enrique Sobisch recibi&oacute; este domingo a M&uacute;sica Cl&aacute;sica por los Caminos del Vino. All&iacute; se present&oacute; el d&uacute;o&nbsp;<strong>Sonoras<\/strong>, integrado por Micaela Pagliafora en piano y Sabina Cerutti en flauta traversa.<\/p>\n\n\n\n<p>El p&uacute;blico sanrafaelino disfrut&oacute; de la m&uacute;sica en esta edici&oacute;n n&uacute;mero 23 del prestigioso festival.<\/p>\n\n\n\n<p>Esta agrupaci&oacute;n naci&oacute; a comienzos de 2021 con la intenci&oacute;n de interpretar m&uacute;sica cl&aacute;sica divertida y a la vez conmovedora, que fuera accesible y dirigida a un p&uacute;blico heterog&eacute;neo. El grupo particip&oacute; en diversos ciclos de m&uacute;sica y su repertorio incluy&oacute; obras cortas para flauta y piano de compositores cl&aacute;sicos contempor&aacute;neos, entre los que se destacaron Ian Clarke y el joven compositor mendocino Mat&iacute;as Guti&eacute;rrez Brunet.<\/p>\n\n\n\n<p>Tambi&eacute;n, en la parroquia San Maximiliano Mar&iacute;a Kolbe, se mostr&oacute; completa su capacidad con el concierto del destacado grupo&nbsp;<strong>Mendoza Piano and Winds.<\/strong><\/p>\n\n\n\n<p><strong>Espacios Culturales<\/strong><\/p>\n\n\n\n<p><strong>Quintetas del brass&nbsp;<\/strong>fue la propuesta del domingo de Pascuas en el ECA Eliana Molinelli de Ciudad. El quinteto de metales que se consolid&oacute; en 2020 con el objetivo de fusionar la sonoridad de instrumentos de bronces con la interpretaci&oacute;n de m&uacute;sica acad&eacute;mica y latinoamericana recibi&oacute; el aplauso de mendocinos y turistas que disfrutaron de un excelente recital de vientos con sus oboes, trompetas y clarinetes.<\/p>\n\n\n\n<p>Para finalizar la jornada, la pianista argentina internacional de extensa y larga trayectoria Dora De Marinis ofreci&oacute; un magistral concierto de piano <strong>Beethoven y yo <\/strong>con sus sonetos&nbsp;<em>Tempestad<\/em>&nbsp;y&nbsp;<em>Pat&eacute;tico<\/em>, entre otros, y colm&oacute; con hermosas melod&iacute;as al teatro repleto, que la despidi&oacute; de pie aplaudiendo su actuaci&oacute;n.<\/p>\n\n\n\n<p>Cabe destacar que De Marinis, entre 2010 y 2015, fue directora art&iacute;stica del Festival M&uacute;sica Cl&aacute;sica Por los Caminos del Vino, en Mendoza.<\/p>\n\n\n\n<figure class=\"wp-block-gallery columns-3\"><ul class=\"blocks-gallery-grid\"><li class=\"blocks-gallery-item\"><figure><a href=\"https:\/\/www.mendoza.gov.ar\/wp-content\/uploads\/sites\/5\/2024\/04\/DSC_3074.jpg\"><img loading=\"lazy\" width=\"700\" height=\"467\" src=\"https:\/\/www.mendoza.gov.ar\/wp-content\/uploads\/sites\/5\/2024\/04\/DSC_3074-700x467.jpg\" alt=\"\" data-id=\"402442\" data-full-url=\"https:\/\/www.mendoza.gov.ar\/wp-content\/uploads\/sites\/5\/2024\/04\/DSC_3074.jpg\" data-link=\"https:\/\/www.mendoza.gov.ar\/prensa\/?attachment_id=402442\" class=\"wp-image-402442 img-responsive center-block\" srcset=\"https:\/\/www.mendoza.gov.ar\/wp-content\/uploads\/sites\/5\/2024\/04\/DSC_3074-700x467.jpg 700w, https:\/\/www.mendoza.gov.ar\/wp-content\/uploads\/sites\/5\/2024\/04\/DSC_3074-250x167.jpg 250w, https:\/\/www.mendoza.gov.ar\/wp-content\/uploads\/sites\/5\/2024\/04\/DSC_3074-768x513.jpg 768w, https:\/\/www.mendoza.gov.ar\/wp-content\/uploads\/sites\/5\/2024\/04\/DSC_3074-1536x1025.jpg 1536w, https:\/\/www.mendoza.gov.ar\/wp-content\/uploads\/sites\/5\/2024\/04\/DSC_3074-120x80.jpg 120w, https:\/\/www.mendoza.gov.ar\/wp-content\/uploads\/sites\/5\/2024\/04\/DSC_3074.jpg 1736w\" sizes=\"(max-width: 700px) 100vw, 700px\"><\/a><\/figure><\/li><li class=\"blocks-gallery-item\"><figure><a href=\"https:\/\/www.mendoza.gov.ar\/wp-content\/uploads\/sites\/5\/2024\/04\/DSC_2993.jpg\"><img loading=\"lazy\" width=\"700\" height=\"467\" src=\"https:\/\/www.mendoza.gov.ar\/wp-content\/uploads\/sites\/5\/2024\/04\/DSC_2993-700x467.jpg\" alt=\"\" data-id=\"402443\" data-full-url=\"https:\/\/www.mendoza.gov.ar\/wp-content\/uploads\/sites\/5\/2024\/04\/DSC_2993.jpg\" data-link=\"https:\/\/www.mendoza.gov.ar\/prensa\/?attachment_id=402443\" class=\"wp-image-402443 img-responsive center-block\" srcset=\"https:\/\/www.mendoza.gov.ar\/wp-content\/uploads\/sites\/5\/2024\/04\/DSC_2993-700x467.jpg 700w, https:\/\/www.mendoza.gov.ar\/wp-content\/uploads\/sites\/5\/2024\/04\/DSC_2993-250x167.jpg 250w, https:\/\/www.mendoza.gov.ar\/wp-content\/uploads\/sites\/5\/2024\/04\/DSC_2993-768x513.jpg 768w, https:\/\/www.mendoza.gov.ar\/wp-content\/uploads\/sites\/5\/2024\/04\/DSC_2993-1536x1025.jpg 1536w, https:\/\/www.mendoza.gov.ar\/wp-content\/uploads\/sites\/5\/2024\/04\/DSC_2993-120x80.jpg 120w, https:\/\/www.mendoza.gov.ar\/wp-content\/uploads\/sites\/5\/2024\/04\/DSC_2993.jpg 1948w\" sizes=\"(max-width: 700px) 100vw, 700px\"><\/a><\/figure><\/li><li class=\"blocks-gallery-item\"><figure><a href=\"https:\/\/www.mendoza.gov.ar\/wp-content\/uploads\/sites\/5\/2024\/04\/DSC_2836.jpg\"><img loading=\"lazy\" width=\"700\" height=\"467\" src=\"https:\/\/www.mendoza.gov.ar\/wp-content\/uploads\/sites\/5\/2024\/04\/DSC_2836-700x467.jpg\" alt=\"\" data-id=\"402444\" data-full-url=\"https:\/\/www.mendoza.gov.ar\/wp-content\/uploads\/sites\/5\/2024\/04\/DSC_2836.jpg\" data-link=\"https:\/\/www.mendoza.gov.ar\/prensa\/?attachment_id=402444\" class=\"wp-image-402444 img-responsive center-block\" srcset=\"https:\/\/www.mendoza.gov.ar\/wp-content\/uploads\/sites\/5\/2024\/04\/DSC_2836-700x467.jpg 700w, https:\/\/www.mendoza.gov.ar\/wp-content\/uploads\/sites\/5\/2024\/04\/DSC_2836-250x167.jpg 250w, https:\/\/www.mendoza.gov.ar\/wp-content\/uploads\/sites\/5\/2024\/04\/DSC_2836-768x512.jpg 768w, https:\/\/www.mendoza.gov.ar\/wp-content\/uploads\/sites\/5\/2024\/04\/DSC_2836-1536x1025.jpg 1536w, https:\/\/www.mendoza.gov.ar\/wp-content\/uploads\/sites\/5\/2024\/04\/DSC_2836-120x80.jpg 120w, https:\/\/www.mendoza.gov.ar\/wp-content\/uploads\/sites\/5\/2024\/04\/DSC_2836.jpg 1799w\" sizes=\"(max-width: 700px) 100vw, 700px\"><\/a><\/figure><\/li><li class=\"blocks-gallery-item\"><figure><a href=\"https:\/\/www.mendoza.gov.ar\/wp-content\/uploads\/sites\/5\/2024\/04\/DSC_2840.jpg\"><img src=\"https:\/\/www.mendoza.gov.ar\/wp-content\/uploads\/sites\/5\/2024\/04\/DSC_2840-700x461.jpg\" alt=\"\" data-id=\"402445\" data-full-url=\"https:\/\/www.mendoza.gov.ar\/wp-content\/uploads\/sites\/5\/2024\/04\/DSC_2840.jpg\" data-link=\"https:\/\/www.mendoza.gov.ar\/prensa\/?attachment_id=402445\" class=\"wp-image-402445 img-responsive center-block\"><\/a><\/figure><\/li><li class=\"blocks-gallery-item\"><figure><a href=\"https:\/\/www.mendoza.gov.ar\/wp-content\/uploads\/sites\/5\/2024\/04\/DSC_3040.jpg\"><img loading=\"lazy\" width=\"700\" height=\"455\" src=\"https:\/\/www.mendoza.gov.ar\/wp-content\/uploads\/sites\/5\/2024\/04\/DSC_3040-700x455.jpg\" alt=\"\" data-id=\"402446\" data-full-url=\"https:\/\/www.mendoza.gov.ar\/wp-content\/uploads\/sites\/5\/2024\/04\/DSC_3040.jpg\" data-link=\"https:\/\/www.mendoza.gov.ar\/prensa\/?attachment_id=402446\" class=\"wp-image-402446 img-responsive center-block\" srcset=\"https:\/\/www.mendoza.gov.ar\/wp-content\/uploads\/sites\/5\/2024\/04\/DSC_3040-700x455.jpg 700w, https:\/\/www.mendoza.gov.ar\/wp-content\/uploads\/sites\/5\/2024\/04\/DSC_3040-250x163.jpg 250w, https:\/\/www.mendoza.gov.ar\/wp-content\/uploads\/sites\/5\/2024\/04\/DSC_3040-768x499.jpg 768w, https:\/\/www.mendoza.gov.ar\/wp-content\/uploads\/sites\/5\/2024\/04\/DSC_3040-1536x999.jpg 1536w, https:\/\/www.mendoza.gov.ar\/wp-content\/uploads\/sites\/5\/2024\/04\/DSC_3040-120x78.jpg 120w, https:\/\/www.mendoza.gov.ar\/wp-content\/uploads\/sites\/5\/2024\/04\/DSC_3040.jpg 1687w\" sizes=\"(max-width: 700px) 100vw, 700px\"><\/a><\/figure><\/li><li class=\"blocks-gallery-item\"><figure><a href=\"https:\/\/www.mendoza.gov.ar\/wp-content\/uploads\/sites\/5\/2024\/04\/20240331_191343-1.jpg\"><img loading=\"lazy\" width=\"700\" height=\"525\" src=\"https:\/\/www.mendoza.gov.ar\/wp-content\/uploads\/sites\/5\/2024\/04\/20240331_191343-1-700x525.jpg\" alt=\"\" data-id=\"402447\" data-full-url=\"https:\/\/www.mendoza.gov.ar\/wp-content\/uploads\/sites\/5\/2024\/04\/20240331_191343-1.jpg\" data-link=\"https:\/\/www.mendoza.gov.ar\/prensa\/?attachment_id=402447\" class=\"wp-image-402447 img-responsive center-block\" srcset=\"https:\/\/www.mendoza.gov.ar\/wp-content\/uploads\/sites\/5\/2024\/04\/20240331_191343-1-700x525.jpg 700w, https:\/\/www.mendoza.gov.ar\/wp-content\/uploads\/sites\/5\/2024\/04\/20240331_191343-1-250x188.jpg 250w, https:\/\/www.mendoza.gov.ar\/wp-content\/uploads\/sites\/5\/2024\/04\/20240331_191343-1-768x576.jpg 768w, https:\/\/www.mendoza.gov.ar\/wp-content\/uploads\/sites\/5\/2024\/04\/20240331_191343-1-1536x1152.jpg 1536w, https:\/\/www.mendoza.gov.ar\/wp-content\/uploads\/sites\/5\/2024\/04\/20240331_191343-1-2048x1536.jpg 2048w, https:\/\/www.mendoza.gov.ar\/wp-content\/uploads\/sites\/5\/2024\/04\/20240331_191343-1-120x90.jpg 120w\" sizes=\"(max-width: 700px) 100vw, 700px\"><\/a><\/figure><\/li><li class=\"blocks-gallery-item\"><figure><a href=\"https:\/\/www.mendoza.gov.ar\/wp-content\/uploads\/sites\/5\/2024\/04\/20240331_200705.jpg\"><img loading=\"lazy\" width=\"700\" height=\"525\" src=\"https:\/\/www.mendoza.gov.ar\/wp-content\/uploads\/sites\/5\/2024\/04\/20240331_200705-700x525.jpg\" alt=\"\" data-id=\"402448\" data-full-url=\"https:\/\/www.mendoza.gov.ar\/wp-content\/uploads\/sites\/5\/2024\/04\/20240331_200705.jpg\" data-link=\"https:\/\/www.mendoza.gov.ar\/prensa\/?attachment_id=402448\" class=\"wp-image-402448 img-responsive center-block\" srcset=\"https:\/\/www.mendoza.gov.ar\/wp-content\/uploads\/sites\/5\/2024\/04\/20240331_200705-700x525.jpg 700w, https:\/\/www.mendoza.gov.ar\/wp-content\/uploads\/sites\/5\/2024\/04\/20240331_200705-250x188.jpg 250w, https:\/\/www.mendoza.gov.ar\/wp-content\/uploads\/sites\/5\/2024\/04\/20240331_200705-768x576.jpg 768w, https:\/\/www.mendoza.gov.ar\/wp-content\/uploads\/sites\/5\/2024\/04\/20240331_200705-1536x1152.jpg 1536w, https:\/\/www.mendoza.gov.ar\/wp-content\/uploads\/sites\/5\/2024\/04\/20240331_200705-2048x1536.jpg 2048w, https:\/\/www.mendoza.gov.ar\/wp-content\/uploads\/sites\/5\/2024\/04\/20240331_200705-120x90.jpg 120w\" sizes=\"(max-width: 700px) 100vw, 700px\"><\/a><\/figure><\/li><li class=\"blocks-gallery-item\"><figure><a href=\"https:\/\/www.mendoza.gov.ar\/wp-content\/uploads\/sites\/5\/2024\/04\/20240331_193215.jpg\"><img loading=\"lazy\" width=\"700\" height=\"525\" src=\"https:\/\/www.mendoza.gov.ar\/wp-content\/uploads\/sites\/5\/2024\/04\/20240331_193215-700x525.jpg\" alt=\"\" data-id=\"402450\" data-full-url=\"https:\/\/www.mendoza.gov.ar\/wp-content\/uploads\/sites\/5\/2024\/04\/20240331_193215.jpg\" data-link=\"https:\/\/www.mendoza.gov.ar\/prensa\/?attachment_id=402450\" class=\"wp-image-402450 img-responsive center-block\" srcset=\"https:\/\/www.mendoza.gov.ar\/wp-content\/uploads\/sites\/5\/2024\/04\/20240331_193215-700x525.jpg 700w, https:\/\/www.mendoza.gov.ar\/wp-content\/uploads\/sites\/5\/2024\/04\/20240331_193215-250x187.jpg 250w, https:\/\/www.mendoza.gov.ar\/wp-content\/uploads\/sites\/5\/2024\/04\/20240331_193215-768x576.jpg 768w, https:\/\/www.mendoza.gov.ar\/wp-content\/uploads\/sites\/5\/2024\/04\/20240331_193215-1536x1152.jpg 1536w, https:\/\/www.mendoza.gov.ar\/wp-content\/uploads\/sites\/5\/2024\/04\/20240331_193215-2048x1536.jpg 2048w, https:\/\/www.mendoza.gov.ar\/wp-content\/uploads\/sites\/5\/2024\/04\/20240331_193215-120x90.jpg 120w\" sizes=\"(max-width: 700px) 100vw, 700px\"><\/a><\/figure><\/li><\/ul><\/figure>\n\n\n\n<figure class=\"wp-block-gallery columns-2\"><ul class=\"blocks-gallery-grid\"><li class=\"blocks-gallery-item\"><figure><img loading=\"lazy\" width=\"700\" height=\"466\" src=\"https:\/\/www.mendoza.gov.ar\/wp-content\/uploads\/sites\/5\/2024\/04\/ECA-Sur-Sonoras-700x466.jpg\" alt=\"\" data-id=\"402452\" data-full-url=\"https:\/\/www.mendoza.gov.ar\/wp-content\/uploads\/sites\/5\/2024\/04\/ECA-Sur-Sonoras.jpg\" data-link=\"https:\/\/www.mendoza.gov.ar\/prensa\/por-primera-vez-san-luis-se-sumo-a-musica-clasica-por-los-caminos-del-vino\/eca-sur-sonoras\/\" class=\"wp-image-402452 img-responsive center-block\" srcset=\"https:\/\/www.mendoza.gov.ar\/wp-content\/uploads\/sites\/5\/2024\/04\/ECA-Sur-Sonoras-700x466.jpg 700w, https:\/\/www.mendoza.gov.ar\/wp-content\/uploads\/sites\/5\/2024\/04\/ECA-Sur-Sonoras-250x167.jpg 250w, https:\/\/www.mendoza.gov.ar\/wp-content\/uploads\/sites\/5\/2024\/04\/ECA-Sur-Sonoras-768x512.jpg 768w, https:\/\/www.mendoza.gov.ar\/wp-content\/uploads\/sites\/5\/2024\/04\/ECA-Sur-Sonoras-1536x1023.jpg 1536w, https:\/\/www.mendoza.gov.ar\/wp-content\/uploads\/sites\/5\/2024\/04\/ECA-Sur-Sonoras-120x80.jpg 120w, https:\/\/www.mendoza.gov.ar\/wp-content\/uploads\/sites\/5\/2024\/04\/ECA-Sur-Sonoras.jpg 1600w\" sizes=\"(max-width: 700px) 100vw, 700px\"><\/figure><\/li><li class=\"blocks-gallery-item\"><figure><img loading=\"lazy\" width=\"700\" height=\"466\" src=\"https:\/\/www.mendoza.gov.ar\/wp-content\/uploads\/sites\/5\/2024\/04\/ECA-Sur-700x466.jpg\" alt=\"\" data-id=\"402453\" data-full-url=\"https:\/\/www.mendoza.gov.ar\/wp-content\/uploads\/sites\/5\/2024\/04\/ECA-Sur.jpg\" data-link=\"https:\/\/www.mendoza.gov.ar\/prensa\/por-primera-vez-san-luis-se-sumo-a-musica-clasica-por-los-caminos-del-vino\/eca-sur-8\/\" class=\"wp-image-402453 img-responsive center-block\" srcset=\"https:\/\/www.mendoza.gov.ar\/wp-content\/uploads\/sites\/5\/2024\/04\/ECA-Sur-700x466.jpg 700w, https:\/\/www.mendoza.gov.ar\/wp-content\/uploads\/sites\/5\/2024\/04\/ECA-Sur-250x167.jpg 250w, https:\/\/www.mendoza.gov.ar\/wp-content\/uploads\/sites\/5\/2024\/04\/ECA-Sur-768x512.jpg 768w, https:\/\/www.mendoza.gov.ar\/wp-content\/uploads\/sites\/5\/2024\/04\/ECA-Sur-1536x1023.jpg 1536w, https:\/\/www.mendoza.gov.ar\/wp-content\/uploads\/sites\/5\/2024\/04\/ECA-Sur-120x80.jpg 120w, https:\/\/www.mendoza.gov.ar\/wp-content\/uploads\/sites\/5\/2024\/04\/ECA-Sur.jpg 1600w\" sizes=\"(max-width: 700px) 100vw, 700px\"><\/figure><\/li><\/ul><\/figure>\n<\/body><\/html>\n","protected":false},"excerpt":{"rendered":"Adem&aacute;s, hoy ser&aacute; el turno del concierto en San Juan, que tambi&eacute;n participar&aacute; en el ciclo de m&uacute;sica cl&aacute;sica m&aacute;s importante del pa&iacute;s, con la presentaci&oacute;n de Violetta Club. Organizado por la Secretar&iacute;a de Cultura, dependiente del Ministerio de Educaci&oacute;n, Cultura, Infancias y DGE, el Festival M&uacute;sica Cl&aacute;sica por los Caminos del Vino invit&oacute; a&#8230; <a class=\"view-article\" href=\"https:\/\/www.mendoza.gov.ar\/prensa\/por-primera-vez-san-luis-se-sumo-a-musica-clasica-por-los-caminos-del-vino\/\"><\/a>","protected":false},"author":63,"featured_media":402445,"comment_status":"open","ping_status":"open","sticky":false,"template":"","format":"standard","meta":[],"categories":[8,12,3052],"tags":[],"_links":{"self":[{"href":"https:\/\/www.mendoza.gov.ar\/prensa\/wp-json\/wp\/v2\/posts\/402439"}],"collection":[{"href":"https:\/\/www.mendoza.gov.ar\/prensa\/wp-json\/wp\/v2\/posts"}],"about":[{"href":"https:\/\/www.mendoza.gov.ar\/prensa\/wp-json\/wp\/v2\/types\/post"}],"author":[{"embeddable":true,"href":"https:\/\/www.mendoza.gov.ar\/prensa\/wp-json\/wp\/v2\/users\/63"}],"replies":[{"embeddable":true,"href":"https:\/\/www.mendoza.gov.ar\/prensa\/wp-json\/wp\/v2\/comments?post=402439"}],"version-history":[{"count":11,"href":"https:\/\/www.mendoza.gov.ar\/prensa\/wp-json\/wp\/v2\/posts\/402439\/revisions"}],"predecessor-version":[{"id":402478,"href":"https:\/\/www.mendoza.gov.ar\/prensa\/wp-json\/wp\/v2\/posts\/402439\/revisions\/402478"}],"wp:featuredmedia":[{"embeddable":true,"href":"https:\/\/www.mendoza.gov.ar\/prensa\/wp-json\/wp\/v2\/media\/402445"}],"wp:attachment":[{"href":"https:\/\/www.mendoza.gov.ar\/prensa\/wp-json\/wp\/v2\/media?parent=402439"}],"wp:term":[{"taxonomy":"category","embeddable":true,"href":"https:\/\/www.mendoza.gov.ar\/prensa\/wp-json\/wp\/v2\/categories?post=402439"},{"taxonomy":"post_tag","embeddable":true,"href":"https:\/\/www.mendoza.gov.ar\/prensa\/wp-json\/wp\/v2\/tags?post=402439"}],"curies":[{"name":"wp","href":"https:\/\/api.w.org\/{rel}","templated":true}]}}