{"id":40280,"date":"2015-09-08T09:06:32","date_gmt":"2015-09-08T12:06:32","guid":{"rendered":"http:\/\/prensa.mendoza.gov.ar\/?p=40280"},"modified":"2015-09-08T09:06:32","modified_gmt":"2015-09-08T12:06:32","slug":"el-fondo-para-la-transformacion-apoya-el-financiamiento-de-una-empresa-de-ajo-de-lavalle","status":"publish","type":"post","link":"https:\/\/www.mendoza.gov.ar\/prensa\/el-fondo-para-la-transformacion-apoya-el-financiamiento-de-una-empresa-de-ajo-de-lavalle\/","title":{"rendered":"El Fondo para la Transformaci\u00f3n apoya el financiamiento de una empresa de ajo de Lavalle"},"content":{"rendered":"<!DOCTYPE html PUBLIC \"-\/\/W3C\/\/DTD HTML 4.0 Transitional\/\/EN\" \"http:\/\/www.w3.org\/TR\/REC-html40\/loose.dtd\">\n<html><body><p>El Ministerio de Agroindustria y Tecnolog&iacute;a, a trav&eacute;s del Fondo para la Transformaci&oacute;n y el Crecimiento (FTyC), sigue brindando financiamiento a emprendedores de toda la Provincia que permiten el crecimiento de la producci&oacute;n mendocina.<\/p>\n<p>Al financiamiento accedi&oacute; la empresa &ldquo;Nuevo Sol&rdquo; de Lavalle que adquiri&oacute; un autoelevador, tres limpiadoras de ajo, 1.200 bins y 1.200 chimeneas.<\/p>\n<p>El director del FTyC Pablo Olaiz, realiz&oacute; una visita a ese departamento y expres&oacute;: &ldquo;El objetivo de estas visitas es tener un contacto directo entre las empresas y el Fondo para la Transformaci&oacute;n. Esto nos permite conocer la experiencia que han tenido con la instituci&oacute;n, ver en qu&eacute; les ha ayudado el cr&eacute;dito y tambi&eacute;n recibir cr&iacute;ticas para continuar mejorando y as&iacute; brindar un mejor servicio para las empresas mendocinas&rdquo;.<\/p>\n<p>Jorge Mart&iacute;n, unos de los responsables de la firma coment&oacute; &ldquo;Somos la segunda generaci&oacute;n de la familia que venimos trabajando en el rubro. Para nosotros, que somos una empresa joven, el Fondo para la Transformaci&oacute;n ha sido el &uacute;nico medio para financiarnos. Lo que hemos podido ir creciendo en cuanto a infraestructura y la parte productiva ha sido en gran parte gracias al FTyC. Han sido una ayuda tremenda&rdquo;.<\/p>\n<p>&ldquo;Es muy importante esta financiaci&oacute;n ya que somos una empresa peque&ntilde;a, pero que le da trabajo a mucha gente. Tener la delegaci&oacute;n en el departamento facilita y agiliza los tr&aacute;mites para recibir el financiamiento&rdquo;, concluy&oacute; Jorge Mart&iacute;n.<\/p>\n<p>&ldquo;Nuevo Sol&rdquo; tiene como principal mercado de comercializaci&oacute;n desde hace 5 a&ntilde;os Taiw&aacute;n, tambi&eacute;n trabajan con Estados Unidos, Francia, Espa&ntilde;a, M&eacute;xico y Brasil. El 10% del producto que comercializan lo producen ellos mismos, el 90% restante lo compran a productores locales.<\/p>\n<p>Para obtener m&aacute;s informaci&oacute;n sobre el Fondo para la Transformaci&oacute;n y el Crecimiento ingresar a la p&aacute;gina web&nbsp; <a href=\"https:\/\/www.ftyc.gob.a\">www.ftyc.gob.a<\/a> comunicarse a los tel&eacute;fonos&nbsp; 0261- 4202434\/35, de lunes a viernes 7.30 a 14.<\/p>\n<\/body><\/html>\n","protected":false},"excerpt":{"rendered":"La empresa de ajo \u201cNuevo Sol\u201d recibi\u00f3 cr\u00e9dito a trav\u00e9s de la l\u00ednea Maquinaria Industrial.","protected":false},"author":3,"featured_media":40288,"comment_status":"open","ping_status":"open","sticky":false,"template":"","format":"standard","meta":[],"categories":[1],"tags":[],"_links":{"self":[{"href":"https:\/\/www.mendoza.gov.ar\/prensa\/wp-json\/wp\/v2\/posts\/40280"}],"collection":[{"href":"https:\/\/www.mendoza.gov.ar\/prensa\/wp-json\/wp\/v2\/posts"}],"about":[{"href":"https:\/\/www.mendoza.gov.ar\/prensa\/wp-json\/wp\/v2\/types\/post"}],"author":[{"embeddable":true,"href":"https:\/\/www.mendoza.gov.ar\/prensa\/wp-json\/wp\/v2\/users\/3"}],"replies":[{"embeddable":true,"href":"https:\/\/www.mendoza.gov.ar\/prensa\/wp-json\/wp\/v2\/comments?post=40280"}],"version-history":[{"count":0,"href":"https:\/\/www.mendoza.gov.ar\/prensa\/wp-json\/wp\/v2\/posts\/40280\/revisions"}],"wp:featuredmedia":[{"embeddable":true,"href":"https:\/\/www.mendoza.gov.ar\/prensa\/wp-json\/wp\/v2\/media\/40288"}],"wp:attachment":[{"href":"https:\/\/www.mendoza.gov.ar\/prensa\/wp-json\/wp\/v2\/media?parent=40280"}],"wp:term":[{"taxonomy":"category","embeddable":true,"href":"https:\/\/www.mendoza.gov.ar\/prensa\/wp-json\/wp\/v2\/categories?post=40280"},{"taxonomy":"post_tag","embeddable":true,"href":"https:\/\/www.mendoza.gov.ar\/prensa\/wp-json\/wp\/v2\/tags?post=40280"}],"curies":[{"name":"wp","href":"https:\/\/api.w.org\/{rel}","templated":true}]}}