{"id":402949,"date":"2024-04-05T15:37:22","date_gmt":"2024-04-05T18:37:22","guid":{"rendered":"https:\/\/www.mendoza.gov.ar\/prensa\/?p=402949"},"modified":"2024-04-05T16:13:41","modified_gmt":"2024-04-05T19:13:41","slug":"empresas-aeronauticas-de-mendoza-participaran-de-la-feria-aeroespacial-mas-importante-de-latam","status":"publish","type":"post","link":"https:\/\/www.mendoza.gov.ar\/prensa\/empresas-aeronauticas-de-mendoza-participaran-de-la-feria-aeroespacial-mas-importante-de-latam\/","title":{"rendered":"Empresas aeron\u00e1uticas de Mendoza participar\u00e1n en la feria aeroespacial m\u00e1s importante de Latam"},"content":{"rendered":"<!DOCTYPE html PUBLIC \"-\/\/W3C\/\/DTD HTML 4.0 Transitional\/\/EN\" \"http:\/\/www.w3.org\/TR\/REC-html40\/loose.dtd\">\n<html><body><h5>La Feria Internacional del Aire y del Espacio, que se realiza cada dos a&ntilde;os en Chile, es la principal exhibici&oacute;n aeroespacial, de defensa y seguridad de Am&eacute;rica Latina. Participar&aacute;n tres empresas mendocinas, que llevar&aacute;n muestras de todo lo que se produce aqu&iacute; sobre esta materia.<\/h5>\n\n\n\n<p>Empresas de Mendoza especializadas en el sector aeron&aacute;utico que participar&aacute;n en FIDAE, la Feria Internacional del Aire y del Espacio que se realiza cada dos a&ntilde;os en Chile, se reunieron con la presidenta de la Unidad ProMendoza, Patricia Gim&eacute;nez, para coordinar las acciones de promoci&oacute;n en ese pa&iacute;s.<\/p>\n\n\n\n<p>FIDAE es la principal exhibici&oacute;n aeroespacial, de defensa y seguridad de Am&eacute;rica Latina. Por Mendoza habr&aacute; tres representantes que llevar&aacute;n muestras de todo lo que se produce aqu&iacute; sobre esta materia. En representaci&oacute;n del Cl&uacute;ster Aeroespacial de Mendoza ir&aacute;n Aerotec y Telebit y, de manera independiente, lo har&aacute; Aeropac.<\/p>\n\n\n\n<p>La feria ser&aacute; del martes 9 al domingo 14 de abril, en las cercan&iacute;as del Aeropuerto Internacional de Santiago de Chile. Promueve el desarrollo de la industria para dar oportunidades de intercambio tecnol&oacute;gico y comercial a las organizaciones participantes y generar mayor conciencia aeron&aacute;utica en la regi&oacute;n.<\/p>\n\n\n\n<p>Las empresas de Mendoza viajan a FIDAE para desarrollar v&iacute;nculos con empresas de Am&eacute;rica Latina y as&iacute; promocionar sus productos y servicios relacionados con la industria aeroespacial. La feria est&aacute; destinada a empresas de aviaci&oacute;n civil y comercial, defensa, mantenimiento de aeronaves, equipamiento y servicios aeroportuarios y tecnolog&iacute;a espacial.<\/p>\n\n\n\n<p>Adem&aacute;s, en esta vig&eacute;sima tercera edici&oacute;n se desarrollar&aacute; la <em>Space Summit<\/em>, que se conformar&aacute; por distintos simposios con el objetivo de poder cimentar el Sistema Nacional Espacial, adem&aacute;s de focalizarse en sistemas espaciales y las nuevas tecnolog&iacute;as de Satcom (comunicaci&oacute;n satelital). En el encuentro participar&aacute;n destacadas autoridades, como la directora de la Oficina de las Naciones Unidas para Asuntos del Espacio Ultraterrestre (UNOOSA), Aarti Holla-Maini.<\/p>\n\n\n\n<p><strong>Cl&uacute;ster Aeroespacial de Mendoza<\/strong><\/p>\n\n\n\n<p>Con el apoyo de ProMendoza y la financiaci&oacute;n de la Fundaci&oacute;n del Banco Industrial y Comercial de China (ICBC), en conjunto con la Agencia Argentina de Inversiones y Comercio Internacional (AAICI), se conform&oacute; en 2021 el Cl&uacute;ster Aeroespacial Mendoza.<\/p>\n\n\n\n<p>El objetivo es acompa&ntilde;ar en el desarrollo de las empresas mendocinas relacionadas con el sector e incrementar su competitividad. Adem&aacute;s, el cl&uacute;ster busca priorizar sinergias dentro de un grupo colaborativo como factor dinamizador y permitir beneficios indirectos para Mendoza.<br><br><strong>Empresas representantes de Mendoza en FIDAE<\/strong><\/p>\n\n\n\n<p>Aeropac SA es una empresa de ingenier&iacute;a y desarrollos aeroespaciales con instalaciones propias en Las Heras, Mendoza. Produce y exporta estructuras de aeronaves, partes y componentes para la industria aeron&aacute;utica y espacial.<\/p>\n\n\n\n<p>Aerotec Argentina SA es una sociedad comercial de objeto aeron&aacute;utico espec&iacute;fico. Cuenta con Certificado de Explotador de Trabajo A&eacute;reo (CETA) para la realizaci&oacute;n de diversas actividades aerocomerciales. Entre ellas, se destacan aeroaplicaci&oacute;n de fitosanitarios, vigilancia a&eacute;rea de ductos y electroductos, fotograf&iacute;a a&eacute;rea, publicidad a&eacute;rea, liberaci&oacute;n a&eacute;rea de insectos, verificaci&oacute;n de radioayudas a la navegaci&oacute;n a&eacute;rea y realizaci&oacute;n de vuelos tur&iacute;sticos con aeronaves.<\/p>\n\n\n\n<p>Telebit SA es una empresa mendocina fundada en 1993 de servicios y productos vinculados a la ingenier&iacute;a industrial. Hacen hincapi&eacute; en sistemas de instrumentaci&oacute;n y control, telemetr&iacute;a y dise&ntilde;o de equipos especiales para la industria. Cuenta con una importante experiencia en la industria del <em>oil &amp; gas<\/em>, con inserci&oacute;n reciente en la industria aeron&aacute;utica.<\/p>\n\n\n\n<figure class=\"wp-block-gallery columns-3\"><ul class=\"blocks-gallery-grid\"><li class=\"blocks-gallery-item\"><figure><a href=\"https:\/\/www.mendoza.gov.ar\/wp-content\/uploads\/sites\/5\/2024\/04\/3-2.jpg\"><img loading=\"lazy\" width=\"700\" height=\"525\" src=\"https:\/\/www.mendoza.gov.ar\/wp-content\/uploads\/sites\/5\/2024\/04\/3-2-700x525.jpg\" alt=\"\" data-id=\"402950\" data-full-url=\"https:\/\/www.mendoza.gov.ar\/wp-content\/uploads\/sites\/5\/2024\/04\/3-2.jpg\" data-link=\"https:\/\/www.mendoza.gov.ar\/prensa\/?attachment_id=402950\" class=\"wp-image-402950 img-responsive center-block\" srcset=\"https:\/\/www.mendoza.gov.ar\/wp-content\/uploads\/sites\/5\/2024\/04\/3-2-700x525.jpg 700w, https:\/\/www.mendoza.gov.ar\/wp-content\/uploads\/sites\/5\/2024\/04\/3-2-250x188.jpg 250w, https:\/\/www.mendoza.gov.ar\/wp-content\/uploads\/sites\/5\/2024\/04\/3-2-768x576.jpg 768w, https:\/\/www.mendoza.gov.ar\/wp-content\/uploads\/sites\/5\/2024\/04\/3-2-120x90.jpg 120w, https:\/\/www.mendoza.gov.ar\/wp-content\/uploads\/sites\/5\/2024\/04\/3-2.jpg 1249w\" sizes=\"(max-width: 700px) 100vw, 700px\"><\/a><\/figure><\/li><li class=\"blocks-gallery-item\"><figure><a href=\"https:\/\/www.mendoza.gov.ar\/wp-content\/uploads\/sites\/5\/2024\/04\/2-5.jpg\"><img loading=\"lazy\" width=\"700\" height=\"933\" src=\"https:\/\/www.mendoza.gov.ar\/wp-content\/uploads\/sites\/5\/2024\/04\/2-5-700x933.jpg\" alt=\"\" data-id=\"402951\" data-full-url=\"https:\/\/www.mendoza.gov.ar\/wp-content\/uploads\/sites\/5\/2024\/04\/2-5.jpg\" data-link=\"https:\/\/www.mendoza.gov.ar\/prensa\/?attachment_id=402951\" class=\"wp-image-402951 img-responsive center-block\" srcset=\"https:\/\/www.mendoza.gov.ar\/wp-content\/uploads\/sites\/5\/2024\/04\/2-5-700x933.jpg 700w, https:\/\/www.mendoza.gov.ar\/wp-content\/uploads\/sites\/5\/2024\/04\/2-5-250x333.jpg 250w, https:\/\/www.mendoza.gov.ar\/wp-content\/uploads\/sites\/5\/2024\/04\/2-5-120x160.jpg 120w, https:\/\/www.mendoza.gov.ar\/wp-content\/uploads\/sites\/5\/2024\/04\/2-5.jpg 703w\" sizes=\"(max-width: 700px) 100vw, 700px\"><\/a><\/figure><\/li><li class=\"blocks-gallery-item\"><figure><a href=\"https:\/\/www.mendoza.gov.ar\/wp-content\/uploads\/sites\/5\/2024\/04\/1-5.jpg\"><img src=\"https:\/\/www.mendoza.gov.ar\/wp-content\/uploads\/sites\/5\/2024\/04\/1-5-700x525.jpg\" alt=\"\" data-id=\"402952\" data-full-url=\"https:\/\/www.mendoza.gov.ar\/wp-content\/uploads\/sites\/5\/2024\/04\/1-5.jpg\" data-link=\"https:\/\/www.mendoza.gov.ar\/prensa\/?attachment_id=402952\" class=\"wp-image-402952 img-responsive center-block\"><\/a><\/figure><\/li><\/ul><\/figure>\n<\/body><\/html>\n","protected":false},"excerpt":{"rendered":"La Feria Internacional del Aire y del Espacio, que se realiza cada dos a&ntilde;os en Chile, es la principal exhibici&oacute;n aeroespacial, de defensa y seguridad de Am&eacute;rica Latina. Participar&aacute;n tres empresas mendocinas, que llevar&aacute;n muestras de todo lo que se produce aqu&iacute; sobre esta materia. Empresas de Mendoza especializadas en el sector aeron&aacute;utico que participar&aacute;n&#8230; <a class=\"view-article\" href=\"https:\/\/www.mendoza.gov.ar\/prensa\/empresas-aeronauticas-de-mendoza-participaran-de-la-feria-aeroespacial-mas-importante-de-latam\/\"><\/a>","protected":false},"author":63,"featured_media":402952,"comment_status":"open","ping_status":"open","sticky":false,"template":"","format":"standard","meta":[],"categories":[3028],"tags":[],"_links":{"self":[{"href":"https:\/\/www.mendoza.gov.ar\/prensa\/wp-json\/wp\/v2\/posts\/402949"}],"collection":[{"href":"https:\/\/www.mendoza.gov.ar\/prensa\/wp-json\/wp\/v2\/posts"}],"about":[{"href":"https:\/\/www.mendoza.gov.ar\/prensa\/wp-json\/wp\/v2\/types\/post"}],"author":[{"embeddable":true,"href":"https:\/\/www.mendoza.gov.ar\/prensa\/wp-json\/wp\/v2\/users\/63"}],"replies":[{"embeddable":true,"href":"https:\/\/www.mendoza.gov.ar\/prensa\/wp-json\/wp\/v2\/comments?post=402949"}],"version-history":[{"count":4,"href":"https:\/\/www.mendoza.gov.ar\/prensa\/wp-json\/wp\/v2\/posts\/402949\/revisions"}],"predecessor-version":[{"id":402971,"href":"https:\/\/www.mendoza.gov.ar\/prensa\/wp-json\/wp\/v2\/posts\/402949\/revisions\/402971"}],"wp:featuredmedia":[{"embeddable":true,"href":"https:\/\/www.mendoza.gov.ar\/prensa\/wp-json\/wp\/v2\/media\/402952"}],"wp:attachment":[{"href":"https:\/\/www.mendoza.gov.ar\/prensa\/wp-json\/wp\/v2\/media?parent=402949"}],"wp:term":[{"taxonomy":"category","embeddable":true,"href":"https:\/\/www.mendoza.gov.ar\/prensa\/wp-json\/wp\/v2\/categories?post=402949"},{"taxonomy":"post_tag","embeddable":true,"href":"https:\/\/www.mendoza.gov.ar\/prensa\/wp-json\/wp\/v2\/tags?post=402949"}],"curies":[{"name":"wp","href":"https:\/\/api.w.org\/{rel}","templated":true}]}}