{"id":40316,"date":"2015-09-08T13:43:34","date_gmt":"2015-09-08T16:43:34","guid":{"rendered":"http:\/\/prensa.mendoza.gov.ar\/?p=40316"},"modified":"2015-09-08T13:43:34","modified_gmt":"2015-09-08T16:43:34","slug":"la-red-electrica-convencional-se-vera-fortalecida-por-el-nuevo-sistema-de-generacion-distribuida","status":"publish","type":"post","link":"https:\/\/www.mendoza.gov.ar\/prensa\/la-red-electrica-convencional-se-vera-fortalecida-por-el-nuevo-sistema-de-generacion-distribuida\/","title":{"rendered":"La red el\u00e9ctrica convencional se ver\u00e1 fortalecida por el nuevo sistema de Generaci\u00f3n Distribuida"},"content":{"rendered":"<!DOCTYPE html PUBLIC \"-\/\/W3C\/\/DTD HTML 4.0 Transitional\/\/EN\" \"http:\/\/www.w3.org\/TR\/REC-html40\/loose.dtd\">\n<html><body><p>Los mendocinos ya podr&aacute;n inyectar energ&iacute;a limpia a la red de media y baja tensi&oacute;n para que su aporte comience a ser resarcido en la tarifa el&eacute;ctrica, seg&uacute;n la reglamentaci&oacute;n. Por ello, las distribuidoras el&eacute;ctricas que operan en la provincia tiene todo listo para arrancar con esta nueva modalidad, ya que tras un per&iacute;odo de adecuaci&oacute;n seg&uacute;n establece la ley, las partes intervinientes, tanto el Ministerio de Energ&iacute;a, el EPRE, empresas distribuidoras y en este caso se sum&oacute; el Consejo de Ingenieros de Mendoza, se comprometieron a dar alcance sobre la nueva normativa y llevar adelante este promisorio sistema el&eacute;ctrico.<\/p>\n<p>Este proceso hist&oacute;rico, marca a Mendoza como la tercera provincia del pa&iacute;s, junto a Santa Fe y Salta, en reglamentar una ley provincial que le permita a la ciudadan&iacute;a volcar energ&iacute;a limpia generada por medio de fuentes de energ&iacute;a renovable a la red de media y baja tensi&oacute;n y reconocerle lo aportado dentro de la tarifa el&eacute;ctrica.<\/p>\n<div>El convenio firmado apunta a establecer relaciones con los t&eacute;cnicos del Consejo de Ingenieros de Mendoza y las autoridades del Ministerio de Energ&iacute;a, junto a otros organismos competentes de la provincia, en especial el EPRE, para promover, contribuir y facilitar el estudio y aplicaci&oacute;n de la normativa relacionada con la energ&iacute;a el&eacute;ctrica y la Ingenier&iacute;a en general.Las instituciones intervinientes est&aacute;n en condiciones legales de establecer lazos formales de cooperaci&oacute;n con acciones concretas para la aplicaci&oacute;n y desarrollo de actividades t&eacute;cnicas, cient&iacute;ficas y de divulgaci&oacute;n relacionadas con el uso eficiente y racional de la energ&iacute;a el&eacute;ctrica, el empleo de fuentes renovables y la innovaci&oacute;n tecnol&oacute;gica. Este compromiso se enmarca en un amplio proceso de cooperaci&oacute;n en actividades de mutuo inter&eacute;s.\n<\/div>\n<p>En este sentido, el ministro de Energ&iacute;a de la provincia, Marcos Zandomeni, indic&oacute; que &ldquo;el esfuerzo que venimos haciendo con los dem&aacute;s actores que intervienen en el negocio el&eacute;ctrico, ya est&aacute;n dando sus frutos en Mendoza y estamos muy contentos y orgullosos por este importante paso que se ha dado para el desarrollo del sistema energ&eacute;tico provincial&rdquo;.<\/p>\n<p>Adem&aacute;s, Zandomeni se&ntilde;al&oacute; que &ldquo;estamos listo para la implementaci&oacute;n de estas nuevas tecnolog&iacute;as y la puesta en funcionamiento del Comit&eacute; T&eacute;cnico, con la firme colaboraci&oacute;n del Consejo de Ingenieros de Mendoza, pensando en este nuevo mercado dom&eacute;stico, es decir, la inserci&oacute;n de usuarios colectivos que puedan vender lo generado al Estado provincial&rdquo;.<\/p>\n<p>Para que esta iniciativa traccione sin inconvenientes en el tiempo, son necesarias las inversiones y los programas nacionales y provinciales, ya que esto refleja el uso de interconexi&oacute;n de sistemas fotovoltaicos como red el&eacute;ctrica en distintos ambientes urbanos o rurales. Por ello, tras la reglamentaci&oacute;n de GD a trav&eacute;s de la Norma 19 de EPRE, que ya est&aacute; en marcha, por lo que permiti&oacute; realizar un gran paso a la &ldquo;democratizaci&oacute;n de la energ&iacute;a&rdquo;.<\/p>\n<p><strong>Procedimiento del volcado<\/strong><\/p>\n<p>No obstante, mediante resoluci&oacute;n del EPRE, se detalla que &ldquo;los usuarios con suministro en baja tensi&oacute;n no podr&aacute;n conectar EG &ndash;Equipamiento de Generaci&oacute;n, es decir, la fuente con la que el usuario pretenda volcar la energ&iacute;a a la red- con potencia nominal mayor que 300 Kw. La generaci&oacute;n para todas las potencias debe ser trif&aacute;sica y menor o igual a 3,7 Kw por hora&rdquo;.<\/p>\n<p>Mediante el Ministerio de Energ&iacute;a, empresas distribuidoras ser&aacute;n las encargadas de permitir y facilitar a los usuarios las conexiones de los equipamientos de generaci&oacute;n de energ&iacute;a a las redes. Del mismo modo, deber&aacute;n advertir a los usuarios sobre las normas de seguridad con las que deber&aacute;n manejarse, de no ser respetadas, podr&iacute;an da&ntilde;arse las l&iacute;neas y los clientes ser penados. En cada caso, se establecer&aacute;n Contratos de Conexi&oacute;n particulares entre las empresas distribuidoras de energ&iacute;a el&eacute;ctrica y los usuarios que pretendan hacer el vuelque.<\/p>\n<\/body><\/html>\n","protected":false},"excerpt":{"rendered":"En la Provincia ya se puede utilizar energ\u00edas alternativas para el fortalecimiento integral y el desarrollo de la actividad econ\u00f3mica, impulsado por el aporte de la descentralizaci\u00f3n del sistema energ\u00e9tico mendocino.","protected":false},"author":3,"featured_media":40433,"comment_status":"open","ping_status":"open","sticky":false,"template":"","format":"standard","meta":[],"categories":[1],"tags":[],"_links":{"self":[{"href":"https:\/\/www.mendoza.gov.ar\/prensa\/wp-json\/wp\/v2\/posts\/40316"}],"collection":[{"href":"https:\/\/www.mendoza.gov.ar\/prensa\/wp-json\/wp\/v2\/posts"}],"about":[{"href":"https:\/\/www.mendoza.gov.ar\/prensa\/wp-json\/wp\/v2\/types\/post"}],"author":[{"embeddable":true,"href":"https:\/\/www.mendoza.gov.ar\/prensa\/wp-json\/wp\/v2\/users\/3"}],"replies":[{"embeddable":true,"href":"https:\/\/www.mendoza.gov.ar\/prensa\/wp-json\/wp\/v2\/comments?post=40316"}],"version-history":[{"count":0,"href":"https:\/\/www.mendoza.gov.ar\/prensa\/wp-json\/wp\/v2\/posts\/40316\/revisions"}],"wp:featuredmedia":[{"embeddable":true,"href":"https:\/\/www.mendoza.gov.ar\/prensa\/wp-json\/wp\/v2\/media\/40433"}],"wp:attachment":[{"href":"https:\/\/www.mendoza.gov.ar\/prensa\/wp-json\/wp\/v2\/media?parent=40316"}],"wp:term":[{"taxonomy":"category","embeddable":true,"href":"https:\/\/www.mendoza.gov.ar\/prensa\/wp-json\/wp\/v2\/categories?post=40316"},{"taxonomy":"post_tag","embeddable":true,"href":"https:\/\/www.mendoza.gov.ar\/prensa\/wp-json\/wp\/v2\/tags?post=40316"}],"curies":[{"name":"wp","href":"https:\/\/api.w.org\/{rel}","templated":true}]}}