{"id":403870,"date":"2024-04-12T19:16:05","date_gmt":"2024-04-12T22:16:05","guid":{"rendered":"https:\/\/www.mendoza.gov.ar\/prensa\/?p=403870"},"modified":"2024-04-12T19:16:06","modified_gmt":"2024-04-12T22:16:06","slug":"energia-y-ambiente-firmo-un-convenio-para-que-los-estudiantes-de-la-tecnicatura-superior-en-mineria-realicen-sus-practicas-profesionales","status":"publish","type":"post","link":"https:\/\/www.mendoza.gov.ar\/prensa\/energia-y-ambiente-firmo-un-convenio-para-que-los-estudiantes-de-la-tecnicatura-superior-en-mineria-realicen-sus-practicas-profesionales\/","title":{"rendered":"Energ\u00eda y Ambiente firm\u00f3 un convenio para que los estudiantes de la Tecnicatura Superior en Miner\u00eda realicen sus pr\u00e1cticas profesionales"},"content":{"rendered":"<!DOCTYPE html PUBLIC \"-\/\/W3C\/\/DTD HTML 4.0 Transitional\/\/EN\" \"http:\/\/www.w3.org\/TR\/REC-html40\/loose.dtd\">\n<html><body><p><strong>Se realiz&oacute; entre el Instituto de Educaci&oacute;n Superior 9-019 dependiente de la Coordinaci&oacute;n General de Educaci&oacute;n Superior, la Direcci&oacute;n General de Escuelas de la Provincia de Mendoza&nbsp; y la Direcci&oacute;n de Miner&iacute;a dependiente del Ministerio de Energ&iacute;a y Ambiente.<\/strong><\/p>\n\n\n\n<p>La Direcci&oacute;n de Miner&iacute;a recibi&oacute; directivos del Instituto Superior Tecnol&oacute;gico junto con tres alumnos de la Tecnicatura Superior en Miner&iacute;a para suscribir un convenio de &ldquo;pr&aacute;cticas profesionalizantes&rdquo; gracias al cual, alumnos de dicha tecnicatura podr&aacute;n realizar sus pr&aacute;cticas en las instalaciones de la Direcci&oacute;n de Miner&iacute;a.<\/p>\n\n\n\n<p>&ldquo;Son alumnos del &uacute;ltimo a&ntilde;o de la tecnicatura, est&aacute;n iniciando sus pr&aacute;cticas y por lo pronto van a comenzar a trabajar en el proceso y puesta a punto de la explotaci&oacute;n de talco y todo lo que implica el proceso para establecer la calidad de dicho mineral&rdquo;, asegur&oacute; Jer&oacute;nimo Shantal.<\/p>\n\n\n\n<p>M&aacute;s adelante, el responsable de la Direcci&oacute;n de Miner&iacute;a resalt&oacute; que &ldquo;esto es un paso muy importante para vincular a la comunidad educativa con las autoridades de control y con el ejercicio de las pr&aacute;cticas de los futuros t&eacute;cnicos que el d&iacute;a de ma&ntilde;ana trabajar&aacute;n en las empresa mineras de Mendoza y Argentina&rdquo;.<\/p>\n\n\n\n<p>La pr&aacute;ctica se realizar&aacute; durante los d&iacute;as h&aacute;biles de la semana, entre lunes y viernes desde las 9 y hasta las 14. Lacarga horaria no puede exceder las seis horas diarias.<\/p>\n\n\n\n<p><strong>Caben destacar los siguientes puntos del convenio:<\/strong><\/p>\n\n\n\n<p>Trat&aacute;ndose estas pr&aacute;cticas de una actividad curricular prevista en el Plan de estudio vigente, los objetivos prioritarios del presente convenio se hallan orientados a la posibilidad de brindar a los alumnos del Instituto, la oportunidad de poner en pr&aacute;ctica los conocimientos adquiridos durante su formaci&oacute;n de nivel superior contribuyendo a una mejor inversi&oacute;n en el mercado laboral.- Estas Pr&aacute;cticas Educativas del tipo laboral no generan entre las partes intervinientes de&nbsp; relaci&oacute;n de dependencia alguna.&nbsp;<\/p>\n\n\n\n<p>&#8288;Los&nbsp; instructores&nbsp; y&nbsp; alumnos,&nbsp; durante&nbsp; el&nbsp; tiempo&nbsp; en que efectivamente se desarrolla la actividad, pertenecen al Sistema Educativo de la Coordinaci&oacute;n General de Educaci&oacute;n Superior, Direcci&oacute;n General de Escuelas de la Provincia de Mendoza.<\/p>\n\n\n\n<p>&#8288;Los alumnos menores de edad deber&aacute;n contar con autorizaci&oacute;n escrita de sus padres o tutores.<\/p>\n\n\n\n<p>&#8288;El seguimiento y evaluaci&oacute;n del alumno estar&aacute; a cargo del Instituto.<\/p>\n\n\n\n<p>&#8288;La Empresa podr&aacute; designar un Instructor para coordinar la pr&aacute;ctica, asistir al alumno e interactuar con el profesor.<\/p>\n\n\n\n<p>&#8288;Con una anticipaci&oacute;n no menor a 15 d&iacute;as, el Instituto, har&aacute; conocer a la Direcci&oacute;n la identidad de los alumnos que participar&aacute;n.<\/p>\n\n\n\n<p>&#8288;AI finalizar la pr&aacute;ctica, el Instituto y la Empresa, otorgar&aacute;n conjuntamente un certificado donde se acrediten las tareas realizadas y el tiempo dedicado.<\/p>\n\n\n\n<figure class=\"wp-block-gallery columns-3 is-cropped\"><ul class=\"blocks-gallery-grid\"><li class=\"blocks-gallery-item\"><figure><a href=\"https:\/\/www.mendoza.gov.ar\/wp-content\/uploads\/sites\/5\/2024\/04\/Imagen-de-WhatsApp-2024-04-12-a-las-18.34.12_3ac423d2.jpg\"><img loading=\"lazy\" width=\"700\" height=\"525\" src=\"https:\/\/www.mendoza.gov.ar\/wp-content\/uploads\/sites\/5\/2024\/04\/Imagen-de-WhatsApp-2024-04-12-a-las-18.34.12_3ac423d2-700x525.jpg\" alt=\"\" data-id=\"403871\" data-full-url=\"https:\/\/www.mendoza.gov.ar\/wp-content\/uploads\/sites\/5\/2024\/04\/Imagen-de-WhatsApp-2024-04-12-a-las-18.34.12_3ac423d2.jpg\" data-link=\"https:\/\/www.mendoza.gov.ar\/prensa\/?attachment_id=403871\" class=\"wp-image-403871 img-responsive center-block\" srcset=\"https:\/\/www.mendoza.gov.ar\/wp-content\/uploads\/sites\/5\/2024\/04\/Imagen-de-WhatsApp-2024-04-12-a-las-18.34.12_3ac423d2-700x525.jpg 700w, https:\/\/www.mendoza.gov.ar\/wp-content\/uploads\/sites\/5\/2024\/04\/Imagen-de-WhatsApp-2024-04-12-a-las-18.34.12_3ac423d2-250x188.jpg 250w, https:\/\/www.mendoza.gov.ar\/wp-content\/uploads\/sites\/5\/2024\/04\/Imagen-de-WhatsApp-2024-04-12-a-las-18.34.12_3ac423d2-768x576.jpg 768w, https:\/\/www.mendoza.gov.ar\/wp-content\/uploads\/sites\/5\/2024\/04\/Imagen-de-WhatsApp-2024-04-12-a-las-18.34.12_3ac423d2-1536x1152.jpg 1536w, https:\/\/www.mendoza.gov.ar\/wp-content\/uploads\/sites\/5\/2024\/04\/Imagen-de-WhatsApp-2024-04-12-a-las-18.34.12_3ac423d2-120x90.jpg 120w, https:\/\/www.mendoza.gov.ar\/wp-content\/uploads\/sites\/5\/2024\/04\/Imagen-de-WhatsApp-2024-04-12-a-las-18.34.12_3ac423d2.jpg 1600w\" sizes=\"(max-width: 700px) 100vw, 700px\"><\/a><\/figure><\/li><li class=\"blocks-gallery-item\"><figure><a href=\"https:\/\/www.mendoza.gov.ar\/wp-content\/uploads\/sites\/5\/2024\/04\/Imagen-de-WhatsApp-2024-04-12-a-las-18.34.13_213fcd07.jpg\"><img loading=\"lazy\" width=\"700\" height=\"610\" src=\"https:\/\/www.mendoza.gov.ar\/wp-content\/uploads\/sites\/5\/2024\/04\/Imagen-de-WhatsApp-2024-04-12-a-las-18.34.13_213fcd07-700x610.jpg\" alt=\"\" data-id=\"403872\" data-full-url=\"https:\/\/www.mendoza.gov.ar\/wp-content\/uploads\/sites\/5\/2024\/04\/Imagen-de-WhatsApp-2024-04-12-a-las-18.34.13_213fcd07.jpg\" data-link=\"https:\/\/www.mendoza.gov.ar\/prensa\/?attachment_id=403872\" class=\"wp-image-403872 img-responsive center-block\" srcset=\"https:\/\/www.mendoza.gov.ar\/wp-content\/uploads\/sites\/5\/2024\/04\/Imagen-de-WhatsApp-2024-04-12-a-las-18.34.13_213fcd07-700x610.jpg 700w, https:\/\/www.mendoza.gov.ar\/wp-content\/uploads\/sites\/5\/2024\/04\/Imagen-de-WhatsApp-2024-04-12-a-las-18.34.13_213fcd07-250x218.jpg 250w, https:\/\/www.mendoza.gov.ar\/wp-content\/uploads\/sites\/5\/2024\/04\/Imagen-de-WhatsApp-2024-04-12-a-las-18.34.13_213fcd07-768x669.jpg 768w, https:\/\/www.mendoza.gov.ar\/wp-content\/uploads\/sites\/5\/2024\/04\/Imagen-de-WhatsApp-2024-04-12-a-las-18.34.13_213fcd07-1536x1338.jpg 1536w, https:\/\/www.mendoza.gov.ar\/wp-content\/uploads\/sites\/5\/2024\/04\/Imagen-de-WhatsApp-2024-04-12-a-las-18.34.13_213fcd07-120x105.jpg 120w, https:\/\/www.mendoza.gov.ar\/wp-content\/uploads\/sites\/5\/2024\/04\/Imagen-de-WhatsApp-2024-04-12-a-las-18.34.13_213fcd07.jpg 1600w\" sizes=\"(max-width: 700px) 100vw, 700px\"><\/a><\/figure><\/li><li class=\"blocks-gallery-item\"><figure><a href=\"https:\/\/www.mendoza.gov.ar\/wp-content\/uploads\/sites\/5\/2024\/04\/Imagen-de-WhatsApp-2024-04-12-a-las-18.34.13_2866fadf.jpg\"><img loading=\"lazy\" width=\"700\" height=\"933\" src=\"https:\/\/www.mendoza.gov.ar\/wp-content\/uploads\/sites\/5\/2024\/04\/Imagen-de-WhatsApp-2024-04-12-a-las-18.34.13_2866fadf-700x933.jpg\" alt=\"\" data-id=\"403873\" data-full-url=\"https:\/\/www.mendoza.gov.ar\/wp-content\/uploads\/sites\/5\/2024\/04\/Imagen-de-WhatsApp-2024-04-12-a-las-18.34.13_2866fadf.jpg\" data-link=\"https:\/\/www.mendoza.gov.ar\/prensa\/?attachment_id=403873\" class=\"wp-image-403873 img-responsive center-block\" srcset=\"https:\/\/www.mendoza.gov.ar\/wp-content\/uploads\/sites\/5\/2024\/04\/Imagen-de-WhatsApp-2024-04-12-a-las-18.34.13_2866fadf-700x933.jpg 700w, https:\/\/www.mendoza.gov.ar\/wp-content\/uploads\/sites\/5\/2024\/04\/Imagen-de-WhatsApp-2024-04-12-a-las-18.34.13_2866fadf-250x333.jpg 250w, https:\/\/www.mendoza.gov.ar\/wp-content\/uploads\/sites\/5\/2024\/04\/Imagen-de-WhatsApp-2024-04-12-a-las-18.34.13_2866fadf-768x1024.jpg 768w, https:\/\/www.mendoza.gov.ar\/wp-content\/uploads\/sites\/5\/2024\/04\/Imagen-de-WhatsApp-2024-04-12-a-las-18.34.13_2866fadf-1152x1536.jpg 1152w, https:\/\/www.mendoza.gov.ar\/wp-content\/uploads\/sites\/5\/2024\/04\/Imagen-de-WhatsApp-2024-04-12-a-las-18.34.13_2866fadf-120x160.jpg 120w, https:\/\/www.mendoza.gov.ar\/wp-content\/uploads\/sites\/5\/2024\/04\/Imagen-de-WhatsApp-2024-04-12-a-las-18.34.13_2866fadf.jpg 1200w\" sizes=\"(max-width: 700px) 100vw, 700px\"><\/a><\/figure><\/li><li class=\"blocks-gallery-item\"><figure><a href=\"https:\/\/www.mendoza.gov.ar\/wp-content\/uploads\/sites\/5\/2024\/04\/Imagen-de-WhatsApp-2024-04-12-a-las-18.34.13_59735bf6.jpg\"><img loading=\"lazy\" width=\"700\" height=\"933\" src=\"https:\/\/www.mendoza.gov.ar\/wp-content\/uploads\/sites\/5\/2024\/04\/Imagen-de-WhatsApp-2024-04-12-a-las-18.34.13_59735bf6-700x933.jpg\" alt=\"\" data-id=\"403874\" data-full-url=\"https:\/\/www.mendoza.gov.ar\/wp-content\/uploads\/sites\/5\/2024\/04\/Imagen-de-WhatsApp-2024-04-12-a-las-18.34.13_59735bf6.jpg\" data-link=\"https:\/\/www.mendoza.gov.ar\/prensa\/?attachment_id=403874\" class=\"wp-image-403874 img-responsive center-block\" srcset=\"https:\/\/www.mendoza.gov.ar\/wp-content\/uploads\/sites\/5\/2024\/04\/Imagen-de-WhatsApp-2024-04-12-a-las-18.34.13_59735bf6-700x933.jpg 700w, https:\/\/www.mendoza.gov.ar\/wp-content\/uploads\/sites\/5\/2024\/04\/Imagen-de-WhatsApp-2024-04-12-a-las-18.34.13_59735bf6-250x333.jpg 250w, https:\/\/www.mendoza.gov.ar\/wp-content\/uploads\/sites\/5\/2024\/04\/Imagen-de-WhatsApp-2024-04-12-a-las-18.34.13_59735bf6-768x1024.jpg 768w, https:\/\/www.mendoza.gov.ar\/wp-content\/uploads\/sites\/5\/2024\/04\/Imagen-de-WhatsApp-2024-04-12-a-las-18.34.13_59735bf6-1152x1536.jpg 1152w, https:\/\/www.mendoza.gov.ar\/wp-content\/uploads\/sites\/5\/2024\/04\/Imagen-de-WhatsApp-2024-04-12-a-las-18.34.13_59735bf6-120x160.jpg 120w, https:\/\/www.mendoza.gov.ar\/wp-content\/uploads\/sites\/5\/2024\/04\/Imagen-de-WhatsApp-2024-04-12-a-las-18.34.13_59735bf6.jpg 1200w\" sizes=\"(max-width: 700px) 100vw, 700px\"><\/a><\/figure><\/li><\/ul><\/figure>\n<\/body><\/html>\n","protected":false},"excerpt":{"rendered":"Se realiz&oacute; entre el Instituto de Educaci&oacute;n Superior 9-019 dependiente de la Coordinaci&oacute;n General de Educaci&oacute;n Superior, la Direcci&oacute;n General de Escuelas de la Provincia de Mendoza&nbsp; y la Direcci&oacute;n de Miner&iacute;a dependiente del Ministerio de Energ&iacute;a y Ambiente. La Direcci&oacute;n de Miner&iacute;a recibi&oacute; directivos del Instituto Superior Tecnol&oacute;gico junto con tres alumnos de la&#8230; <a class=\"view-article\" href=\"https:\/\/www.mendoza.gov.ar\/prensa\/energia-y-ambiente-firmo-un-convenio-para-que-los-estudiantes-de-la-tecnicatura-superior-en-mineria-realicen-sus-practicas-profesionales\/\"><\/a>","protected":false},"author":78,"featured_media":403871,"comment_status":"open","ping_status":"open","sticky":false,"template":"","format":"standard","meta":[],"categories":[3,3042],"tags":[],"_links":{"self":[{"href":"https:\/\/www.mendoza.gov.ar\/prensa\/wp-json\/wp\/v2\/posts\/403870"}],"collection":[{"href":"https:\/\/www.mendoza.gov.ar\/prensa\/wp-json\/wp\/v2\/posts"}],"about":[{"href":"https:\/\/www.mendoza.gov.ar\/prensa\/wp-json\/wp\/v2\/types\/post"}],"author":[{"embeddable":true,"href":"https:\/\/www.mendoza.gov.ar\/prensa\/wp-json\/wp\/v2\/users\/78"}],"replies":[{"embeddable":true,"href":"https:\/\/www.mendoza.gov.ar\/prensa\/wp-json\/wp\/v2\/comments?post=403870"}],"version-history":[{"count":2,"href":"https:\/\/www.mendoza.gov.ar\/prensa\/wp-json\/wp\/v2\/posts\/403870\/revisions"}],"predecessor-version":[{"id":403876,"href":"https:\/\/www.mendoza.gov.ar\/prensa\/wp-json\/wp\/v2\/posts\/403870\/revisions\/403876"}],"wp:featuredmedia":[{"embeddable":true,"href":"https:\/\/www.mendoza.gov.ar\/prensa\/wp-json\/wp\/v2\/media\/403871"}],"wp:attachment":[{"href":"https:\/\/www.mendoza.gov.ar\/prensa\/wp-json\/wp\/v2\/media?parent=403870"}],"wp:term":[{"taxonomy":"category","embeddable":true,"href":"https:\/\/www.mendoza.gov.ar\/prensa\/wp-json\/wp\/v2\/categories?post=403870"},{"taxonomy":"post_tag","embeddable":true,"href":"https:\/\/www.mendoza.gov.ar\/prensa\/wp-json\/wp\/v2\/tags?post=403870"}],"curies":[{"name":"wp","href":"https:\/\/api.w.org\/{rel}","templated":true}]}}