{"id":40392,"date":"2015-09-10T07:21:15","date_gmt":"2015-09-10T10:21:15","guid":{"rendered":"http:\/\/prensa.mendoza.gov.ar\/?p=40392"},"modified":"2015-09-10T07:21:15","modified_gmt":"2015-09-10T10:21:15","slug":"perez-y-bermejo-firmaron-el-inicio-de-obra-del-carril-gomez-de-maipu","status":"publish","type":"post","link":"https:\/\/www.mendoza.gov.ar\/prensa\/perez-y-bermejo-firmaron-el-inicio-de-obra-del-carril-gomez-de-maipu\/","title":{"rendered":"P\u00e9rez y Bermejo firmaron el inicio de obra del Carril G\u00f3mez de Maip\u00fa"},"content":{"rendered":"<!DOCTYPE html PUBLIC \"-\/\/W3C\/\/DTD HTML 4.0 Transitional\/\/EN\" \"http:\/\/www.w3.org\/TR\/REC-html40\/loose.dtd\">\n<html><body><p>El gobernador Francisco P&eacute;rez y el intendente de Maipu, Alejandro Bermejo, firmaron en el municipio, el contrato de inicio de la obra que comprende la repavimentaci&oacute;n del carril G&oacute;mez (Ruta Provincial N&ordm;6), en el tramo que une las calles Maza y Ruiz, adem&aacute;s de una serie de obras complementarias que se desarrollar&aacute;n hasta la intersecci&oacute;n con calle Urquiza.<\/p>\n<p>Esta&nbsp;obra permitir&aacute; optimizar la circulaci&oacute;n a trav&eacute;s de uno de los ejes viales con mayor caudal de tr&aacute;nsito del radio urbano de Maip&uacute; y esencial para el sector productivo del departamento.<\/p>\n<p>En la oportunidad, P&eacute;rez expres&oacute;: &ldquo;Esta es una importante obra para la vinculaci&oacute;n oeste-este en Maip&uacute;. Le pedimos disculpas a los vecinos por la demora en el inicio pero luego de haber sorteado ciertos inconvenientes hoy podemos estar satisfechos de haber cumplido con los maipucinos y con el municipio.<\/p>\n<p>&ldquo;El Carril G&oacute;mez une una importante arteria como el carril Urquiza con un sector industrial de gran importancia como es FECOVITA. De esta forma, adem&aacute;s de fortalecer la traza vial en un sector productivo, mejoraremos la circulaci&oacute;n para los habitantes de una zona que, en los &uacute;ltimos tiempos, ha crecido demogr&aacute;ficamente&rdquo;, finaliz&oacute; el Gobernador.<\/p>\n<p>Asistieron al acto, adem&aacute;s, el ministro de Infraestructura, Rolando Baldasso; el director de Vialidad Provincial, Enrique Soler; al igual que legisladores provinciales y concejales del Departamento.<\/p>\n<p><strong>Las obras<\/strong><\/p>\n<p>Los trabajos a ejecutar contemplan la construcci&oacute;n de una nueva carpeta de concreto asf&aacute;ltico, pavimentaci&oacute;n de las banquinas y la ampliaci&oacute;n de la calzada a 7 metros (dos trochas de 3,5 metros cada una), adem&aacute;s de la construcci&oacute;n de d&aacute;rsenas para las paradas que habitualmente utiliza el transporte p&uacute;blico de pasajeros.<\/p>\n<p>Desde Vialidad Provincial se indic&oacute; que si bien el carril G&oacute;mez conserva un sistema de drenaje que funciona sin inconvenientes, la obra prev&eacute; la construcci&oacute;n de alcantarillas, el revestimiento de la hijuela de riego ubicada en el costado norte del carril, adem&aacute;s del sellado de juntas y fisuras de las cunetas que ya fueron construidas en el costado sur del mismo.<\/p>\n<p>La obra comprende tambi&eacute;n la construcci&oacute;n de una uni&oacute;n de la red cloacal entre calles Maza y Pescara y la renovaci&oacute;n y construcci&oacute;n de la red de agua que se ubica en el sector.<\/p>\n<p>En el mismo sentido, los trabajos incluyen la construcci&oacute;n de un nexo de red de efluentes industriales que se extender&aacute; desde la salida de FECOVITA hasta la planta de tratamiento de efluentes ubicada en la progresiva 1460 del carril.<\/p>\n<p>El proyecto tambi&eacute;n incluye la previsi&oacute;n para la colocaci&oacute;n de sem&aacute;foros en las intersecciones, el recambio de los artefactos de iluminaci&oacute;n, la demarcaci&oacute;n horizontal y la colocaci&oacute;n de se&ntilde;alizaci&oacute;n vertical.<\/p>\n<p>Los trabajos estar&aacute;n a cargo de la firma constructora Genco SA, cuentan con un plazo de ejecuci&oacute;n de 210 d&iacute;as corridos y la inversi&oacute;n asciende a $ 25.153.094,98<\/p>\n<p>&nbsp;<\/p>\n<\/body><\/html>\n","protected":false},"excerpt":{"rendered":"La obra se extender\u00e1 desde Maza hasta Urquiza y tiene como objetivo mejorar la seguridad y comodidad de los usuarios del departamento y zonas de influencia. La inversi\u00f3n supera los $ 25 millones.","protected":false},"author":3,"featured_media":40428,"comment_status":"open","ping_status":"open","sticky":false,"template":"","format":"standard","meta":[],"categories":[1],"tags":[],"_links":{"self":[{"href":"https:\/\/www.mendoza.gov.ar\/prensa\/wp-json\/wp\/v2\/posts\/40392"}],"collection":[{"href":"https:\/\/www.mendoza.gov.ar\/prensa\/wp-json\/wp\/v2\/posts"}],"about":[{"href":"https:\/\/www.mendoza.gov.ar\/prensa\/wp-json\/wp\/v2\/types\/post"}],"author":[{"embeddable":true,"href":"https:\/\/www.mendoza.gov.ar\/prensa\/wp-json\/wp\/v2\/users\/3"}],"replies":[{"embeddable":true,"href":"https:\/\/www.mendoza.gov.ar\/prensa\/wp-json\/wp\/v2\/comments?post=40392"}],"version-history":[{"count":0,"href":"https:\/\/www.mendoza.gov.ar\/prensa\/wp-json\/wp\/v2\/posts\/40392\/revisions"}],"wp:featuredmedia":[{"embeddable":true,"href":"https:\/\/www.mendoza.gov.ar\/prensa\/wp-json\/wp\/v2\/media\/40428"}],"wp:attachment":[{"href":"https:\/\/www.mendoza.gov.ar\/prensa\/wp-json\/wp\/v2\/media?parent=40392"}],"wp:term":[{"taxonomy":"category","embeddable":true,"href":"https:\/\/www.mendoza.gov.ar\/prensa\/wp-json\/wp\/v2\/categories?post=40392"},{"taxonomy":"post_tag","embeddable":true,"href":"https:\/\/www.mendoza.gov.ar\/prensa\/wp-json\/wp\/v2\/tags?post=40392"}],"curies":[{"name":"wp","href":"https:\/\/api.w.org\/{rel}","templated":true}]}}