{"id":403950,"date":"2024-04-13T19:11:22","date_gmt":"2024-04-13T22:11:22","guid":{"rendered":"https:\/\/www.mendoza.gov.ar\/prensa\/?p=403950"},"modified":"2024-04-13T19:11:24","modified_gmt":"2024-04-13T22:11:24","slug":"importante-mision-de-promocion-turistica-de-mendoza-en-peru","status":"publish","type":"post","link":"https:\/\/www.mendoza.gov.ar\/prensa\/importante-mision-de-promocion-turistica-de-mendoza-en-peru\/","title":{"rendered":"Importante misi\u00f3n de promoci\u00f3n tur\u00edstica de Mendoza en Per\u00fa"},"content":{"rendered":"<!DOCTYPE html PUBLIC \"-\/\/W3C\/\/DTD HTML 4.0 Transitional\/\/EN\" \"http:\/\/www.w3.org\/TR\/REC-html40\/loose.dtd\">\n<html><body><h5><strong>En el marco del Programa anual de promoci&oacute;n tur&iacute;stica de nuestra provincia, que apuesta a mercados extranjeros clave, con potencial de aumentar la atracci&oacute;n de nuevos visitantes, los d&iacute;as 11 y 12 de abril, Mendoza particip&oacute; en la VI Feria Nacional e Internacional de Turismo APAVIT, en Lima. Adem&aacute;s de contar con un stand institucional de Mendoza, la presidenta del EMETUR mantuvo reuniones estrat&eacute;gicas.<\/strong><\/h5>\n\n\n\n<p>La VI Feria Nacional e Internacional de Turismo APAVIT, Asociaci&oacute;n Peruana de Agencias de Viaje y Turismo, considerada una de las m&aacute;s importantes del sector, en el hermano pa&iacute;s, est&aacute; dirigida a agencias de viajes, para su capacitaci&oacute;n y al p&uacute;blico en general, que busca conocer nuevos destinos para sus futuros viajes.<\/p>\n\n\n\n<p>Nuestra provincia particip&oacute; con un stand institucional para promocionar toda la provincia, mientras que, en representaci&oacute;n del sector privado, asisti&oacute; la empresa Aymar&aacute; viajes, con su propio stand.&nbsp;<\/p>\n\n\n\n<p>Desde la organizaci&oacute;n detallaron que se sumaron m&aacute;s de 140 expositores nacionales y extranjeros. Seg&uacute;n se&ntilde;alaron desde APAVIT, este evento, adem&aacute;s de ofrecer la oportunidad de fortalecer relaciones comerciales y reactivar el turismo, permiti&oacute; que los expositores pudieran ampliar su red de contactos con agencias de viajes, hoteles, l&iacute;neas a&eacute;reas y m&aacute;s. La feria tambi&eacute;n brind&oacute; acceso a presentaciones de ejecutivos de alto nivel y nuevas oportunidades de inversi&oacute;n, atrayendo a 1500 l&iacute;deres empresariales y autoridades del sector p&uacute;blico y privado, as&iacute; como a los principales medios de comunicaci&oacute;n tur&iacute;stica.<\/p>\n\n\n\n<p>La misi&oacute;n en Per&uacute; incluy&oacute;, adem&aacute;s de la participaci&oacute;n del evento de APAVYT, una serie de reuniones clave con distintos organismos oficiales, para trabajar de forma cooperativa y potenciar las recursos destinados a la promoci&oacute;n de la provincia, en un mercado extranjero con el que Mendoza se encuentra conectado con un vuelo directo de 3 horas y asimismo con varias opciones, con escala en Santiago de Chile.<\/p>\n\n\n\n<p>Ya de regreso en nuestra provincia, la presidenta del EMETUR, Gabriela Testa se&ntilde;al&oacute; al respecto: &ldquo;Fue una breve y provechosa misi&oacute;n, ya que no solo participamos con una profesional del organismo atendiendo las inquietudes de agentes de viajes, prensa y potenciales turistas, en la feria de APAVIT, sino que se lograron reuniones clave con organismo de gran experiencia en la materia, como es PromPer&uacute;, para fortalecer el desarrollo tur&iacute;stico de Mendoza y para alcanzar el objetivo final de lograr una mayor afluencia de visitantes extranjeros, fundamentalmente en un a&ntilde;o particularmente complicado para el mercado de turistas nacionales.&rdquo;<\/p>\n\n\n\n<p>&ldquo;Es muy importante para un Gobierno regional como el de Mendoza el lograr reuniones con las autoridades de PROMPER&Uacute;; MINCETUR o el Ministerio de Relaciones Exteriores. Estos encuentros estrat&eacute;gicos van a beneficiar al sector tur&iacute;stico mendocino&rdquo;, agreg&oacute; Testa.<\/p>\n\n\n\n<p><strong>Reuniones estrat&eacute;gicas<\/strong><\/p>\n\n\n\n<p>Como parte de las acciones enmarcadas en la misi&oacute;n, la presidenta del Ente Mendoza Turismo, Gabriela Testa mantuvo reuniones de trabajo estrat&eacute;gicas con autoridades de los Ministerios de Relaciones Exteriores y el denominado MINCETUR, Ministerio de Comercio Exterior y Turismo, como as&iacute; mismo con la Presidencia de PromPer&uacute;, y el Director Regional de Comercio Exterior y Turismo de Ica, entre otras instituciones vinculadas al turismo. Por su parte, la Embajada Argentina en Per&uacute; colabor&oacute; con la misi&oacute;n mendocina.<\/p>\n\n\n\n<p>A trav&eacute;s de los oficios del C&oacute;nsul de Per&uacute;, Alberto Hart, la funcionaria mendocina fue recibida en la sede del Ministerio de Relaciones Exteriores de Per&uacute;, &nbsp;en donde se mantuvo una reuni&oacute;n con funcionarios de esa dependencia y del Gobierno de Ica, con el objetivo de trabajar en un posible Convenio de Hermanamiento, que facilite el intercambio econ&oacute;mico y tur&iacute;stico de ambos regiones.<\/p>\n\n\n\n<p>La regi&oacute;n de Ica, productora de vides y sede de la ciudad de Pisco, est&aacute; particularmente interesada en profundizar el conocimiento sobre la industria vitivin&iacute;cola y el desarrollo del enoturismo mendocino. En el mes de mayo, un grupo de empresarios ique&ntilde;os participar&aacute; en la Feria Sitevinitech en nuestra provincia, gesti&oacute;n llevada adelante por ProMendoza.<\/p>\n\n\n\n<p>Por otro lado, Testa comparti&oacute; un enriquecedor encuentro en la sede del Ministerio de Comercio Exterior y Turismo con la presidente de Promper&uacute;, Ang&eacute;lica Matsuda Matayoshi y la asesora del MICETUR, Michele Barton y sus respectivos equipos. En la ocasi&oacute;n, acompa&ntilde;&oacute; el Dr. &Aacute;ngel Banfi, del equipo de la Embajada. El foco de este encuentro estuvo puesto en coordinar el intercambio de experiencias y la b&uacute;squeda del aumento de flujos tur&iacute;sticos mutuos.<\/p>\n\n\n\n<p><strong>Per&uacute;, importante mercado emisor de turistas<\/strong><\/p>\n\n\n\n<p>La Independencia del Per&uacute; la proclam&oacute; formalmente el 28 de julio de 1821, el general Jos&eacute; de San Mart&iacute;n y fue definida en la batalla de Ayacucho, tres a&ntilde;os despu&eacute;s. Este a&ntilde;o se celebran los 200 a&ntilde;os de este acontecimiento hist&oacute;rico. San Mart&iacute;n es considerado su gran Protector, este factor hist&oacute;rico, junto con el hecho de que Mendoza forma parte del Camino del Inca, dan fundamentos de fondo para un trabajo conjunto y de hermanamiento, en donde se encuentran colaborando activamente las Canciller&iacute;as de ambos pa&iacute;ses, junto al Gobierno de Mendoza.<\/p>\n\n\n\n<p>Con 34 millones de habitantes y una econom&iacute;a de renta media alta, los lazos hist&oacute;ricos y las posibilidades de conectividad terrestre, pero fundamentalmente a&eacute;reas, posicionan a este pa&iacute;s hermano como uno de los mercados emisores de turistas para Mendoza con mayor potencial de crecimiento.<\/p>\n\n\n\n<p>Per&uacute; es considerado como un mercado emergente, con un alto puntaje en el &iacute;ndice de desarrollo humano. Entre sus principales actividades econ&oacute;micas se incluyen la agricultura, la miner&iacute;a, la pesca, la construcci&oacute;n y el comercio. La cultura peruana es diversa como resultado del intenso mestizaje originado en la colonia, que da lugar a su valorada gastronom&iacute;a, uno de sus principales atractivos tur&iacute;sticos.<\/p>\n\n\n\n<figure class=\"wp-block-gallery columns-3\"><ul class=\"blocks-gallery-grid\"><li class=\"blocks-gallery-item\"><figure><a href=\"https:\/\/www.mendoza.gov.ar\/wp-content\/uploads\/sites\/5\/2024\/04\/Peru8.jpg\"><img loading=\"lazy\" width=\"510\" height=\"680\" src=\"https:\/\/www.mendoza.gov.ar\/wp-content\/uploads\/sites\/5\/2024\/04\/Peru8.jpg\" alt=\"\" data-id=\"403953\" data-full-url=\"https:\/\/www.mendoza.gov.ar\/wp-content\/uploads\/sites\/5\/2024\/04\/Peru8.jpg\" data-link=\"https:\/\/www.mendoza.gov.ar\/prensa\/?attachment_id=403953\" class=\"wp-image-403953 img-responsive center-block\" srcset=\"https:\/\/www.mendoza.gov.ar\/wp-content\/uploads\/sites\/5\/2024\/04\/Peru8.jpg 510w, https:\/\/www.mendoza.gov.ar\/wp-content\/uploads\/sites\/5\/2024\/04\/Peru8-250x333.jpg 250w, https:\/\/www.mendoza.gov.ar\/wp-content\/uploads\/sites\/5\/2024\/04\/Peru8-120x160.jpg 120w\" sizes=\"(max-width: 510px) 100vw, 510px\"><\/a><\/figure><\/li><li class=\"blocks-gallery-item\"><figure><a href=\"https:\/\/www.mendoza.gov.ar\/wp-content\/uploads\/sites\/5\/2024\/04\/Peru7.jpg\"><img loading=\"lazy\" width=\"700\" height=\"933\" src=\"https:\/\/www.mendoza.gov.ar\/wp-content\/uploads\/sites\/5\/2024\/04\/Peru7-700x933.jpg\" alt=\"\" data-id=\"403954\" data-full-url=\"https:\/\/www.mendoza.gov.ar\/wp-content\/uploads\/sites\/5\/2024\/04\/Peru7.jpg\" data-link=\"https:\/\/www.mendoza.gov.ar\/prensa\/?attachment_id=403954\" class=\"wp-image-403954 img-responsive center-block\" srcset=\"https:\/\/www.mendoza.gov.ar\/wp-content\/uploads\/sites\/5\/2024\/04\/Peru7-700x933.jpg 700w, https:\/\/www.mendoza.gov.ar\/wp-content\/uploads\/sites\/5\/2024\/04\/Peru7-250x333.jpg 250w, https:\/\/www.mendoza.gov.ar\/wp-content\/uploads\/sites\/5\/2024\/04\/Peru7-768x1024.jpg 768w, https:\/\/www.mendoza.gov.ar\/wp-content\/uploads\/sites\/5\/2024\/04\/Peru7-1152x1536.jpg 1152w, https:\/\/www.mendoza.gov.ar\/wp-content\/uploads\/sites\/5\/2024\/04\/Peru7-120x160.jpg 120w, https:\/\/www.mendoza.gov.ar\/wp-content\/uploads\/sites\/5\/2024\/04\/Peru7.jpg 1536w\" sizes=\"(max-width: 700px) 100vw, 700px\"><\/a><\/figure><\/li><li class=\"blocks-gallery-item\"><figure><a href=\"https:\/\/www.mendoza.gov.ar\/wp-content\/uploads\/sites\/5\/2024\/04\/peru6.jpg\"><img loading=\"lazy\" width=\"700\" height=\"933\" src=\"https:\/\/www.mendoza.gov.ar\/wp-content\/uploads\/sites\/5\/2024\/04\/peru6-700x933.jpg\" alt=\"\" data-id=\"403955\" data-full-url=\"https:\/\/www.mendoza.gov.ar\/wp-content\/uploads\/sites\/5\/2024\/04\/peru6.jpg\" data-link=\"https:\/\/www.mendoza.gov.ar\/prensa\/?attachment_id=403955\" class=\"wp-image-403955 img-responsive center-block\" srcset=\"https:\/\/www.mendoza.gov.ar\/wp-content\/uploads\/sites\/5\/2024\/04\/peru6-700x933.jpg 700w, https:\/\/www.mendoza.gov.ar\/wp-content\/uploads\/sites\/5\/2024\/04\/peru6-250x333.jpg 250w, https:\/\/www.mendoza.gov.ar\/wp-content\/uploads\/sites\/5\/2024\/04\/peru6-768x1024.jpg 768w, https:\/\/www.mendoza.gov.ar\/wp-content\/uploads\/sites\/5\/2024\/04\/peru6-1152x1536.jpg 1152w, https:\/\/www.mendoza.gov.ar\/wp-content\/uploads\/sites\/5\/2024\/04\/peru6-120x160.jpg 120w, https:\/\/www.mendoza.gov.ar\/wp-content\/uploads\/sites\/5\/2024\/04\/peru6.jpg 1536w\" sizes=\"(max-width: 700px) 100vw, 700px\"><\/a><\/figure><\/li><li class=\"blocks-gallery-item\"><figure><a href=\"https:\/\/www.mendoza.gov.ar\/wp-content\/uploads\/sites\/5\/2024\/04\/Peru5.jpg\"><img loading=\"lazy\" width=\"700\" height=\"933\" src=\"https:\/\/www.mendoza.gov.ar\/wp-content\/uploads\/sites\/5\/2024\/04\/Peru5-700x933.jpg\" alt=\"\" data-id=\"403956\" data-full-url=\"https:\/\/www.mendoza.gov.ar\/wp-content\/uploads\/sites\/5\/2024\/04\/Peru5.jpg\" data-link=\"https:\/\/www.mendoza.gov.ar\/prensa\/?attachment_id=403956\" class=\"wp-image-403956 img-responsive center-block\" srcset=\"https:\/\/www.mendoza.gov.ar\/wp-content\/uploads\/sites\/5\/2024\/04\/Peru5-700x933.jpg 700w, https:\/\/www.mendoza.gov.ar\/wp-content\/uploads\/sites\/5\/2024\/04\/Peru5-250x333.jpg 250w, https:\/\/www.mendoza.gov.ar\/wp-content\/uploads\/sites\/5\/2024\/04\/Peru5-768x1024.jpg 768w, https:\/\/www.mendoza.gov.ar\/wp-content\/uploads\/sites\/5\/2024\/04\/Peru5-1152x1536.jpg 1152w, https:\/\/www.mendoza.gov.ar\/wp-content\/uploads\/sites\/5\/2024\/04\/Peru5-120x160.jpg 120w, https:\/\/www.mendoza.gov.ar\/wp-content\/uploads\/sites\/5\/2024\/04\/Peru5.jpg 1536w\" sizes=\"(max-width: 700px) 100vw, 700px\"><\/a><\/figure><\/li><li class=\"blocks-gallery-item\"><figure><a href=\"https:\/\/www.mendoza.gov.ar\/wp-content\/uploads\/sites\/5\/2024\/04\/peru4.jpg\"><img loading=\"lazy\" width=\"700\" height=\"525\" src=\"https:\/\/www.mendoza.gov.ar\/wp-content\/uploads\/sites\/5\/2024\/04\/peru4-700x525.jpg\" alt=\"\" data-id=\"403957\" data-full-url=\"https:\/\/www.mendoza.gov.ar\/wp-content\/uploads\/sites\/5\/2024\/04\/peru4.jpg\" data-link=\"https:\/\/www.mendoza.gov.ar\/prensa\/?attachment_id=403957\" class=\"wp-image-403957 img-responsive center-block\" srcset=\"https:\/\/www.mendoza.gov.ar\/wp-content\/uploads\/sites\/5\/2024\/04\/peru4-700x525.jpg 700w, https:\/\/www.mendoza.gov.ar\/wp-content\/uploads\/sites\/5\/2024\/04\/peru4-250x188.jpg 250w, https:\/\/www.mendoza.gov.ar\/wp-content\/uploads\/sites\/5\/2024\/04\/peru4-768x576.jpg 768w, https:\/\/www.mendoza.gov.ar\/wp-content\/uploads\/sites\/5\/2024\/04\/peru4-1536x1152.jpg 1536w, https:\/\/www.mendoza.gov.ar\/wp-content\/uploads\/sites\/5\/2024\/04\/peru4-120x90.jpg 120w, https:\/\/www.mendoza.gov.ar\/wp-content\/uploads\/sites\/5\/2024\/04\/peru4.jpg 2048w\" sizes=\"(max-width: 700px) 100vw, 700px\"><\/a><\/figure><\/li><li class=\"blocks-gallery-item\"><figure><a href=\"https:\/\/www.mendoza.gov.ar\/wp-content\/uploads\/sites\/5\/2024\/04\/peru3.jpg\"><img loading=\"lazy\" width=\"700\" height=\"933\" src=\"https:\/\/www.mendoza.gov.ar\/wp-content\/uploads\/sites\/5\/2024\/04\/peru3-700x933.jpg\" alt=\"\" data-id=\"403958\" data-full-url=\"https:\/\/www.mendoza.gov.ar\/wp-content\/uploads\/sites\/5\/2024\/04\/peru3.jpg\" data-link=\"https:\/\/www.mendoza.gov.ar\/prensa\/?attachment_id=403958\" class=\"wp-image-403958 img-responsive center-block\" srcset=\"https:\/\/www.mendoza.gov.ar\/wp-content\/uploads\/sites\/5\/2024\/04\/peru3-700x933.jpg 700w, https:\/\/www.mendoza.gov.ar\/wp-content\/uploads\/sites\/5\/2024\/04\/peru3-250x333.jpg 250w, https:\/\/www.mendoza.gov.ar\/wp-content\/uploads\/sites\/5\/2024\/04\/peru3-768x1024.jpg 768w, https:\/\/www.mendoza.gov.ar\/wp-content\/uploads\/sites\/5\/2024\/04\/peru3-1152x1536.jpg 1152w, https:\/\/www.mendoza.gov.ar\/wp-content\/uploads\/sites\/5\/2024\/04\/peru3-120x160.jpg 120w, https:\/\/www.mendoza.gov.ar\/wp-content\/uploads\/sites\/5\/2024\/04\/peru3.jpg 1536w\" sizes=\"(max-width: 700px) 100vw, 700px\"><\/a><\/figure><\/li><li class=\"blocks-gallery-item\"><figure><a href=\"https:\/\/www.mendoza.gov.ar\/wp-content\/uploads\/sites\/5\/2024\/04\/peru2.jpg\"><img loading=\"lazy\" width=\"700\" height=\"525\" src=\"https:\/\/www.mendoza.gov.ar\/wp-content\/uploads\/sites\/5\/2024\/04\/peru2-700x525.jpg\" alt=\"\" data-id=\"403959\" data-full-url=\"https:\/\/www.mendoza.gov.ar\/wp-content\/uploads\/sites\/5\/2024\/04\/peru2.jpg\" data-link=\"https:\/\/www.mendoza.gov.ar\/prensa\/?attachment_id=403959\" class=\"wp-image-403959 img-responsive center-block\" srcset=\"https:\/\/www.mendoza.gov.ar\/wp-content\/uploads\/sites\/5\/2024\/04\/peru2-700x525.jpg 700w, https:\/\/www.mendoza.gov.ar\/wp-content\/uploads\/sites\/5\/2024\/04\/peru2-250x188.jpg 250w, https:\/\/www.mendoza.gov.ar\/wp-content\/uploads\/sites\/5\/2024\/04\/peru2-768x576.jpg 768w, https:\/\/www.mendoza.gov.ar\/wp-content\/uploads\/sites\/5\/2024\/04\/peru2-1536x1152.jpg 1536w, https:\/\/www.mendoza.gov.ar\/wp-content\/uploads\/sites\/5\/2024\/04\/peru2-120x90.jpg 120w, https:\/\/www.mendoza.gov.ar\/wp-content\/uploads\/sites\/5\/2024\/04\/peru2.jpg 1600w\" sizes=\"(max-width: 700px) 100vw, 700px\"><\/a><\/figure><\/li><li class=\"blocks-gallery-item\"><figure><a href=\"https:\/\/www.mendoza.gov.ar\/wp-content\/uploads\/sites\/5\/2024\/04\/peru.jpg\"><img src=\"https:\/\/www.mendoza.gov.ar\/wp-content\/uploads\/sites\/5\/2024\/04\/peru-700x525.jpg\" alt=\"\" data-id=\"403960\" data-full-url=\"https:\/\/www.mendoza.gov.ar\/wp-content\/uploads\/sites\/5\/2024\/04\/peru.jpg\" data-link=\"https:\/\/www.mendoza.gov.ar\/prensa\/?attachment_id=403960\" class=\"wp-image-403960 img-responsive center-block\"><\/a><\/figure><\/li><\/ul><\/figure>\n<\/body><\/html>\n","protected":false},"excerpt":{"rendered":"En el marco del Programa anual de promoci&oacute;n tur&iacute;stica de nuestra provincia, que apuesta a mercados extranjeros clave, con potencial de aumentar la atracci&oacute;n de nuevos visitantes, los d&iacute;as 11 y 12 de abril, Mendoza particip&oacute; en la VI Feria Nacional e Internacional de Turismo APAVIT, en Lima. Adem&aacute;s de contar con un stand institucional&#8230; <a class=\"view-article\" href=\"https:\/\/www.mendoza.gov.ar\/prensa\/importante-mision-de-promocion-turistica-de-mendoza-en-peru\/\"><\/a>","protected":false},"author":178,"featured_media":403960,"comment_status":"open","ping_status":"open","sticky":false,"template":"","format":"standard","meta":[],"categories":[37],"tags":[],"_links":{"self":[{"href":"https:\/\/www.mendoza.gov.ar\/prensa\/wp-json\/wp\/v2\/posts\/403950"}],"collection":[{"href":"https:\/\/www.mendoza.gov.ar\/prensa\/wp-json\/wp\/v2\/posts"}],"about":[{"href":"https:\/\/www.mendoza.gov.ar\/prensa\/wp-json\/wp\/v2\/types\/post"}],"author":[{"embeddable":true,"href":"https:\/\/www.mendoza.gov.ar\/prensa\/wp-json\/wp\/v2\/users\/178"}],"replies":[{"embeddable":true,"href":"https:\/\/www.mendoza.gov.ar\/prensa\/wp-json\/wp\/v2\/comments?post=403950"}],"version-history":[{"count":3,"href":"https:\/\/www.mendoza.gov.ar\/prensa\/wp-json\/wp\/v2\/posts\/403950\/revisions"}],"predecessor-version":[{"id":403961,"href":"https:\/\/www.mendoza.gov.ar\/prensa\/wp-json\/wp\/v2\/posts\/403950\/revisions\/403961"}],"wp:featuredmedia":[{"embeddable":true,"href":"https:\/\/www.mendoza.gov.ar\/prensa\/wp-json\/wp\/v2\/media\/403960"}],"wp:attachment":[{"href":"https:\/\/www.mendoza.gov.ar\/prensa\/wp-json\/wp\/v2\/media?parent=403950"}],"wp:term":[{"taxonomy":"category","embeddable":true,"href":"https:\/\/www.mendoza.gov.ar\/prensa\/wp-json\/wp\/v2\/categories?post=403950"},{"taxonomy":"post_tag","embeddable":true,"href":"https:\/\/www.mendoza.gov.ar\/prensa\/wp-json\/wp\/v2\/tags?post=403950"}],"curies":[{"name":"wp","href":"https:\/\/api.w.org\/{rel}","templated":true}]}}