{"id":404103,"date":"2024-04-16T09:30:58","date_gmt":"2024-04-16T12:30:58","guid":{"rendered":"https:\/\/www.mendoza.gov.ar\/prensa\/?p=404103"},"modified":"2024-04-16T20:35:50","modified_gmt":"2024-04-16T23:35:50","slug":"el-primer-encuentro-provincial-oleicola-reunio-a-mas-de-70-referentes-del-sector","status":"publish","type":"post","link":"https:\/\/www.mendoza.gov.ar\/prensa\/el-primer-encuentro-provincial-oleicola-reunio-a-mas-de-70-referentes-del-sector\/","title":{"rendered":"El primer encuentro provincial ole\u00edcola reuni\u00f3 a m\u00e1s de 70 referentes del sector"},"content":{"rendered":"<!DOCTYPE html PUBLIC \"-\/\/W3C\/\/DTD HTML 4.0 Transitional\/\/EN\" \"http:\/\/www.w3.org\/TR\/REC-html40\/loose.dtd\">\n<html><body><h5>Coordinado por el IDR, el encuentro convoc&oacute; a productores, empresarios, maestros de almazara, t&eacute;cnicos de campo, investigadores, docentes y funcionarios vinculados al mundo del aceite de oliva. Tambi&eacute;n se firm&oacute; un acuerdo de colaboraci&oacute;n entre el IDR, la Facultad de Ciencias Agrarias y la cooperativa Nueva California.<\/h5>\n\n\n\n<p>El Ministerio de Producci&oacute;n, a trav&eacute;s del Instituto de Desarrollo Rural (IDR), organiz&oacute; el Primer Encuentro Provincial Ole&iacute;cola, un evento estrat&eacute;gico dise&ntilde;ado para reunir a los principales protagonistas de la cadena de valor del aceite de oliva de Mendoza. El prop&oacute;sito de la iniciativa, llevada a cabo en el Mendoza TIC Parque Tecnol&oacute;gico, fue generar un espacio propicio para la colaboraci&oacute;n y el trabajo conjunto entre todos los actores involucrados en este sector clave de la econom&iacute;a.<\/p>\n\n\n\n<p>En el marco de la propuesta,&nbsp;Alfredo Baroni, coordinador t&eacute;cnico del IDR, coment&oacute;: &ldquo;El encuentro represent&oacute; un hito de suma importancia para el sector oliv&iacute;cola de la provincia. En esta reuni&oacute;n, casi la totalidad de los actores involucrados en la industria se congregaron con el objetivo de unificar criterios y herramientas para impulsar esta actividad.<\/p>\n\n\n\n<p>&ldquo;La idea fue propiciar un intercambio de conocimientos, sugerir posibles mejoras y plantear las necesidades que enfrenta el sector para seguir progresando. Estamos atravesando un momento positivo, en parte gracias al crecimiento de la demanda mundial de aceite de oliva y al reconocimiento creciente de la calidad de los productos mendocinos&rdquo;, se&ntilde;al&oacute;.<\/p>\n\n\n\n<p>Adem&aacute;s, Baroni enfatiz&oacute; la relevancia de la reciente adquisici&oacute;n de la Indicaci&oacute;n Geogr&aacute;fica (IG) Mendoza, un distintivo que realza la calidad y singularidad de los aceites de oliva mendocinos. &ldquo;Este reconocimiento, tanto a nivel nacional como internacional, consolida a la provincia como l&iacute;der en la producci&oacute;n de aceite de oliva de primera categor&iacute;a&rdquo;, destac&oacute;.<\/p>\n\n\n\n<p>A su turno,&nbsp;Luis Armando Manzur, presidente de la Asociaci&oacute;n oliv&iacute;cola de Mendoza (Asolmen), sostuvo que &ldquo;la obtenci&oacute;n de la Indicaci&oacute;n Geogr&aacute;fica marc&oacute; un punto de inflexi&oacute;n significativo en la representatividad y la identidad del sector, otorgando un valor diferenciado a los productos de los productores que acceden a esta certificaci&oacute;n. Aunque los beneficios de esta distinci&oacute;n pueden no ser inmediatos, representa una garant&iacute;a para los consumidores de la trazabilidad y la calidad, desde el origen hasta la comercializaci&oacute;n&rdquo;.<\/p>\n\n\n\n<p>Si bien la producci&oacute;n de aceite de oliva virgen extra viene mostrando signos de crecimiento e inter&eacute;s en el sector, para Manzur se debe tener en cuenta la situaci&oacute;n actual del sector, que se enfrenta a desaf&iacute;os significativos.<\/p>\n\n\n\n<p>En este sentido, el dirigente remarc&oacute; que &ldquo;la disminuci&oacute;n en la cantidad de hect&aacute;reas cultivadas y la escasez de materia prima deben atenderse. A pesar de una demanda creciente, contamos con menos recursos disponibles para el procesamiento. Actualmente, estamos procesando aproximadamente  30% menos en comparaci&oacute;n con una d&eacute;cada atr&aacute;s&rdquo;.<\/p>\n\n\n\n<p>En el marco de la iniciativa, se destac&oacute; la participaci&oacute;n de entidades como el Ente Turismo Mendoza (Emetur), que a trav&eacute;s de una serie de iniciativas, fomenta el turismo oliv&iacute;cola de la provincia. Es que, recientemente, se inaugur&oacute; el denominado Camino del Olivo, propuesta que viene captando la atenci&oacute;n de mendocinos y turistas.<\/p>\n\n\n\n<p>En cuanto al posicionamiento del producto en los mercados internacionales, desde el IDR se destac&oacute; la participaci&oacute;n en la gesti&oacute;n del ProMendoza. En este sentido, las autoridades de la instituci&oacute;n dependiente de la cartera de Producci&oacute;n remarcaron que se viene trabajando de manera conjunta con el organismo a cargo de Patricia Gim&eacute;nez para seguir llegando con nuestro producto <em>premium <\/em>a nuevos mercados internacionales.<\/p>\n\n\n\n<p>Al cierre de las palabras de bienvenida, el ingeniero Alfredo Draque, director de Agricultura, resalt&oacute; la importancia de estos encuentros para el desarrollo y crecimiento del sector: &ldquo;Celebro&nbsp;el nivel de convocatoria que ha tenido esta iniciativa. Que hoy estemos todos reunidos en este encuentro referentes de toda la cadena de valor representa el alto nivel de compromiso del sector. Los invito a seguir trabajando juntos para alcanzar las metas planteadas y aprovechar al m&aacute;ximo las oportunidades que significa contar con una Indicaci&oacute;n Geogr&aacute;fica para nuestros aceites de oliva virgen extra&rdquo;.&nbsp;<\/p>\n\n\n\n<p><strong>Firma Convenio FCA-IDR-CNC<\/strong><\/p>\n\n\n\n<p>Durante el encuentro, se llev&oacute; a cabo la firma de un acuerdo tripartito entre la Decana de la Facultad de Ciencias Agrarias de la UNCuyo (FCA), Mar&iacute;a Flavia Filippini; el presidente del IDR, Marcelo Japaz, y el presidente de la Cooperativa Nueva California (CNC), Fabi&aacute;n Rugueri.<\/p>\n\n\n\n<p>Este acuerdo implica la cesi&oacute;n en comodato por parte del IDR de dos l&iacute;neas continuas para la elaboraci&oacute;n de aceite de oliva, distribuidas entre la sede de la Facultad de Ciencias Agrarias en Luj&aacute;n de Cuyo y las instalaciones de la Cooperativa Nueva California en San Mart&iacute;n. Ambas plantas tienen como finalidad procesar la producci&oacute;n de aceitunas de peque&ntilde;os productores de sus respectivas &aacute;reas geogr&aacute;ficas. Esta iniciativa, materializada a trav&eacute;s del convenio tripartito, busca fortalecer la colaboraci&oacute;n entre las instituciones productivas, t&eacute;cnicas y acad&eacute;micas, y genera beneficios significativos para todos los participantes.<\/p>\n\n\n\n<p><strong>Concurso de cata de aceite de oliva<\/strong><\/p>\n\n\n\n<p>Al cierre de la jornada, desde el IDR se aprovech&oacute; la ocasi&oacute;n para presentar los detalles del recientemente anunciado&nbsp;<a href=\"https:\/\/www.mendoza.gov.ar\/prensa\/lanzan-el-primer-concurso-de-cata-de-aceite-de-oliva-virgen-extra-para-estudiantes-de-nivel-medio-y-superior\/\" target=\"_blank\" rel=\"noreferrer noopener\">Concurso de cata de aceite de oliva virgen extra orientado a estudiantes de nivel medio y superior<\/a>.<\/p>\n\n\n\n<p>Ante la presencia de los titulares de ambas instancias educativas, Baroni explic&oacute;: &ldquo;Con esta propuesta buscamos difundir y promover el consumo de aceite de oliva provincial a partir de la diferenciaci&oacute;n de los mismos por calidad, entre estudiantes que est&eacute;n cursando quinto y sexto a&ntilde;o en escuelas t&eacute;cnicas y agropecuarias, como tambi&eacute;n de carreras de nivel superior afines&rdquo;.<\/p>\n\n\n\n<p>La participaci&oacute;n en el certamen es de car&aacute;cter individual y gratuito. Est&aacute; abierta a estudiantes que tengan cumplidos los 18 a&ntilde;os al 20 de mayo. Cada instituci&oacute;n educativa participante podr&aacute; seleccionar hasta dos alumnos titulares y dos suplentes para la instancia final.<\/p>\n\n\n\n<p>Respecto de las inscripciones, desde el IDR comentaron que se han extendido hasta el 20 de mayo. Al respecto, Baroni se&ntilde;al&oacute; que se espera una importante participaci&oacute;n por parte de los establecimientos educativos orientados al sector agro, ya que entienden que es una propuesta sumamente innovadora para la promoci&oacute;n del producto.<\/p>\n\n\n\n<p>El concurso cuenta con el aporte de la Direcci&oacute;n General de Escuelas a trav&eacute;s de la Coordinaci&oacute;n de Educaci&oacute;n Rural, el Emetur y el Foro de Origen e Identidad Gastron&oacute;mico Mendoza.<\/p>\n\n\n\n<p><strong>Informes e inscripciones<\/strong><\/p>\n\n\n\n<p>Los estudiantes interesados deben llenar un&nbsp;<strong><a rel=\"noreferrer noopener\" href=\"https:\/\/docs.google.com\/forms\/d\/1B3irZl5OL-oY5hTrz8Z8OXuTkWrpVnqFRSC39rJm-a0\/viewform?ts=660da686&amp;edit_requested=true\" target=\"_blank\">formulario digital<\/a><\/strong>.<\/p>\n\n\n\n<p><strong>GALER&Iacute;A<\/strong><\/p>\n\n\n\n<figure class=\"wp-block-gallery columns-3\"><ul class=\"blocks-gallery-grid\"><li class=\"blocks-gallery-item\"><figure><a href=\"https:\/\/www.mendoza.gov.ar\/wp-content\/uploads\/sites\/5\/2024\/04\/IMG_3801.jpg\"><img loading=\"lazy\" width=\"700\" height=\"467\" src=\"https:\/\/www.mendoza.gov.ar\/wp-content\/uploads\/sites\/5\/2024\/04\/IMG_3801-700x467.jpg\" alt=\"\" data-id=\"404104\" data-full-url=\"https:\/\/www.mendoza.gov.ar\/wp-content\/uploads\/sites\/5\/2024\/04\/IMG_3801.jpg\" data-link=\"https:\/\/www.mendoza.gov.ar\/prensa\/?attachment_id=404104\" class=\"wp-image-404104 img-responsive center-block\" srcset=\"https:\/\/www.mendoza.gov.ar\/wp-content\/uploads\/sites\/5\/2024\/04\/IMG_3801-700x467.jpg 700w, https:\/\/www.mendoza.gov.ar\/wp-content\/uploads\/sites\/5\/2024\/04\/IMG_3801-250x167.jpg 250w, https:\/\/www.mendoza.gov.ar\/wp-content\/uploads\/sites\/5\/2024\/04\/IMG_3801-768x512.jpg 768w, https:\/\/www.mendoza.gov.ar\/wp-content\/uploads\/sites\/5\/2024\/04\/IMG_3801-1536x1024.jpg 1536w, https:\/\/www.mendoza.gov.ar\/wp-content\/uploads\/sites\/5\/2024\/04\/IMG_3801-2048x1365.jpg 2048w, https:\/\/www.mendoza.gov.ar\/wp-content\/uploads\/sites\/5\/2024\/04\/IMG_3801-120x80.jpg 120w\" sizes=\"(max-width: 700px) 100vw, 700px\"><\/a><\/figure><\/li><li class=\"blocks-gallery-item\"><figure><a href=\"https:\/\/www.mendoza.gov.ar\/wp-content\/uploads\/sites\/5\/2024\/04\/IMG_3826-1-1.jpg\"><img loading=\"lazy\" width=\"700\" height=\"467\" src=\"https:\/\/www.mendoza.gov.ar\/wp-content\/uploads\/sites\/5\/2024\/04\/IMG_3826-1-1-700x467.jpg\" alt=\"\" data-id=\"404105\" data-full-url=\"https:\/\/www.mendoza.gov.ar\/wp-content\/uploads\/sites\/5\/2024\/04\/IMG_3826-1-1.jpg\" data-link=\"https:\/\/www.mendoza.gov.ar\/prensa\/?attachment_id=404105\" class=\"wp-image-404105 img-responsive center-block\" srcset=\"https:\/\/www.mendoza.gov.ar\/wp-content\/uploads\/sites\/5\/2024\/04\/IMG_3826-1-1-700x467.jpg 700w, https:\/\/www.mendoza.gov.ar\/wp-content\/uploads\/sites\/5\/2024\/04\/IMG_3826-1-1-250x167.jpg 250w, https:\/\/www.mendoza.gov.ar\/wp-content\/uploads\/sites\/5\/2024\/04\/IMG_3826-1-1-768x512.jpg 768w, https:\/\/www.mendoza.gov.ar\/wp-content\/uploads\/sites\/5\/2024\/04\/IMG_3826-1-1-1536x1024.jpg 1536w, https:\/\/www.mendoza.gov.ar\/wp-content\/uploads\/sites\/5\/2024\/04\/IMG_3826-1-1-2048x1365.jpg 2048w, https:\/\/www.mendoza.gov.ar\/wp-content\/uploads\/sites\/5\/2024\/04\/IMG_3826-1-1-120x80.jpg 120w\" sizes=\"(max-width: 700px) 100vw, 700px\"><\/a><\/figure><\/li><li class=\"blocks-gallery-item\"><figure><a href=\"https:\/\/www.mendoza.gov.ar\/wp-content\/uploads\/sites\/5\/2024\/04\/IMG_3826-1.jpg\"><img src=\"https:\/\/www.mendoza.gov.ar\/wp-content\/uploads\/sites\/5\/2024\/04\/IMG_3826-1-700x467.jpg\" alt=\"\" data-id=\"404106\" data-full-url=\"https:\/\/www.mendoza.gov.ar\/wp-content\/uploads\/sites\/5\/2024\/04\/IMG_3826-1.jpg\" data-link=\"https:\/\/www.mendoza.gov.ar\/prensa\/?attachment_id=404106\" class=\"wp-image-404106 img-responsive center-block\"><\/a><\/figure><\/li><li class=\"blocks-gallery-item\"><figure><a href=\"https:\/\/www.mendoza.gov.ar\/wp-content\/uploads\/sites\/5\/2024\/04\/IMG_3828-1.jpg\"><img loading=\"lazy\" width=\"700\" height=\"467\" src=\"https:\/\/www.mendoza.gov.ar\/wp-content\/uploads\/sites\/5\/2024\/04\/IMG_3828-1-700x467.jpg\" alt=\"\" data-id=\"404107\" data-full-url=\"https:\/\/www.mendoza.gov.ar\/wp-content\/uploads\/sites\/5\/2024\/04\/IMG_3828-1.jpg\" data-link=\"https:\/\/www.mendoza.gov.ar\/prensa\/?attachment_id=404107\" class=\"wp-image-404107 img-responsive center-block\" srcset=\"https:\/\/www.mendoza.gov.ar\/wp-content\/uploads\/sites\/5\/2024\/04\/IMG_3828-1-700x467.jpg 700w, https:\/\/www.mendoza.gov.ar\/wp-content\/uploads\/sites\/5\/2024\/04\/IMG_3828-1-250x167.jpg 250w, https:\/\/www.mendoza.gov.ar\/wp-content\/uploads\/sites\/5\/2024\/04\/IMG_3828-1-768x512.jpg 768w, https:\/\/www.mendoza.gov.ar\/wp-content\/uploads\/sites\/5\/2024\/04\/IMG_3828-1-1536x1024.jpg 1536w, https:\/\/www.mendoza.gov.ar\/wp-content\/uploads\/sites\/5\/2024\/04\/IMG_3828-1-2048x1365.jpg 2048w, https:\/\/www.mendoza.gov.ar\/wp-content\/uploads\/sites\/5\/2024\/04\/IMG_3828-1-120x80.jpg 120w\" sizes=\"(max-width: 700px) 100vw, 700px\"><\/a><\/figure><\/li><li class=\"blocks-gallery-item\"><figure><a href=\"https:\/\/www.mendoza.gov.ar\/wp-content\/uploads\/sites\/5\/2024\/04\/IMG_3831-1.jpg\"><img loading=\"lazy\" width=\"700\" height=\"467\" src=\"https:\/\/www.mendoza.gov.ar\/wp-content\/uploads\/sites\/5\/2024\/04\/IMG_3831-1-700x467.jpg\" alt=\"\" data-id=\"404108\" data-full-url=\"https:\/\/www.mendoza.gov.ar\/wp-content\/uploads\/sites\/5\/2024\/04\/IMG_3831-1.jpg\" data-link=\"https:\/\/www.mendoza.gov.ar\/prensa\/?attachment_id=404108\" class=\"wp-image-404108 img-responsive center-block\" srcset=\"https:\/\/www.mendoza.gov.ar\/wp-content\/uploads\/sites\/5\/2024\/04\/IMG_3831-1-700x467.jpg 700w, https:\/\/www.mendoza.gov.ar\/wp-content\/uploads\/sites\/5\/2024\/04\/IMG_3831-1-250x167.jpg 250w, https:\/\/www.mendoza.gov.ar\/wp-content\/uploads\/sites\/5\/2024\/04\/IMG_3831-1-768x512.jpg 768w, https:\/\/www.mendoza.gov.ar\/wp-content\/uploads\/sites\/5\/2024\/04\/IMG_3831-1-1536x1024.jpg 1536w, https:\/\/www.mendoza.gov.ar\/wp-content\/uploads\/sites\/5\/2024\/04\/IMG_3831-1-2048x1365.jpg 2048w, https:\/\/www.mendoza.gov.ar\/wp-content\/uploads\/sites\/5\/2024\/04\/IMG_3831-1-120x80.jpg 120w\" sizes=\"(max-width: 700px) 100vw, 700px\"><\/a><\/figure><\/li><li class=\"blocks-gallery-item\"><figure><a href=\"https:\/\/www.mendoza.gov.ar\/wp-content\/uploads\/sites\/5\/2024\/04\/IMG_3846-1.jpg\"><img loading=\"lazy\" width=\"700\" height=\"467\" src=\"https:\/\/www.mendoza.gov.ar\/wp-content\/uploads\/sites\/5\/2024\/04\/IMG_3846-1-700x467.jpg\" alt=\"\" data-id=\"404109\" data-full-url=\"https:\/\/www.mendoza.gov.ar\/wp-content\/uploads\/sites\/5\/2024\/04\/IMG_3846-1.jpg\" data-link=\"https:\/\/www.mendoza.gov.ar\/prensa\/?attachment_id=404109\" class=\"wp-image-404109 img-responsive center-block\" srcset=\"https:\/\/www.mendoza.gov.ar\/wp-content\/uploads\/sites\/5\/2024\/04\/IMG_3846-1-700x467.jpg 700w, https:\/\/www.mendoza.gov.ar\/wp-content\/uploads\/sites\/5\/2024\/04\/IMG_3846-1-250x167.jpg 250w, https:\/\/www.mendoza.gov.ar\/wp-content\/uploads\/sites\/5\/2024\/04\/IMG_3846-1-768x512.jpg 768w, https:\/\/www.mendoza.gov.ar\/wp-content\/uploads\/sites\/5\/2024\/04\/IMG_3846-1-1536x1024.jpg 1536w, https:\/\/www.mendoza.gov.ar\/wp-content\/uploads\/sites\/5\/2024\/04\/IMG_3846-1-2048x1365.jpg 2048w, https:\/\/www.mendoza.gov.ar\/wp-content\/uploads\/sites\/5\/2024\/04\/IMG_3846-1-120x80.jpg 120w\" sizes=\"(max-width: 700px) 100vw, 700px\"><\/a><\/figure><\/li><li class=\"blocks-gallery-item\"><figure><a href=\"https:\/\/www.mendoza.gov.ar\/wp-content\/uploads\/sites\/5\/2024\/04\/IMG_3847-1.jpg\"><img loading=\"lazy\" width=\"700\" height=\"467\" src=\"https:\/\/www.mendoza.gov.ar\/wp-content\/uploads\/sites\/5\/2024\/04\/IMG_3847-1-700x467.jpg\" alt=\"\" data-id=\"404110\" data-full-url=\"https:\/\/www.mendoza.gov.ar\/wp-content\/uploads\/sites\/5\/2024\/04\/IMG_3847-1.jpg\" data-link=\"https:\/\/www.mendoza.gov.ar\/prensa\/?attachment_id=404110\" class=\"wp-image-404110 img-responsive center-block\" srcset=\"https:\/\/www.mendoza.gov.ar\/wp-content\/uploads\/sites\/5\/2024\/04\/IMG_3847-1-700x467.jpg 700w, https:\/\/www.mendoza.gov.ar\/wp-content\/uploads\/sites\/5\/2024\/04\/IMG_3847-1-250x167.jpg 250w, https:\/\/www.mendoza.gov.ar\/wp-content\/uploads\/sites\/5\/2024\/04\/IMG_3847-1-768x512.jpg 768w, https:\/\/www.mendoza.gov.ar\/wp-content\/uploads\/sites\/5\/2024\/04\/IMG_3847-1-1536x1024.jpg 1536w, https:\/\/www.mendoza.gov.ar\/wp-content\/uploads\/sites\/5\/2024\/04\/IMG_3847-1-2048x1365.jpg 2048w, https:\/\/www.mendoza.gov.ar\/wp-content\/uploads\/sites\/5\/2024\/04\/IMG_3847-1-120x80.jpg 120w\" sizes=\"(max-width: 700px) 100vw, 700px\"><\/a><\/figure><\/li><li class=\"blocks-gallery-item\"><figure><a href=\"https:\/\/www.mendoza.gov.ar\/wp-content\/uploads\/sites\/5\/2024\/04\/IMG_3851.jpg\"><img loading=\"lazy\" width=\"700\" height=\"467\" src=\"https:\/\/www.mendoza.gov.ar\/wp-content\/uploads\/sites\/5\/2024\/04\/IMG_3851-700x467.jpg\" alt=\"\" data-id=\"404111\" data-full-url=\"https:\/\/www.mendoza.gov.ar\/wp-content\/uploads\/sites\/5\/2024\/04\/IMG_3851.jpg\" data-link=\"https:\/\/www.mendoza.gov.ar\/prensa\/?attachment_id=404111\" class=\"wp-image-404111 img-responsive center-block\" srcset=\"https:\/\/www.mendoza.gov.ar\/wp-content\/uploads\/sites\/5\/2024\/04\/IMG_3851-700x467.jpg 700w, https:\/\/www.mendoza.gov.ar\/wp-content\/uploads\/sites\/5\/2024\/04\/IMG_3851-250x167.jpg 250w, https:\/\/www.mendoza.gov.ar\/wp-content\/uploads\/sites\/5\/2024\/04\/IMG_3851-768x512.jpg 768w, https:\/\/www.mendoza.gov.ar\/wp-content\/uploads\/sites\/5\/2024\/04\/IMG_3851-1536x1024.jpg 1536w, https:\/\/www.mendoza.gov.ar\/wp-content\/uploads\/sites\/5\/2024\/04\/IMG_3851-2048x1365.jpg 2048w, https:\/\/www.mendoza.gov.ar\/wp-content\/uploads\/sites\/5\/2024\/04\/IMG_3851-120x80.jpg 120w\" sizes=\"(max-width: 700px) 100vw, 700px\"><\/a><\/figure><\/li><li class=\"blocks-gallery-item\"><figure><a href=\"https:\/\/www.mendoza.gov.ar\/wp-content\/uploads\/sites\/5\/2024\/04\/IMG_3854.jpg\"><img loading=\"lazy\" width=\"700\" height=\"467\" src=\"https:\/\/www.mendoza.gov.ar\/wp-content\/uploads\/sites\/5\/2024\/04\/IMG_3854-700x467.jpg\" alt=\"\" data-id=\"404112\" data-full-url=\"https:\/\/www.mendoza.gov.ar\/wp-content\/uploads\/sites\/5\/2024\/04\/IMG_3854.jpg\" data-link=\"https:\/\/www.mendoza.gov.ar\/prensa\/?attachment_id=404112\" class=\"wp-image-404112 img-responsive center-block\" srcset=\"https:\/\/www.mendoza.gov.ar\/wp-content\/uploads\/sites\/5\/2024\/04\/IMG_3854-700x467.jpg 700w, https:\/\/www.mendoza.gov.ar\/wp-content\/uploads\/sites\/5\/2024\/04\/IMG_3854-250x167.jpg 250w, https:\/\/www.mendoza.gov.ar\/wp-content\/uploads\/sites\/5\/2024\/04\/IMG_3854-768x512.jpg 768w, https:\/\/www.mendoza.gov.ar\/wp-content\/uploads\/sites\/5\/2024\/04\/IMG_3854-1536x1024.jpg 1536w, https:\/\/www.mendoza.gov.ar\/wp-content\/uploads\/sites\/5\/2024\/04\/IMG_3854-2048x1365.jpg 2048w, https:\/\/www.mendoza.gov.ar\/wp-content\/uploads\/sites\/5\/2024\/04\/IMG_3854-120x80.jpg 120w\" sizes=\"(max-width: 700px) 100vw, 700px\"><\/a><\/figure><\/li><\/ul><\/figure>\n<\/body><\/html>\n","protected":false},"excerpt":{"rendered":"Coordinado por el IDR, el encuentro convoc&oacute; a productores, empresarios, maestros de almazara, t&eacute;cnicos de campo, investigadores, docentes y funcionarios vinculados al mundo del aceite de oliva. Tambi&eacute;n se firm&oacute; un acuerdo de colaboraci&oacute;n entre el IDR, la Facultad de Ciencias Agrarias y la cooperativa Nueva California. El Ministerio de Producci&oacute;n, a trav&eacute;s del Instituto&#8230; <a class=\"view-article\" href=\"https:\/\/www.mendoza.gov.ar\/prensa\/el-primer-encuentro-provincial-oleicola-reunio-a-mas-de-70-referentes-del-sector\/\"><\/a>","protected":false},"author":62,"featured_media":404106,"comment_status":"open","ping_status":"open","sticky":false,"template":"","format":"standard","meta":[],"categories":[2711,15],"tags":[],"_links":{"self":[{"href":"https:\/\/www.mendoza.gov.ar\/prensa\/wp-json\/wp\/v2\/posts\/404103"}],"collection":[{"href":"https:\/\/www.mendoza.gov.ar\/prensa\/wp-json\/wp\/v2\/posts"}],"about":[{"href":"https:\/\/www.mendoza.gov.ar\/prensa\/wp-json\/wp\/v2\/types\/post"}],"author":[{"embeddable":true,"href":"https:\/\/www.mendoza.gov.ar\/prensa\/wp-json\/wp\/v2\/users\/62"}],"replies":[{"embeddable":true,"href":"https:\/\/www.mendoza.gov.ar\/prensa\/wp-json\/wp\/v2\/comments?post=404103"}],"version-history":[{"count":10,"href":"https:\/\/www.mendoza.gov.ar\/prensa\/wp-json\/wp\/v2\/posts\/404103\/revisions"}],"predecessor-version":[{"id":404250,"href":"https:\/\/www.mendoza.gov.ar\/prensa\/wp-json\/wp\/v2\/posts\/404103\/revisions\/404250"}],"wp:featuredmedia":[{"embeddable":true,"href":"https:\/\/www.mendoza.gov.ar\/prensa\/wp-json\/wp\/v2\/media\/404106"}],"wp:attachment":[{"href":"https:\/\/www.mendoza.gov.ar\/prensa\/wp-json\/wp\/v2\/media?parent=404103"}],"wp:term":[{"taxonomy":"category","embeddable":true,"href":"https:\/\/www.mendoza.gov.ar\/prensa\/wp-json\/wp\/v2\/categories?post=404103"},{"taxonomy":"post_tag","embeddable":true,"href":"https:\/\/www.mendoza.gov.ar\/prensa\/wp-json\/wp\/v2\/tags?post=404103"}],"curies":[{"name":"wp","href":"https:\/\/api.w.org\/{rel}","templated":true}]}}