{"id":40503,"date":"2015-09-11T08:27:34","date_gmt":"2015-09-11T11:27:34","guid":{"rendered":"http:\/\/prensa.mendoza.gov.ar\/?p=40503"},"modified":"2015-09-11T08:27:34","modified_gmt":"2015-09-11T11:27:34","slug":"el-fondo-para-la-transformacion-financio-una-farmacia-de-lavalle","status":"publish","type":"post","link":"https:\/\/www.mendoza.gov.ar\/prensa\/el-fondo-para-la-transformacion-financio-una-farmacia-de-lavalle\/","title":{"rendered":"El Fondo para la Transformaci\u00f3n financi\u00f3 una farmacia de Lavalle"},"content":{"rendered":"<!DOCTYPE html PUBLIC \"-\/\/W3C\/\/DTD HTML 4.0 Transitional\/\/EN\" \"http:\/\/www.w3.org\/TR\/REC-html40\/loose.dtd\">\n<html><body><p>El Ministerio de Agroindustria y Tecnolog&iacute;a a trav&eacute;s del Fondo para la Transformaci&oacute;n y el Crecimiento (FTyC) contin&uacute;a brindando financiamiento a emprendedores de toda la Provincia que permiten el crecimiento de la producci&oacute;n mendocina.<\/p>\n<p>Tal es el caso de una farmacia que recibi&oacute; un cr&eacute;dito a trav&eacute;s de la l&iacute;nea Hasta $350.000, monto que se utiliz&oacute; para la construcci&oacute;n del local donde est&aacute;n funcionando en la actualidad, ubicado en el departamento de Lavalle.<\/p>\n<p>El director del FTYC Pablo Olaiz visit&oacute; el local y se&ntilde;al&oacute; &ldquo;es muy gratificante conocer las peque&ntilde;as empresas que accedieron al financiero del Fondo. Los sue&ntilde;os de los emprendedores mendocinos se ven reflejados en su trabajo&rdquo;.<\/p>\n<p>Por su parte, la farmac&eacute;utica y propietaria del local, Silvana Sabatini, coment&oacute; su experiencia &ldquo;desde el d&iacute;a que abr&iacute; la farmacia, no hemos parado de trabajar. Estamos trabajando una barbaridad. El cr&eacute;dito nos permiti&oacute; independizarnos y construir nuestra propia farmacia.&nbsp; Nunca pens&eacute; que iba a tener mi propio local, el Fondo nos dio esa oportunidad&rdquo;.<\/p>\n<p>La l&iacute;nea Hasta $350.000 financia inversiones en activos fijos por un monto menor o igual al que hace referencia su nombre. La tasa es del 50% de la Tasa Nominal Anual del Banco de la Naci&oacute;n Argentina. Los plazos de devoluci&oacute;n son muy accesibles, esta l&iacute;nea cuenta con un a&ntilde;o de gracia y 3 de amortizaci&oacute;n.<\/p>\n<p>Para obtener m&aacute;s informaci&oacute;n sobre el Fondo para la Transformaci&oacute;n y el Crecimiento ingresar a la p&aacute;gina web&nbsp; <a href=\"https:\/\/www.ftyc.gob.ar\">www.ftyc.gob.ar<\/a> o comunicarse a los tel&eacute;fonos&nbsp; 0261- 4202434\/35 de lunes a viernes 7.30 a 14.<\/p>\n<\/body><\/html>\n","protected":false},"excerpt":{"rendered":"Con el cr\u00e9dito recibido se llev\u00f3 adelante la construcci\u00f3n del local donde funciona el comercio","protected":false},"author":3,"featured_media":40509,"comment_status":"open","ping_status":"open","sticky":false,"template":"","format":"standard","meta":[],"categories":[1],"tags":[],"_links":{"self":[{"href":"https:\/\/www.mendoza.gov.ar\/prensa\/wp-json\/wp\/v2\/posts\/40503"}],"collection":[{"href":"https:\/\/www.mendoza.gov.ar\/prensa\/wp-json\/wp\/v2\/posts"}],"about":[{"href":"https:\/\/www.mendoza.gov.ar\/prensa\/wp-json\/wp\/v2\/types\/post"}],"author":[{"embeddable":true,"href":"https:\/\/www.mendoza.gov.ar\/prensa\/wp-json\/wp\/v2\/users\/3"}],"replies":[{"embeddable":true,"href":"https:\/\/www.mendoza.gov.ar\/prensa\/wp-json\/wp\/v2\/comments?post=40503"}],"version-history":[{"count":0,"href":"https:\/\/www.mendoza.gov.ar\/prensa\/wp-json\/wp\/v2\/posts\/40503\/revisions"}],"wp:featuredmedia":[{"embeddable":true,"href":"https:\/\/www.mendoza.gov.ar\/prensa\/wp-json\/wp\/v2\/media\/40509"}],"wp:attachment":[{"href":"https:\/\/www.mendoza.gov.ar\/prensa\/wp-json\/wp\/v2\/media?parent=40503"}],"wp:term":[{"taxonomy":"category","embeddable":true,"href":"https:\/\/www.mendoza.gov.ar\/prensa\/wp-json\/wp\/v2\/categories?post=40503"},{"taxonomy":"post_tag","embeddable":true,"href":"https:\/\/www.mendoza.gov.ar\/prensa\/wp-json\/wp\/v2\/tags?post=40503"}],"curies":[{"name":"wp","href":"https:\/\/api.w.org\/{rel}","templated":true}]}}