{"id":40526,"date":"2015-09-11T10:38:28","date_gmt":"2015-09-11T13:38:28","guid":{"rendered":"http:\/\/prensa.mendoza.gov.ar\/?p=40526"},"modified":"2015-09-11T10:38:28","modified_gmt":"2015-09-11T13:38:28","slug":"el-sur-de-la-provincia-y-el-valle-de-uco-registraron-heladas-entre-ayer-y-hoy","status":"publish","type":"post","link":"https:\/\/www.mendoza.gov.ar\/prensa\/el-sur-de-la-provincia-y-el-valle-de-uco-registraron-heladas-entre-ayer-y-hoy\/","title":{"rendered":"El Sur de la Provincia y el Valle de Uco registraron heladas entre ayer y hoy"},"content":{"rendered":"<!DOCTYPE html PUBLIC \"-\/\/W3C\/\/DTD HTML 4.0 Transitional\/\/EN\" \"http:\/\/www.w3.org\/TR\/REC-html40\/loose.dtd\">\n<html><body><p><strong><em><\/em><\/strong>El director de Agricultura y Contingencia Clim&aacute;tica, Marcos Scipioni, inform&oacute; que entre ayer y hoy se han registrado heladas en distintas zonas del sur provincial y el Valle de Uco.<\/p>\n<p>Las temperaturas, registradas por los m&aacute;s de 31 centros meteorol&oacute;gicos con los que cuenta la direcci&oacute;n en toda la provincia, llegaron a medir -7.3 grados en Vista Flores de Tunuy&aacute;n.<\/p>\n<p>El funcionario explic&oacute; que dado que el avance de la floraci&oacute;n viene con 10 d&iacute;as de retraso, en relaci&oacute;n a la temporada 2014, los cultivos no est&aacute;n tan sensibles por lo que es posible que no se vean tan afectados.<\/p>\n<p>Las temperaturas m&aacute;s bajas se registraron fundamentalmente en los departamentos de General Alvear, San Rafael y Santa Rosa, pero las consecuencias de este fen&oacute;meno sobre la floraci&oacute;n reci&eacute;n podr&aacute; observarse dentro de, aproximadamente, dos semanas. En esa instancia, cuando florecen las plantas, que contin&uacute;an con su ciclo de vida, es donde se observe si cuajaron los frutos o no.<\/p>\n<p>En las zonas mencionadas, los cultivos m&aacute;s afectados, pueden ser el durazno y las ciruelas para consumo en fresco y en menor medida, los almendros.<\/p>\n<p>La vid, el cultivo preponderante en&nbsp;la provincia, salvo alguna variedad Chardonnay que puede estar en floraci&oacute;n por ser una variedad m&aacute;s temprana, no est&aacute; en brotaci&oacute;n en esta &eacute;poca del a&ntilde;o por lo cual no deber&iacute;a haber sido afectada.<\/p>\n<p>Para este fin de semana se esperan temperaturas m&aacute;s elevadas y s&oacute;lo alguna helada parcial, para el s&aacute;bado, en valle de Uco y el sur provincial.<\/p>\n<\/body><\/html>\n","protected":false},"excerpt":{"rendered":"Es debido a la masa de aire polar que afecta el centro de la Argentina. El impacto de este fen\u00f3meno en los cultivos podr\u00e1 relevarse reci\u00e9n en quince d\u00edas.","protected":false},"author":3,"featured_media":40527,"comment_status":"open","ping_status":"open","sticky":false,"template":"","format":"standard","meta":[],"categories":[1],"tags":[],"_links":{"self":[{"href":"https:\/\/www.mendoza.gov.ar\/prensa\/wp-json\/wp\/v2\/posts\/40526"}],"collection":[{"href":"https:\/\/www.mendoza.gov.ar\/prensa\/wp-json\/wp\/v2\/posts"}],"about":[{"href":"https:\/\/www.mendoza.gov.ar\/prensa\/wp-json\/wp\/v2\/types\/post"}],"author":[{"embeddable":true,"href":"https:\/\/www.mendoza.gov.ar\/prensa\/wp-json\/wp\/v2\/users\/3"}],"replies":[{"embeddable":true,"href":"https:\/\/www.mendoza.gov.ar\/prensa\/wp-json\/wp\/v2\/comments?post=40526"}],"version-history":[{"count":0,"href":"https:\/\/www.mendoza.gov.ar\/prensa\/wp-json\/wp\/v2\/posts\/40526\/revisions"}],"wp:featuredmedia":[{"embeddable":true,"href":"https:\/\/www.mendoza.gov.ar\/prensa\/wp-json\/wp\/v2\/media\/40527"}],"wp:attachment":[{"href":"https:\/\/www.mendoza.gov.ar\/prensa\/wp-json\/wp\/v2\/media?parent=40526"}],"wp:term":[{"taxonomy":"category","embeddable":true,"href":"https:\/\/www.mendoza.gov.ar\/prensa\/wp-json\/wp\/v2\/categories?post=40526"},{"taxonomy":"post_tag","embeddable":true,"href":"https:\/\/www.mendoza.gov.ar\/prensa\/wp-json\/wp\/v2\/tags?post=40526"}],"curies":[{"name":"wp","href":"https:\/\/api.w.org\/{rel}","templated":true}]}}