{"id":405982,"date":"2024-04-25T15:54:19","date_gmt":"2024-04-25T18:54:19","guid":{"rendered":"https:\/\/www.mendoza.gov.ar\/prensa\/?p=405982"},"modified":"2024-04-26T12:23:04","modified_gmt":"2024-04-26T15:23:04","slug":"con-184-inscriptos-21-oradores-y-transmision-en-vivo-por-youtube-se-realizo-con-exito-la-audiencia-publica-de-pata-mora","status":"publish","type":"post","link":"https:\/\/www.mendoza.gov.ar\/prensa\/con-184-inscriptos-21-oradores-y-transmision-en-vivo-por-youtube-se-realizo-con-exito-la-audiencia-publica-de-pata-mora\/","title":{"rendered":"Con 184 inscriptos, 21 oradores y transmisi\u00f3n en vivo por Youtube, se realiz\u00f3 con \u00e9xito la Audiencia P\u00fablica de Pata Mora"},"content":{"rendered":"<!DOCTYPE html PUBLIC \"-\/\/W3C\/\/DTD HTML 4.0 Transitional\/\/EN\" \"http:\/\/www.w3.org\/TR\/REC-html40\/loose.dtd\">\n<html><body><h5>Los participantes tuvieron acceso al Estudio Ambiental, el <em>master plan<\/em>, dict&aacute;menes del COIRCO, informes sectoriales y an&aacute;lisis de especialistas del Conicet. El polo de servicios ser&aacute; un enclave estrat&eacute;gico para la industria de Mendoza.<\/h5>\n\n\n\n<p>Con 184 inscriptos, 21 oradores y transmisi&oacute;n en vivo por Youtube, se realiz&oacute; la Audiencia P&uacute;blica del proyecto Parque Industrial de Servicios Petroleros y Mineros Pata Mora, obra clave para el desarrollo de la industria y la log&iacute;sitca del Sur de Mendoza.<\/p>\n\n\n\n<p>La audiencia se realiz&oacute; de forma bimodal y comenz&oacute; a las 10 en el Centro de Convenciones y Exposiciones Thesaurus de Malarg&uuml;e, departamento en el que est&aacute; proyectada la obra, y tambi&eacute;n se pudo participar v&iacute;a <em>Zoom<\/em>.<\/p>\n\n\n\n<p>En la audiencia estuvo presente gran parte del gabinete de Energ&iacute;a y Ambiente, la vicegobernadora Hebe Casado y el intendente de Malarg&uuml;e, Celso Jaque.<\/p>\n\n\n\n<p>En las exposiciones se pudo conocer los detalles m&aacute;s relevantes del Estudio Ambiental, los informes del master plan, dict&aacute;menes del Comit&eacute; Interjurisdiccional del R&iacute;o Colorado (COIRCO), los informes sectoriales, los an&aacute;lisis de los especialistas del Conicet y toda la documentaci&oacute;n de estudios, aprobaciones e informes previos a la licitaci&oacute;n.<\/p>\n\n\n\n<p>Esta informaci&oacute;n sigue disponible para todos los mendocinos a trav&eacute;s del canal de Youtube del Ministerio de Energ&iacute;a y Ambiente. https:\/\/www.youtube.com\/watch?v=5Ww2HHi-rUg&amp;t=2577s<\/p>\n\n\n\n<p>&ldquo;Creemos firmemente en el desarrollo de Malarg&uuml;e, en el desarrollo de esta zona en particular y en la localizaci&oacute;n pronta de muchas empresas en esta zona&rdquo;, afirm&oacute; Casado. Adem&aacute;s, asegur&oacute; que es crucial para la provincia contar con un polo de servicios cercano a Neuqu&eacute;n y a las operadoras hidrocarbur&iacute;feras y mineras.<\/p>\n\n\n\n<p>&ldquo;Hoy hemos terminado la Audiencia P&uacute;blica donde se present&oacute; el Estudio de Impacto Ambiental del futuro parque de servicios en Pata Mora y tambi&eacute;n del desarrollo de la nueva zona urbana para ese paraje de Malarg&uuml;e, un lugar estrat&eacute;gico en la parte m&aacute;s austral de Mendoza&rdquo;, dijo el intendente del departamento, Celso Jaque.<\/p>\n\n\n\n<p>Por su parte, el subsecretario de Ambiente, Sebasti&aacute;n Melchor, afirm&oacute; que la Evaluaci&oacute;n de Impacto Ambiental &ldquo;es una herramienta fundamental para la toma de decisiones&rdquo;.<\/p>\n\n\n\n<p>&ldquo;Esta modalidad presencial y <em>on-line<\/em> nos permiti&oacute; garantizar la participaci&oacute;n de todas y todos los ciudadanos que as&iacute; lo quisieran, nos permiti&oacute; conversar, intercambiar puntos de vista y tener en cuenta aportes de un proyecto tan importante&rdquo;, destac&oacute; el funcionario.<\/p>\n\n\n\n<p>Por &uacute;ltimo, el responsable de Miner&iacute;a, Jer&oacute;nimo Shantal, asegur&oacute; que &ldquo;ha sido un d&iacute;a muy importante para Malarg&uuml;e y para Mendoza. Esta audiencia es un paso necesario dentro del marco legal establecido y con la normativa ambiental vigente de la provincia. Deseamos que esto se materialice, porque va a resultar en un polo estrat&eacute;gico para desarrollar los servicios necesarios para la industria minera, log&iacute;stica, petrolera y el tejido urbano para que residan quienes van a trabajar en estas empresas y operadoras&rdquo;.<\/p>\n\n\n\n<p>&ldquo;Actualmente tienen que recurrir a ciudades cercanas como la del Rinc&oacute;n de los Sauces en Neuqu&eacute;n. Necesitamos que estos servicios los d&eacute; Malarg&uuml;e. En Mendoza tenemos los profesionales y tenemos las empresas. Solo nos falta este paso en infraestructura&rdquo;, concluy&oacute; el responsable de la Direcci&oacute;n de Miner&iacute;a.<\/p>\n\n\n\n<p><strong>La importancia del polo de servicios<\/strong><\/p>\n\n\n\n<p>Este proyecto se trabaja desde hace m&aacute;s de cinco a&ntilde;os, durante los cuales se realizaron estudios ambientales, topogr&aacute;ficos, hidrol&oacute;gicos, econ&oacute;micos, de infraestructura, sociales y legales que hoy que est&aacute;n a disposici&oacute;n de los ciudadanos.<\/p>\n\n\n\n<p>Localizado a 300 kil&oacute;metros al sur de la ciudad cabecera de Malarg&uuml;e, Pata Mora es un enclave estrat&eacute;gico para la industria, la actividad petrolera y la miner&iacute;a de Mendoza. En marzo de este a&ntilde;o, la Provincia obtuvo la posesi&oacute;n plena de las 3.500 hect&aacute;reas que ocupar&aacute; el predio.<\/p>\n\n\n\n<p>En 2023, la Legislatura aprob&oacute; el proyecto del Ejecutivo para que se transfirieran los bienes al Fideicomiso para el Desarrollo de Malarg&uuml;e y del Polo Log&iacute;stico y de Servicios Pata Mora, en un acuerdo suscrito con Mendoza Fiduciaria SA, de modo que los recursos para su ejecuci&oacute;n queden garantizados.<\/p>\n\n\n\n<p>Con las perspectivas en materia de petr&oacute;leo, la reactivaci&oacute;n de Potasio R&iacute;o Colorado, el desarrollo de Malarg&uuml;e Distrito Minero Occidental y los proyectos como Hierro Indio y Cerro Amarillo, era imprescindible contar con un centro de log&iacute;stica y servicios al que recurran todos los operadores de la zona Sur, as&iacute; como los empleados y las empresas vinculadas.<\/p>\n\n\n\n<p>El predio est&aacute; en una zona estrat&eacute;gica, en el l&iacute;mite entre Mendoza y Neuqu&eacute;n, donde se encuentran la mayor&iacute;a de las exploraciones y explotaciones mineras y petroleras de la provincia, y donde se prev&eacute; mayor crecimiento en la materia.<\/p>\n\n\n\n<p>Con un presupuesto de U$S200 millones, el proyecto integral incluye la reparaci&oacute;n de la Ruta Provincial 189, que une Pata Mora con El Zampal, la culminaci&oacute;n de un tramo de la Ruta Nacional 40, y una red de energ&iacute;a el&eacute;ctrica mendocina que llegar&aacute; al parque industrial y a localidades vecinas como El Cortaderal.<\/p>\n\n\n\n<p>Este paraje estuvo durante a&ntilde;os en estado de aislamiento y abandono y, con esta obra, consensuada con la Agencia Provincial de Ordenamiento Territorial, la Municipalidad de Malarg&uuml;e, los ministerios nacionales de Producci&oacute;n y del Interior y el Instituto Nacional de Tecnolog&iacute;a Industrial (INTI), se crea un nuevo n&uacute;cleo econ&oacute;mico para el desarrollo a largo plazo y la diversificaci&oacute;n de la matriz productiva de Mendoza.<\/p>\n\n\n\n<figure class=\"wp-block-gallery columns-3\"><ul class=\"blocks-gallery-grid\"><li class=\"blocks-gallery-item\"><figure><a href=\"https:\/\/www.mendoza.gov.ar\/wp-content\/uploads\/sites\/5\/2024\/04\/WhatsApp-Image-2024-04-25-at-15.38.05.jpeg\"><img src=\"https:\/\/www.mendoza.gov.ar\/wp-content\/uploads\/sites\/5\/2024\/04\/WhatsApp-Image-2024-04-25-at-15.38.05-700x467.jpeg\" alt=\"\" data-id=\"405984\" data-full-url=\"https:\/\/www.mendoza.gov.ar\/wp-content\/uploads\/sites\/5\/2024\/04\/WhatsApp-Image-2024-04-25-at-15.38.05.jpeg\" data-link=\"https:\/\/www.mendoza.gov.ar\/prensa\/?attachment_id=405984\" class=\"wp-image-405984 img-responsive center-block\"><\/a><\/figure><\/li><li class=\"blocks-gallery-item\"><figure><a href=\"https:\/\/www.mendoza.gov.ar\/wp-content\/uploads\/sites\/5\/2024\/04\/WhatsApp-Image-2024-04-25-at-15.38.03.jpeg\"><img loading=\"lazy\" width=\"700\" height=\"467\" src=\"https:\/\/www.mendoza.gov.ar\/wp-content\/uploads\/sites\/5\/2024\/04\/WhatsApp-Image-2024-04-25-at-15.38.03-700x467.jpeg\" alt=\"\" data-id=\"405985\" data-full-url=\"https:\/\/www.mendoza.gov.ar\/wp-content\/uploads\/sites\/5\/2024\/04\/WhatsApp-Image-2024-04-25-at-15.38.03.jpeg\" data-link=\"https:\/\/www.mendoza.gov.ar\/prensa\/?attachment_id=405985\" class=\"wp-image-405985 img-responsive center-block\" srcset=\"https:\/\/www.mendoza.gov.ar\/wp-content\/uploads\/sites\/5\/2024\/04\/WhatsApp-Image-2024-04-25-at-15.38.03-700x467.jpeg 700w, https:\/\/www.mendoza.gov.ar\/wp-content\/uploads\/sites\/5\/2024\/04\/WhatsApp-Image-2024-04-25-at-15.38.03-250x167.jpeg 250w, https:\/\/www.mendoza.gov.ar\/wp-content\/uploads\/sites\/5\/2024\/04\/WhatsApp-Image-2024-04-25-at-15.38.03-768x512.jpeg 768w, https:\/\/www.mendoza.gov.ar\/wp-content\/uploads\/sites\/5\/2024\/04\/WhatsApp-Image-2024-04-25-at-15.38.03-1536x1024.jpeg 1536w, https:\/\/www.mendoza.gov.ar\/wp-content\/uploads\/sites\/5\/2024\/04\/WhatsApp-Image-2024-04-25-at-15.38.03-2048x1366.jpeg 2048w, https:\/\/www.mendoza.gov.ar\/wp-content\/uploads\/sites\/5\/2024\/04\/WhatsApp-Image-2024-04-25-at-15.38.03-120x80.jpeg 120w\" sizes=\"(max-width: 700px) 100vw, 700px\"><\/a><\/figure><\/li><li class=\"blocks-gallery-item\"><figure><a href=\"https:\/\/www.mendoza.gov.ar\/wp-content\/uploads\/sites\/5\/2024\/04\/WhatsApp-Image-2024-04-25-at-15.37.07.jpeg\"><img loading=\"lazy\" width=\"700\" height=\"467\" src=\"https:\/\/www.mendoza.gov.ar\/wp-content\/uploads\/sites\/5\/2024\/04\/WhatsApp-Image-2024-04-25-at-15.37.07-700x467.jpeg\" alt=\"\" data-id=\"405986\" data-full-url=\"https:\/\/www.mendoza.gov.ar\/wp-content\/uploads\/sites\/5\/2024\/04\/WhatsApp-Image-2024-04-25-at-15.37.07.jpeg\" data-link=\"https:\/\/www.mendoza.gov.ar\/prensa\/?attachment_id=405986\" class=\"wp-image-405986 img-responsive center-block\" srcset=\"https:\/\/www.mendoza.gov.ar\/wp-content\/uploads\/sites\/5\/2024\/04\/WhatsApp-Image-2024-04-25-at-15.37.07-700x467.jpeg 700w, https:\/\/www.mendoza.gov.ar\/wp-content\/uploads\/sites\/5\/2024\/04\/WhatsApp-Image-2024-04-25-at-15.37.07-250x167.jpeg 250w, https:\/\/www.mendoza.gov.ar\/wp-content\/uploads\/sites\/5\/2024\/04\/WhatsApp-Image-2024-04-25-at-15.37.07-768x512.jpeg 768w, https:\/\/www.mendoza.gov.ar\/wp-content\/uploads\/sites\/5\/2024\/04\/WhatsApp-Image-2024-04-25-at-15.37.07-1536x1024.jpeg 1536w, https:\/\/www.mendoza.gov.ar\/wp-content\/uploads\/sites\/5\/2024\/04\/WhatsApp-Image-2024-04-25-at-15.37.07-2048x1366.jpeg 2048w, https:\/\/www.mendoza.gov.ar\/wp-content\/uploads\/sites\/5\/2024\/04\/WhatsApp-Image-2024-04-25-at-15.37.07-120x80.jpeg 120w\" sizes=\"(max-width: 700px) 100vw, 700px\"><\/a><\/figure><\/li><li class=\"blocks-gallery-item\"><figure><a href=\"https:\/\/www.mendoza.gov.ar\/wp-content\/uploads\/sites\/5\/2024\/04\/WhatsApp-Image-2024-04-25-at-15.37.05.jpeg\"><img loading=\"lazy\" width=\"700\" height=\"467\" src=\"https:\/\/www.mendoza.gov.ar\/wp-content\/uploads\/sites\/5\/2024\/04\/WhatsApp-Image-2024-04-25-at-15.37.05-700x467.jpeg\" alt=\"\" data-id=\"405987\" data-full-url=\"https:\/\/www.mendoza.gov.ar\/wp-content\/uploads\/sites\/5\/2024\/04\/WhatsApp-Image-2024-04-25-at-15.37.05.jpeg\" data-link=\"https:\/\/www.mendoza.gov.ar\/prensa\/?attachment_id=405987\" class=\"wp-image-405987 img-responsive center-block\" srcset=\"https:\/\/www.mendoza.gov.ar\/wp-content\/uploads\/sites\/5\/2024\/04\/WhatsApp-Image-2024-04-25-at-15.37.05-700x467.jpeg 700w, https:\/\/www.mendoza.gov.ar\/wp-content\/uploads\/sites\/5\/2024\/04\/WhatsApp-Image-2024-04-25-at-15.37.05-250x167.jpeg 250w, https:\/\/www.mendoza.gov.ar\/wp-content\/uploads\/sites\/5\/2024\/04\/WhatsApp-Image-2024-04-25-at-15.37.05-768x512.jpeg 768w, https:\/\/www.mendoza.gov.ar\/wp-content\/uploads\/sites\/5\/2024\/04\/WhatsApp-Image-2024-04-25-at-15.37.05-1536x1024.jpeg 1536w, https:\/\/www.mendoza.gov.ar\/wp-content\/uploads\/sites\/5\/2024\/04\/WhatsApp-Image-2024-04-25-at-15.37.05-2048x1366.jpeg 2048w, https:\/\/www.mendoza.gov.ar\/wp-content\/uploads\/sites\/5\/2024\/04\/WhatsApp-Image-2024-04-25-at-15.37.05-120x80.jpeg 120w\" sizes=\"(max-width: 700px) 100vw, 700px\"><\/a><\/figure><\/li><li class=\"blocks-gallery-item\"><figure><a href=\"https:\/\/www.mendoza.gov.ar\/wp-content\/uploads\/sites\/5\/2024\/04\/WhatsApp-Image-2024-04-25-at-15.37.03.jpeg\"><img loading=\"lazy\" width=\"700\" height=\"467\" src=\"https:\/\/www.mendoza.gov.ar\/wp-content\/uploads\/sites\/5\/2024\/04\/WhatsApp-Image-2024-04-25-at-15.37.03-700x467.jpeg\" alt=\"\" data-id=\"405988\" data-full-url=\"https:\/\/www.mendoza.gov.ar\/wp-content\/uploads\/sites\/5\/2024\/04\/WhatsApp-Image-2024-04-25-at-15.37.03.jpeg\" data-link=\"https:\/\/www.mendoza.gov.ar\/prensa\/?attachment_id=405988\" class=\"wp-image-405988 img-responsive center-block\" srcset=\"https:\/\/www.mendoza.gov.ar\/wp-content\/uploads\/sites\/5\/2024\/04\/WhatsApp-Image-2024-04-25-at-15.37.03-700x467.jpeg 700w, https:\/\/www.mendoza.gov.ar\/wp-content\/uploads\/sites\/5\/2024\/04\/WhatsApp-Image-2024-04-25-at-15.37.03-250x167.jpeg 250w, https:\/\/www.mendoza.gov.ar\/wp-content\/uploads\/sites\/5\/2024\/04\/WhatsApp-Image-2024-04-25-at-15.37.03-768x512.jpeg 768w, https:\/\/www.mendoza.gov.ar\/wp-content\/uploads\/sites\/5\/2024\/04\/WhatsApp-Image-2024-04-25-at-15.37.03-1536x1024.jpeg 1536w, https:\/\/www.mendoza.gov.ar\/wp-content\/uploads\/sites\/5\/2024\/04\/WhatsApp-Image-2024-04-25-at-15.37.03-2048x1366.jpeg 2048w, https:\/\/www.mendoza.gov.ar\/wp-content\/uploads\/sites\/5\/2024\/04\/WhatsApp-Image-2024-04-25-at-15.37.03-120x80.jpeg 120w\" sizes=\"(max-width: 700px) 100vw, 700px\"><\/a><\/figure><\/li><li class=\"blocks-gallery-item\"><figure><a href=\"https:\/\/www.mendoza.gov.ar\/wp-content\/uploads\/sites\/5\/2024\/04\/WhatsApp-Image-2024-04-25-at-15.37.01.jpeg\"><img src=\"https:\/\/www.mendoza.gov.ar\/wp-content\/uploads\/sites\/5\/2024\/04\/WhatsApp-Image-2024-04-25-at-15.37.01-700x467.jpeg\" alt=\"\" data-id=\"405989\" data-full-url=\"https:\/\/www.mendoza.gov.ar\/wp-content\/uploads\/sites\/5\/2024\/04\/WhatsApp-Image-2024-04-25-at-15.37.01.jpeg\" data-link=\"https:\/\/www.mendoza.gov.ar\/prensa\/?attachment_id=405989\" class=\"wp-image-405989 img-responsive center-block\"><\/a><\/figure><\/li><\/ul><\/figure>\n<\/body><\/html>\n","protected":false},"excerpt":{"rendered":"Los participantes tuvieron acceso al Estudio Ambiental, el master plan, dict&aacute;menes del COIRCO, informes sectoriales y an&aacute;lisis de especialistas del Conicet. El polo de servicios ser&aacute; un enclave estrat&eacute;gico para la industria de Mendoza. Con 184 inscriptos, 21 oradores y transmisi&oacute;n en vivo por Youtube, se realiz&oacute; la Audiencia P&uacute;blica del proyecto Parque Industrial de&#8230; <a class=\"view-article\" href=\"https:\/\/www.mendoza.gov.ar\/prensa\/con-184-inscriptos-21-oradores-y-transmision-en-vivo-por-youtube-se-realizo-con-exito-la-audiencia-publica-de-pata-mora\/\"><\/a>","protected":false},"author":63,"featured_media":405984,"comment_status":"open","ping_status":"open","sticky":false,"template":"","format":"standard","meta":[],"categories":[3,3042],"tags":[],"_links":{"self":[{"href":"https:\/\/www.mendoza.gov.ar\/prensa\/wp-json\/wp\/v2\/posts\/405982"}],"collection":[{"href":"https:\/\/www.mendoza.gov.ar\/prensa\/wp-json\/wp\/v2\/posts"}],"about":[{"href":"https:\/\/www.mendoza.gov.ar\/prensa\/wp-json\/wp\/v2\/types\/post"}],"author":[{"embeddable":true,"href":"https:\/\/www.mendoza.gov.ar\/prensa\/wp-json\/wp\/v2\/users\/63"}],"replies":[{"embeddable":true,"href":"https:\/\/www.mendoza.gov.ar\/prensa\/wp-json\/wp\/v2\/comments?post=405982"}],"version-history":[{"count":4,"href":"https:\/\/www.mendoza.gov.ar\/prensa\/wp-json\/wp\/v2\/posts\/405982\/revisions"}],"predecessor-version":[{"id":406011,"href":"https:\/\/www.mendoza.gov.ar\/prensa\/wp-json\/wp\/v2\/posts\/405982\/revisions\/406011"}],"wp:featuredmedia":[{"embeddable":true,"href":"https:\/\/www.mendoza.gov.ar\/prensa\/wp-json\/wp\/v2\/media\/405984"}],"wp:attachment":[{"href":"https:\/\/www.mendoza.gov.ar\/prensa\/wp-json\/wp\/v2\/media?parent=405982"}],"wp:term":[{"taxonomy":"category","embeddable":true,"href":"https:\/\/www.mendoza.gov.ar\/prensa\/wp-json\/wp\/v2\/categories?post=405982"},{"taxonomy":"post_tag","embeddable":true,"href":"https:\/\/www.mendoza.gov.ar\/prensa\/wp-json\/wp\/v2\/tags?post=405982"}],"curies":[{"name":"wp","href":"https:\/\/api.w.org\/{rel}","templated":true}]}}