{"id":406259,"date":"2024-04-27T10:01:08","date_gmt":"2024-04-27T13:01:08","guid":{"rendered":"https:\/\/www.mendoza.gov.ar\/prensa\/?p=406259"},"modified":"2024-04-28T10:37:36","modified_gmt":"2024-04-28T13:37:36","slug":"la-direccion-de-cooperativas-y-emprendedores-tendra-un-nuevo-canal-de-ingreso-de-tramites","status":"publish","type":"post","link":"https:\/\/www.mendoza.gov.ar\/prensa\/la-direccion-de-cooperativas-y-emprendedores-tendra-un-nuevo-canal-de-ingreso-de-tramites\/","title":{"rendered":"La Direcci\u00f3n de Cooperativas y Emprendedores tendr\u00e1 un nuevo canal de ingreso de tr\u00e1mites"},"content":{"rendered":"<!DOCTYPE html PUBLIC \"-\/\/W3C\/\/DTD HTML 4.0 Transitional\/\/EN\" \"http:\/\/www.w3.org\/TR\/REC-html40\/loose.dtd\">\n<html><body><p><strong>Ser&aacute; virtual y permitir&aacute; a los cooperativistas ahorrar tiempo y recursos en la gesti&oacute;n de sus tr&aacute;mites a trav&eacute;s de Ventanilla &Uacute;nica.<\/strong><\/p>\n\n\n\n<p>La Direcci&oacute;n de Cooperativas y Emprendedores del Ministerio de Producci&oacute;n anuncia un avance en la gesti&oacute;n de tr&aacute;mites para el ecosistema cooperativista de la provincia. Se trata de la implementaci&oacute;n de un nuevo canal virtual a trav&eacute;s de Ventanilla &Uacute;nica Mendoza.<\/p>\n\n\n\n<p>Este nuevo sistema permitir&aacute; a los cooperativistas realizar sus tr&aacute;mites de manera &aacute;gil y eficiente, ahorrando tiempo y recursos. La plataforma de Ventanilla &Uacute;nica ofrece una mejora significativa en la gesti&oacute;n de la informaci&oacute;n, facilita el ingreso de tr&aacute;mites y proporciona un canal de atenci&oacute;n exclusivo para el seguimiento de las gestiones.<\/p>\n\n\n\n<p>Ahora, los miembros de las cooperativas podr&aacute;n realizar sus tr&aacute;mites administrativos desde cualquier lugar del mundo, sin perder tiempo ni recursos. Solo necesitan acceder al enlace Portal de Ventanilla &Uacute;nica Mendoza, seleccionar como repartici&oacute;n el Ministerio de Producci&oacute;n y luego Emprendedores y Cooperativas, y seguir los pasos indicados para iniciar sus gestiones de manera digital.<\/p>\n\n\n\n<p>Adem&aacute;s, para obtener m&aacute;s informaci&oacute;n o resolver cualquier consulta, se pone a disposici&oacute;n el n&uacute;mero de tel&eacute;fono 3852528.<\/p>\n\n\n\n<p><strong>Sobre el &aacute;rea de Cooperativas de Mendoza<\/strong><\/p>\n\n\n\n<p>En el Ministerio de Producci&oacute;n de la Provincia de Mendoza, el &aacute;rea de Cooperativas junto al &aacute;rea de Emprendedores, se encuentran bajo la direcci&oacute;n de Andrea Nallim. Ambas &aacute;reas se dedican a promover modelos socioecon&oacute;micos que favorezcan el desarrollo equitativo y la organizaci&oacute;n democr&aacute;tica de la provincia.<\/p>\n\n\n\n<p>Con un enfoque centrado en el fomento y la consolidaci&oacute;n del movimiento cooperativo y emprendedor, estas acciones buscan generar un impacto positivo en los procesos productivos, sociales y culturales de la provincia.<\/p>\n\n\n\n<figure class=\"wp-block-image size-large\"><img loading=\"lazy\" width=\"700\" height=\"299\" src=\"https:\/\/www.mendoza.gov.ar\/wp-content\/uploads\/sites\/5\/2024\/04\/logo_coopyemp-3-700x299.jpg\" alt=\"\" class=\"wp-image-406261 img-responsive center-block\" srcset=\"https:\/\/www.mendoza.gov.ar\/wp-content\/uploads\/sites\/5\/2024\/04\/logo_coopyemp-3-700x299.jpg 700w, https:\/\/www.mendoza.gov.ar\/wp-content\/uploads\/sites\/5\/2024\/04\/logo_coopyemp-3-250x107.jpg 250w, https:\/\/www.mendoza.gov.ar\/wp-content\/uploads\/sites\/5\/2024\/04\/logo_coopyemp-3-768x328.jpg 768w, https:\/\/www.mendoza.gov.ar\/wp-content\/uploads\/sites\/5\/2024\/04\/logo_coopyemp-3-120x51.jpg 120w, https:\/\/www.mendoza.gov.ar\/wp-content\/uploads\/sites\/5\/2024\/04\/logo_coopyemp-3.jpg 1224w\" sizes=\"(max-width: 700px) 100vw, 700px\"><\/figure>\n\n\n\n<p><\/p>\n<\/body><\/html>\n","protected":false},"excerpt":{"rendered":"Ser&aacute; virtual y permitir&aacute; a los cooperativistas ahorrar tiempo y recursos en la gesti&oacute;n de sus tr&aacute;mites a trav&eacute;s de Ventanilla &Uacute;nica. La Direcci&oacute;n de Cooperativas y Emprendedores del Ministerio de Producci&oacute;n anuncia un avance en la gesti&oacute;n de tr&aacute;mites para el ecosistema cooperativista de la provincia. Se trata de la implementaci&oacute;n de un nuevo&#8230; <a class=\"view-article\" href=\"https:\/\/www.mendoza.gov.ar\/prensa\/la-direccion-de-cooperativas-y-emprendedores-tendra-un-nuevo-canal-de-ingreso-de-tramites\/\"><\/a>","protected":false},"author":78,"featured_media":406261,"comment_status":"open","ping_status":"open","sticky":false,"template":"","format":"standard","meta":[],"categories":[15],"tags":[],"_links":{"self":[{"href":"https:\/\/www.mendoza.gov.ar\/prensa\/wp-json\/wp\/v2\/posts\/406259"}],"collection":[{"href":"https:\/\/www.mendoza.gov.ar\/prensa\/wp-json\/wp\/v2\/posts"}],"about":[{"href":"https:\/\/www.mendoza.gov.ar\/prensa\/wp-json\/wp\/v2\/types\/post"}],"author":[{"embeddable":true,"href":"https:\/\/www.mendoza.gov.ar\/prensa\/wp-json\/wp\/v2\/users\/78"}],"replies":[{"embeddable":true,"href":"https:\/\/www.mendoza.gov.ar\/prensa\/wp-json\/wp\/v2\/comments?post=406259"}],"version-history":[{"count":4,"href":"https:\/\/www.mendoza.gov.ar\/prensa\/wp-json\/wp\/v2\/posts\/406259\/revisions"}],"predecessor-version":[{"id":406303,"href":"https:\/\/www.mendoza.gov.ar\/prensa\/wp-json\/wp\/v2\/posts\/406259\/revisions\/406303"}],"wp:featuredmedia":[{"embeddable":true,"href":"https:\/\/www.mendoza.gov.ar\/prensa\/wp-json\/wp\/v2\/media\/406261"}],"wp:attachment":[{"href":"https:\/\/www.mendoza.gov.ar\/prensa\/wp-json\/wp\/v2\/media?parent=406259"}],"wp:term":[{"taxonomy":"category","embeddable":true,"href":"https:\/\/www.mendoza.gov.ar\/prensa\/wp-json\/wp\/v2\/categories?post=406259"},{"taxonomy":"post_tag","embeddable":true,"href":"https:\/\/www.mendoza.gov.ar\/prensa\/wp-json\/wp\/v2\/tags?post=406259"}],"curies":[{"name":"wp","href":"https:\/\/api.w.org\/{rel}","templated":true}]}}