{"id":40638,"date":"2015-09-14T10:14:42","date_gmt":"2015-09-14T13:14:42","guid":{"rendered":"http:\/\/prensa.mendoza.gov.ar\/?p=40638"},"modified":"2015-09-14T10:14:42","modified_gmt":"2015-09-14T13:14:42","slug":"agroindustria-acompana-a-productores-de-la-agricultura-familiar","status":"publish","type":"post","link":"https:\/\/www.mendoza.gov.ar\/prensa\/agroindustria-acompana-a-productores-de-la-agricultura-familiar\/","title":{"rendered":"Agroindustria acompa\u00f1a a productores de la agricultura familiar"},"content":{"rendered":"<!DOCTYPE html PUBLIC \"-\/\/W3C\/\/DTD HTML 4.0 Transitional\/\/EN\" \"http:\/\/www.w3.org\/TR\/REC-html40\/loose.dtd\">\n<html><body><p>El Ministerio de Agroindustria y Tecnolog&iacute;a a trav&eacute;s de la Direcci&oacute;n de Industria y Comercio (DIyC) es miembro de la Comisi&oacute;n Provincial para la Agricultura Familiar. En este marco se llev&oacute; a cabo un encuentro en la Sede Central de la DIyC, Bolugne Sur Mer 3050 en la cual participaron representantes del&nbsp; SENASA, Secretar&iacute;a de Agricultura Familiar de Naci&oacute;n, INTI, Direcci&oacute;n de Nutrici&oacute;n e Higiene de los Alimentos (DINHA), el Movimiento Nacional Campesino &nbsp;e Ind&iacute;gena y &aacute;reas municipales de Bromatolog&iacute;a, Desarrollo Econ&oacute;mico, Local y\/o Econom&iacute;a Social.<\/p>\n<p>El objetivo de esta iniciativa fue unificar criterios entre las instituciones involucradas en el funcionamiento de los establecimientos y productos alimenticios de la Agricultura Familiar mendocina.<\/p>\n<p>Facundo Esnal, titular de la DIyC, manifest&oacute; &ldquo;estamos trabajando entre el Estado Nacional, Provincial y Municipal buscando acompa&ntilde;ar y asesorar a los peque&ntilde;os productores para que adecuen la elaboraci&oacute;n de sus productos y la posterior comercializaci&oacute;n a la normativa vigente&rdquo;<\/p>\n<p>&ldquo;Vamos a brindarles herramientas que les permitan ser transparentes en la comercializaci&oacute;n y competitivos, de forma tal que le garanticen al consumidor la calidad y genuinidad de la producci&oacute;n&rdquo;, finaliz&oacute; el funcionario.<\/p>\n<p>En octubre la Comisi&oacute;n realizar&aacute; un encuentro provincial donde convocar&aacute; a los peque&ntilde;os productores y emprendedores de la provincia, para dar a conocer las acciones realizadas destinadas a ese sector. Los interesados pueden comunicarse al 0800-333-3492 de 8 a 16 hs o v&iacute;a mail a diyc@mendoza.gov.ar<\/p>\n<\/body><\/html>\n","protected":false},"excerpt":{"rendered":"En octubre se realizar\u00e1 un encuentro provincial donde se convocar\u00e1 a los peque\u00f1os productores y emprendedores de la Provincia.","protected":false},"author":3,"featured_media":40651,"comment_status":"open","ping_status":"open","sticky":false,"template":"","format":"standard","meta":[],"categories":[1],"tags":[],"_links":{"self":[{"href":"https:\/\/www.mendoza.gov.ar\/prensa\/wp-json\/wp\/v2\/posts\/40638"}],"collection":[{"href":"https:\/\/www.mendoza.gov.ar\/prensa\/wp-json\/wp\/v2\/posts"}],"about":[{"href":"https:\/\/www.mendoza.gov.ar\/prensa\/wp-json\/wp\/v2\/types\/post"}],"author":[{"embeddable":true,"href":"https:\/\/www.mendoza.gov.ar\/prensa\/wp-json\/wp\/v2\/users\/3"}],"replies":[{"embeddable":true,"href":"https:\/\/www.mendoza.gov.ar\/prensa\/wp-json\/wp\/v2\/comments?post=40638"}],"version-history":[{"count":0,"href":"https:\/\/www.mendoza.gov.ar\/prensa\/wp-json\/wp\/v2\/posts\/40638\/revisions"}],"wp:featuredmedia":[{"embeddable":true,"href":"https:\/\/www.mendoza.gov.ar\/prensa\/wp-json\/wp\/v2\/media\/40651"}],"wp:attachment":[{"href":"https:\/\/www.mendoza.gov.ar\/prensa\/wp-json\/wp\/v2\/media?parent=40638"}],"wp:term":[{"taxonomy":"category","embeddable":true,"href":"https:\/\/www.mendoza.gov.ar\/prensa\/wp-json\/wp\/v2\/categories?post=40638"},{"taxonomy":"post_tag","embeddable":true,"href":"https:\/\/www.mendoza.gov.ar\/prensa\/wp-json\/wp\/v2\/tags?post=40638"}],"curies":[{"name":"wp","href":"https:\/\/api.w.org\/{rel}","templated":true}]}}