{"id":40809,"date":"2015-09-16T11:15:57","date_gmt":"2015-09-16T14:15:57","guid":{"rendered":"http:\/\/prensa.mendoza.gov.ar\/?p=40809"},"modified":"2015-09-16T11:15:57","modified_gmt":"2015-09-16T14:15:57","slug":"la-carcel-privada-de-cacheuta-esta-un-paso-mas-cerca-de-convertirse-en-realidad","status":"publish","type":"post","link":"https:\/\/www.mendoza.gov.ar\/prensa\/la-carcel-privada-de-cacheuta-esta-un-paso-mas-cerca-de-convertirse-en-realidad\/","title":{"rendered":"La c\u00e1rcel privada de Cacheuta est\u00e1 un paso m\u00e1s cerca de convertirse en realidad"},"content":{"rendered":"<!DOCTYPE html PUBLIC \"-\/\/W3C\/\/DTD HTML 4.0 Transitional\/\/EN\" \"http:\/\/www.w3.org\/TR\/REC-html40\/loose.dtd\">\n<html><body><p>A trav&eacute;s de una publicaci&oacute;n del Bolet&iacute;n Oficial, el&nbsp;pasado lunes, el Ministerio de Infraestructura comunic&oacute; que la evaluaci&oacute;n del proyecto ejecutivo para la construcci&oacute;n del complejo Penitenciario de Cacheuta ha finalizado y ya existe el preacuerdo con los Ministerios de Seguridad&nbsp; y de Trabajo, Justicia y Gobierno.<\/p>\n<p>El ministro, Rolando Baldasso, destac&oacute;: &ldquo;El proyecto ejecutivo ya est&aacute; aprobado. A partir de ahora se procede a realizar el estudio de impacto ambiental y resta que la Legislatura apruebe el cr&eacute;dito para el financiamiento de la obra&rdquo;.<\/p>\n<p>&ldquo;La Declaraci&oacute;n de Impacto Ambiental (DIA) puede tener una duraci&oacute;n de 2 o 3 meses. Yo espero que antes de fin de a&ntilde;o est&eacute; terminada la DIA y con importantes avances en la Legislatura&rdquo;, agreg&oacute; el funcionario.<\/p>\n<p>Se trata de una&nbsp;iniciativa privada que nace a ra&iacute;z de la decisi&oacute;n de la empresa Obras Andinas de realizar la propuesta, planificar el proyecto y conseguir el financiamiento de la obra. Una vez que se realiza la licitaci&oacute;n p&uacute;blica, el Estado le garantiza la posibilidad de igualar el precio m&aacute;s bajo que se presente.<\/p>\n<p><strong>Detalles del proyecto<\/strong><\/p>\n<p>El proyecto completo albergar&iacute;a a 648 internos penados, con la posibilidad de extender su capacidad a 904. El establecimiento contar&iacute;a con 48.540 m2 entre cubiertos y semicubiertos y contar&aacute; con tres niveles: en el primero se encuentran las oficinas administrativas, casinos para penitenciarios, guarder&iacute;a para los hijos del personal, talleres de mantenimiento de veh&iacute;culos y otros, abastecimiento de agua y energ&iacute;a el&eacute;ctrica, seguridad externa (edificio de control vehicular) y conserjer&iacute;a (edificio de control de visitas de internos).<\/p>\n<p>En el&nbsp;segundo nivel se ubican los edificios de la casa de pre-egreso (internos con salidas transitorias), cocina general, panader&iacute;a, lavander&iacute;a, asistencia m&eacute;dica, asistencia psicol&oacute;gica y social, juzgado de ejecuci&oacute;n y oficinas administrativas GE-CO.SE.PE (gesti&oacute;n-control y seguimiento de la pena), pabell&oacute;n de admisi&oacute;n de internos y seguridad interna.<\/p>\n<p>Por &uacute;ltimo, en el&nbsp;tercer nivel&nbsp;estar&aacute;n ubicados los&nbsp;4 pabellones de alojamiento de m&iacute;nima y mediana seguridad,&nbsp;con sus respectivos Salones de Usos M&uacute;ltiples&nbsp;(SUM) para cada uno de ellos;&nbsp;2 pabellones de m&aacute;xima seguridad&nbsp;con sus respectivos servicios (que se integran al pabell&oacute;n para cubrir los requerimientos de seguridad y necesidades de los internos);&nbsp;2 edificios educativos; talleres de trabajo y laborterapia; un &aacute;rea de culto; el Servicio Especial de Requisa Penitenciaria; el Servicio Especial de Traslado de Internos y un gran espacio central donde se ha previsto una cancha de f&uacute;tbol reglamentaria para diferentes actividades y espect&aacute;culos.<\/p>\n<\/body><\/html>\n","protected":false},"excerpt":{"rendered":"La propuesta fue parte de una inicitiva privada de la empresa Obras Andinas S.A. para construir el complejo penitenciario. La inversi\u00f3n tendr\u00e1 un valor estimado de $1200 millones","protected":false},"author":3,"featured_media":0,"comment_status":"open","ping_status":"open","sticky":false,"template":"","format":"standard","meta":[],"categories":[1],"tags":[],"_links":{"self":[{"href":"https:\/\/www.mendoza.gov.ar\/prensa\/wp-json\/wp\/v2\/posts\/40809"}],"collection":[{"href":"https:\/\/www.mendoza.gov.ar\/prensa\/wp-json\/wp\/v2\/posts"}],"about":[{"href":"https:\/\/www.mendoza.gov.ar\/prensa\/wp-json\/wp\/v2\/types\/post"}],"author":[{"embeddable":true,"href":"https:\/\/www.mendoza.gov.ar\/prensa\/wp-json\/wp\/v2\/users\/3"}],"replies":[{"embeddable":true,"href":"https:\/\/www.mendoza.gov.ar\/prensa\/wp-json\/wp\/v2\/comments?post=40809"}],"version-history":[{"count":0,"href":"https:\/\/www.mendoza.gov.ar\/prensa\/wp-json\/wp\/v2\/posts\/40809\/revisions"}],"wp:attachment":[{"href":"https:\/\/www.mendoza.gov.ar\/prensa\/wp-json\/wp\/v2\/media?parent=40809"}],"wp:term":[{"taxonomy":"category","embeddable":true,"href":"https:\/\/www.mendoza.gov.ar\/prensa\/wp-json\/wp\/v2\/categories?post=40809"},{"taxonomy":"post_tag","embeddable":true,"href":"https:\/\/www.mendoza.gov.ar\/prensa\/wp-json\/wp\/v2\/tags?post=40809"}],"curies":[{"name":"wp","href":"https:\/\/api.w.org\/{rel}","templated":true}]}}