{"id":408168,"date":"2024-05-08T15:43:25","date_gmt":"2024-05-08T18:43:25","guid":{"rendered":"https:\/\/www.mendoza.gov.ar\/prensa\/?p=408168"},"modified":"2024-05-08T16:56:34","modified_gmt":"2024-05-08T19:56:34","slug":"garcia-zalazar-visito-la-escuela-1-605-matias-zapiola-de-san-carlos","status":"publish","type":"post","link":"https:\/\/www.mendoza.gov.ar\/prensa\/garcia-zalazar-visito-la-escuela-1-605-matias-zapiola-de-san-carlos\/","title":{"rendered":"Garc\u00eda Zalazar visit\u00f3 la Escuela 1-605 Mat\u00edas Zapiola de San Carlos"},"content":{"rendered":"<!DOCTYPE html PUBLIC \"-\/\/W3C\/\/DTD HTML 4.0 Transitional\/\/EN\" \"http:\/\/www.w3.org\/TR\/REC-html40\/loose.dtd\">\n<html><body><h5>El ministro junto al intendente local dialogaron con directivos y docentes, entregaron mobiliario y libros y acordaron acciones futuras para mejorar el trabajo entre gobierno, municipio y escuelas.<\/h5>\n\n\n\n<p>En el marco de la firma del convenio sobre inversi&oacute;n educativa que se realiz&oacute; este mi&eacute;rcoles junto al intendente de San Carlos, Alejandro Morillas, el ministro de Educaci&oacute;n, Cultura, Infancias y DGE, Tadeo Garc&iacute;a Zalazar, junto a autoridades educativas y municipales visitaron la escuela primaria 1-605 Mat&iacute;as Zapiola.<\/p>\n\n\n\n<p>El titular de la DGE recorri&oacute; las instalaciones junto a la comunidad educativa donde mantuvieron conversaciones sobre diferentes temas expuestos por los directivos y docentes de la instituci&oacute;n. Adem&aacute;s la escuela recibi&oacute;, de parte de las autoridades del gobierno escolar, mobiliario y libros.<\/p>\n\n\n\n<p>Cabe destacar que la Escuela Mat&iacute;as Zapiola es uno de los establecimientos m&aacute;s grandes del departamento y tiene una matr&iacute;cula de 470 estudiantes. En el edificio tambi&eacute;n funciona el CEBJA An&iacute;bal Molina Simonovich.<\/p>\n\n\n\n<p>La directora de la instituci&oacute;n, Eliana Guevara, expres&oacute; que recibir al ministro y al intendente es muy positivo para toda la comunidad: &ldquo;Siempre decimos que es muy bueno recibir autoridades del gobierno escolar, sobre todo porque somos una escuela que est&aacute; alejada de la ciudad&rdquo;, sostuvo.<\/p>\n\n\n\n<p>&ldquo;Es bueno que compartamos nuestra realidad y que podamos informarles nuestras inquietudes. Pudimos dialogar sobre las condiciones en las que se encuentra la escuela que, si bien est&aacute; en buenas condiciones, siempre es bueno mantener y sumar acciones para mejorar la calidad de la escuela&rdquo;, dijo Eliana Guevara.<\/p>\n\n\n\n<p>&ldquo;Agradecemos la visita y valoramos el gesto de apertura que nos traen tanto las autoridades del gobierno escolar como los funcionarios del municipio y as&iacute; trabajar en equipo&rdquo;, destac&oacute; la directora.<\/p>\n\n\n\n<figure class=\"wp-block-gallery columns-3\"><ul class=\"blocks-gallery-grid\"><li class=\"blocks-gallery-item\"><figure><a href=\"https:\/\/www.mendoza.gov.ar\/wp-content\/uploads\/sites\/5\/2024\/05\/WhatsApp-Image-2024-05-08-at-11.11.19.jpeg\"><img loading=\"lazy\" width=\"700\" height=\"394\" src=\"https:\/\/www.mendoza.gov.ar\/wp-content\/uploads\/sites\/5\/2024\/05\/WhatsApp-Image-2024-05-08-at-11.11.19-700x394.jpeg\" alt=\"\" data-id=\"408169\" data-full-url=\"https:\/\/www.mendoza.gov.ar\/wp-content\/uploads\/sites\/5\/2024\/05\/WhatsApp-Image-2024-05-08-at-11.11.19.jpeg\" data-link=\"https:\/\/www.mendoza.gov.ar\/prensa\/?attachment_id=408169\" class=\"wp-image-408169 img-responsive center-block\" srcset=\"https:\/\/www.mendoza.gov.ar\/wp-content\/uploads\/sites\/5\/2024\/05\/WhatsApp-Image-2024-05-08-at-11.11.19-700x394.jpeg 700w, https:\/\/www.mendoza.gov.ar\/wp-content\/uploads\/sites\/5\/2024\/05\/WhatsApp-Image-2024-05-08-at-11.11.19-250x141.jpeg 250w, https:\/\/www.mendoza.gov.ar\/wp-content\/uploads\/sites\/5\/2024\/05\/WhatsApp-Image-2024-05-08-at-11.11.19-768x432.jpeg 768w, https:\/\/www.mendoza.gov.ar\/wp-content\/uploads\/sites\/5\/2024\/05\/WhatsApp-Image-2024-05-08-at-11.11.19-1536x864.jpeg 1536w, https:\/\/www.mendoza.gov.ar\/wp-content\/uploads\/sites\/5\/2024\/05\/WhatsApp-Image-2024-05-08-at-11.11.19-2048x1152.jpeg 2048w, https:\/\/www.mendoza.gov.ar\/wp-content\/uploads\/sites\/5\/2024\/05\/WhatsApp-Image-2024-05-08-at-11.11.19-120x68.jpeg 120w\" sizes=\"(max-width: 700px) 100vw, 700px\"><\/a><\/figure><\/li><li class=\"blocks-gallery-item\"><figure><a href=\"https:\/\/www.mendoza.gov.ar\/wp-content\/uploads\/sites\/5\/2024\/05\/WhatsApp-Image-2024-05-08-at-11.11.22.jpeg\"><img loading=\"lazy\" width=\"700\" height=\"452\" src=\"https:\/\/www.mendoza.gov.ar\/wp-content\/uploads\/sites\/5\/2024\/05\/WhatsApp-Image-2024-05-08-at-11.11.22-700x452.jpeg\" alt=\"\" data-id=\"408170\" data-full-url=\"https:\/\/www.mendoza.gov.ar\/wp-content\/uploads\/sites\/5\/2024\/05\/WhatsApp-Image-2024-05-08-at-11.11.22.jpeg\" data-link=\"https:\/\/www.mendoza.gov.ar\/prensa\/?attachment_id=408170\" class=\"wp-image-408170 img-responsive center-block\" srcset=\"https:\/\/www.mendoza.gov.ar\/wp-content\/uploads\/sites\/5\/2024\/05\/WhatsApp-Image-2024-05-08-at-11.11.22-700x452.jpeg 700w, https:\/\/www.mendoza.gov.ar\/wp-content\/uploads\/sites\/5\/2024\/05\/WhatsApp-Image-2024-05-08-at-11.11.22-250x162.jpeg 250w, https:\/\/www.mendoza.gov.ar\/wp-content\/uploads\/sites\/5\/2024\/05\/WhatsApp-Image-2024-05-08-at-11.11.22-768x496.jpeg 768w, https:\/\/www.mendoza.gov.ar\/wp-content\/uploads\/sites\/5\/2024\/05\/WhatsApp-Image-2024-05-08-at-11.11.22-1536x993.jpeg 1536w, https:\/\/www.mendoza.gov.ar\/wp-content\/uploads\/sites\/5\/2024\/05\/WhatsApp-Image-2024-05-08-at-11.11.22-2048x1324.jpeg 2048w, https:\/\/www.mendoza.gov.ar\/wp-content\/uploads\/sites\/5\/2024\/05\/WhatsApp-Image-2024-05-08-at-11.11.22-120x78.jpeg 120w\" sizes=\"(max-width: 700px) 100vw, 700px\"><\/a><\/figure><\/li><li class=\"blocks-gallery-item\"><figure><a href=\"https:\/\/www.mendoza.gov.ar\/wp-content\/uploads\/sites\/5\/2024\/05\/WhatsApp-Image-2024-05-08-at-11.11.21.jpeg\"><img loading=\"lazy\" width=\"700\" height=\"394\" src=\"https:\/\/www.mendoza.gov.ar\/wp-content\/uploads\/sites\/5\/2024\/05\/WhatsApp-Image-2024-05-08-at-11.11.21-700x394.jpeg\" alt=\"\" data-id=\"408171\" data-full-url=\"https:\/\/www.mendoza.gov.ar\/wp-content\/uploads\/sites\/5\/2024\/05\/WhatsApp-Image-2024-05-08-at-11.11.21.jpeg\" data-link=\"https:\/\/www.mendoza.gov.ar\/prensa\/?attachment_id=408171\" class=\"wp-image-408171 img-responsive center-block\" srcset=\"https:\/\/www.mendoza.gov.ar\/wp-content\/uploads\/sites\/5\/2024\/05\/WhatsApp-Image-2024-05-08-at-11.11.21-700x394.jpeg 700w, https:\/\/www.mendoza.gov.ar\/wp-content\/uploads\/sites\/5\/2024\/05\/WhatsApp-Image-2024-05-08-at-11.11.21-250x141.jpeg 250w, https:\/\/www.mendoza.gov.ar\/wp-content\/uploads\/sites\/5\/2024\/05\/WhatsApp-Image-2024-05-08-at-11.11.21-768x432.jpeg 768w, https:\/\/www.mendoza.gov.ar\/wp-content\/uploads\/sites\/5\/2024\/05\/WhatsApp-Image-2024-05-08-at-11.11.21-1536x864.jpeg 1536w, https:\/\/www.mendoza.gov.ar\/wp-content\/uploads\/sites\/5\/2024\/05\/WhatsApp-Image-2024-05-08-at-11.11.21-2048x1152.jpeg 2048w, https:\/\/www.mendoza.gov.ar\/wp-content\/uploads\/sites\/5\/2024\/05\/WhatsApp-Image-2024-05-08-at-11.11.21-120x68.jpeg 120w\" sizes=\"(max-width: 700px) 100vw, 700px\"><\/a><\/figure><\/li><li class=\"blocks-gallery-item\"><figure><a href=\"https:\/\/www.mendoza.gov.ar\/wp-content\/uploads\/sites\/5\/2024\/05\/WhatsApp-Image-2024-05-08-at-11.11.21-1.jpeg\"><img src=\"https:\/\/www.mendoza.gov.ar\/wp-content\/uploads\/sites\/5\/2024\/05\/WhatsApp-Image-2024-05-08-at-11.11.21-1-700x435.jpeg\" alt=\"\" data-id=\"408172\" data-full-url=\"https:\/\/www.mendoza.gov.ar\/wp-content\/uploads\/sites\/5\/2024\/05\/WhatsApp-Image-2024-05-08-at-11.11.21-1.jpeg\" data-link=\"https:\/\/www.mendoza.gov.ar\/prensa\/?attachment_id=408172\" class=\"wp-image-408172 img-responsive center-block\"><\/a><\/figure><\/li><\/ul><\/figure>\n<\/body><\/html>\n","protected":false},"excerpt":{"rendered":"El ministro junto al intendente local dialogaron con directivos y docentes, entregaron mobiliario y libros y acordaron acciones futuras para mejorar el trabajo entre gobierno, municipio y escuelas. En el marco de la firma del convenio sobre inversi&oacute;n educativa que se realiz&oacute; este mi&eacute;rcoles junto al intendente de San Carlos, Alejandro Morillas, el ministro de&#8230; <a class=\"view-article\" href=\"https:\/\/www.mendoza.gov.ar\/prensa\/garcia-zalazar-visito-la-escuela-1-605-matias-zapiola-de-san-carlos\/\"><\/a>","protected":false},"author":63,"featured_media":408172,"comment_status":"open","ping_status":"open","sticky":false,"template":"","format":"standard","meta":[],"categories":[12],"tags":[],"_links":{"self":[{"href":"https:\/\/www.mendoza.gov.ar\/prensa\/wp-json\/wp\/v2\/posts\/408168"}],"collection":[{"href":"https:\/\/www.mendoza.gov.ar\/prensa\/wp-json\/wp\/v2\/posts"}],"about":[{"href":"https:\/\/www.mendoza.gov.ar\/prensa\/wp-json\/wp\/v2\/types\/post"}],"author":[{"embeddable":true,"href":"https:\/\/www.mendoza.gov.ar\/prensa\/wp-json\/wp\/v2\/users\/63"}],"replies":[{"embeddable":true,"href":"https:\/\/www.mendoza.gov.ar\/prensa\/wp-json\/wp\/v2\/comments?post=408168"}],"version-history":[{"count":3,"href":"https:\/\/www.mendoza.gov.ar\/prensa\/wp-json\/wp\/v2\/posts\/408168\/revisions"}],"predecessor-version":[{"id":408181,"href":"https:\/\/www.mendoza.gov.ar\/prensa\/wp-json\/wp\/v2\/posts\/408168\/revisions\/408181"}],"wp:featuredmedia":[{"embeddable":true,"href":"https:\/\/www.mendoza.gov.ar\/prensa\/wp-json\/wp\/v2\/media\/408172"}],"wp:attachment":[{"href":"https:\/\/www.mendoza.gov.ar\/prensa\/wp-json\/wp\/v2\/media?parent=408168"}],"wp:term":[{"taxonomy":"category","embeddable":true,"href":"https:\/\/www.mendoza.gov.ar\/prensa\/wp-json\/wp\/v2\/categories?post=408168"},{"taxonomy":"post_tag","embeddable":true,"href":"https:\/\/www.mendoza.gov.ar\/prensa\/wp-json\/wp\/v2\/tags?post=408168"}],"curies":[{"name":"wp","href":"https:\/\/api.w.org\/{rel}","templated":true}]}}