{"id":408609,"date":"2024-05-12T09:00:00","date_gmt":"2024-05-12T12:00:00","guid":{"rendered":"https:\/\/www.mendoza.gov.ar\/prensa\/?p=408609"},"modified":"2024-05-10T16:26:00","modified_gmt":"2024-05-10T19:26:00","slug":"trayecto-maps-vocacional-una-accion-que-acompana-la-orientacion-vocacional","status":"publish","type":"post","link":"https:\/\/www.mendoza.gov.ar\/prensa\/trayecto-maps-vocacional-una-accion-que-acompana-la-orientacion-vocacional\/","title":{"rendered":"Trayecto Maps Vocacional: una acci\u00f3n que acompa\u00f1a la orientaci\u00f3n vocacional"},"content":{"rendered":"<!DOCTYPE html PUBLIC \"-\/\/W3C\/\/DTD HTML 4.0 Transitional\/\/EN\" \"http:\/\/www.w3.org\/TR\/REC-html40\/loose.dtd\">\n<html><body><h5>Destinada a estudiantes de los &uacute;ltimos a&ntilde;os, la DGE propone un acompa&ntilde;amiento docente a estudiantes para que puedan elegir una carrera o formaci&oacute;n en oficios que les garanticen la continuidad en sus trayectorias educativas no obligatorias y consolidar un futuro laboral.<\/h5>\n\n\n\n<p>La Direcci&oacute;n General de Escuelas (DGE) present&oacute; por medio de capacitaciones destinadas a equipos directivos, referentes del servicio de orientaci&oacute;n, preceptores, referentes tecnol&oacute;gicos y docentes interesados, el programa denominado&nbsp;Trayecto Maps Vocacional. Se trata de una propuesta pensada para estudiantes de los &uacute;ltimos a&ntilde;os de secundaria destinado a la orientaci&oacute;n vocacional, entendida como intervenci&oacute;n pedag&oacute;gica para reflexionar sobre el proyecto de vida futuro.<\/p>\n\n\n\n<p>La semana pasada se desarroll&oacute; de manera virtual una reuni&oacute;n informativa de presentaci&oacute;n del proyecto. Participaron supervisores y directores junto a sus equipos escolares de escuelas secundarias orientadas y t&eacute;cnicas, de la modalidad de J&oacute;venes y Adultos, Educaci&oacute;n Especial y Educaci&oacute;n Art&iacute;stica, tanto de gesti&oacute;n estatal como privada.<\/p>\n\n\n\n<p>Desde la Direcci&oacute;n de Planificaci&oacute;n de la Calidad Educativa informaron que se propuso armar un trayecto de formaci&oacute;n y orientaci&oacute;n vocacional para todos los estudiantes de secundaria o equivalente a la secundaria, incluyendo educaci&oacute;n especial y hospitalaria, para preparar a los estudiantes en la elecci&oacute;n vocacional.<\/p>\n\n\n\n<p>Esta acci&oacute;n va acompa&ntilde;a con la realizaci&oacute;n de la Expo Educativa, que se realiza todo los a&ntilde;os, donde las universidades e institutos de educaci&oacute;n superior se re&uacute;nen para dar a conocer la oferta educativa provincial.<\/p>\n\n\n\n<p>Es importante que los estudiantes se preparen para visitar la feria educativa y recibir la informaci&oacute;n necesaria. Si bien son los servicios de orientaci&oacute;n los realizan esta tarea, desde el gobierno escolar se desarroll&oacute;  material especial para acompa&ntilde;ar este proceso que puede consultarse en el portal educativo (<a rel=\"noreferrer noopener\" href=\"http:\/\/www.mendoza.edu.ar\/\" target=\"_blank\">www.mendoza.edu.ar<\/a>). A trav&eacute;s de actividades de reflexi&oacute;n, los estudiantes podr&aacute;n acceder con m&aacute;s recursos a la informaci&oacute;n que proponen los institutos y las universidades para elegir y definir una carrera.<\/p>\n\n\n\n<p>La directora de Planificaci&oacute;n de la Calidad Educativa, N&eacute;lida Maluf, sostuvo que este dispositivo ayuda y fortalece el rol del psicopedagogo y compromete a los docentes de cuarto y quinto a&ntilde;os a trabajar a lo largo de todo el a&ntilde;o para que los j&oacute;venes participen de la Expo Educativa. <\/p>\n\n\n\n<p>&ldquo;Cuando pensamos en implementar este dispositivo, invitamos a las universidades para colaborar en este trabajo. El material est&aacute; en formato PDF para ser impreso, as&iacute; todos pueden tener acceso&rdquo;, dijo N&eacute;lida Maluf.<\/p>\n\n\n\n<p>&ldquo;Es importante destacar que en la Expo Educativa 2024 habr&aacute; una presencia muy marcada de los Centros de Capacitaci&oacute;n para el Trabajo (CCT), porque entendemos que tambi&eacute;n los j&oacute;venes pueden decidir prepararse para un oficio&rdquo;, agreg&oacute; la funcionaria. <\/p>\n\n\n\n<p>Finalmente, destac&oacute; que, por primera vez, &ldquo;este a&ntilde;o nos contactamos con las fuerzas armadas y de seguridad que van a estar presentes en la Expo Educativa con un espacio propio y tambi&eacute;n de manera digital. Estar&aacute;n el Ej&eacute;rcito Argentino, la Armada Naval, la Fuerza A&eacute;rea y Gendarmer&iacute;a&rdquo;. <\/p>\n\n\n\n<figure class=\"wp-block-gallery columns-3\"><ul class=\"blocks-gallery-grid\"><li class=\"blocks-gallery-item\"><figure><a href=\"https:\/\/www.mendoza.gov.ar\/wp-content\/uploads\/sites\/5\/2024\/05\/encabezado-maps-1536x245-1.jpg\"><img loading=\"lazy\" width=\"700\" height=\"112\" src=\"https:\/\/www.mendoza.gov.ar\/wp-content\/uploads\/sites\/5\/2024\/05\/encabezado-maps-1536x245-1-700x112.jpg\" alt=\"\" data-id=\"408612\" data-full-url=\"https:\/\/www.mendoza.gov.ar\/wp-content\/uploads\/sites\/5\/2024\/05\/encabezado-maps-1536x245-1.jpg\" data-link=\"https:\/\/www.mendoza.gov.ar\/prensa\/?attachment_id=408612\" class=\"wp-image-408612 img-responsive center-block\" srcset=\"https:\/\/www.mendoza.gov.ar\/wp-content\/uploads\/sites\/5\/2024\/05\/encabezado-maps-1536x245-1-700x112.jpg 700w, https:\/\/www.mendoza.gov.ar\/wp-content\/uploads\/sites\/5\/2024\/05\/encabezado-maps-1536x245-1-250x40.jpg 250w, https:\/\/www.mendoza.gov.ar\/wp-content\/uploads\/sites\/5\/2024\/05\/encabezado-maps-1536x245-1-768x123.jpg 768w, https:\/\/www.mendoza.gov.ar\/wp-content\/uploads\/sites\/5\/2024\/05\/encabezado-maps-1536x245-1-120x19.jpg 120w, https:\/\/www.mendoza.gov.ar\/wp-content\/uploads\/sites\/5\/2024\/05\/encabezado-maps-1536x245-1.jpg 1536w\" sizes=\"(max-width: 700px) 100vw, 700px\"><\/a><\/figure><\/li><li class=\"blocks-gallery-item\"><figure><a href=\"https:\/\/www.mendoza.gov.ar\/wp-content\/uploads\/sites\/5\/2024\/05\/estudiantes-vocacional.jpg\"><img loading=\"lazy\" width=\"500\" height=\"300\" src=\"https:\/\/www.mendoza.gov.ar\/wp-content\/uploads\/sites\/5\/2024\/05\/estudiantes-vocacional.jpg\" alt=\"\" data-id=\"408613\" data-full-url=\"https:\/\/www.mendoza.gov.ar\/wp-content\/uploads\/sites\/5\/2024\/05\/estudiantes-vocacional.jpg\" data-link=\"https:\/\/www.mendoza.gov.ar\/prensa\/?attachment_id=408613\" class=\"wp-image-408613 img-responsive center-block\" srcset=\"https:\/\/www.mendoza.gov.ar\/wp-content\/uploads\/sites\/5\/2024\/05\/estudiantes-vocacional.jpg 500w, https:\/\/www.mendoza.gov.ar\/wp-content\/uploads\/sites\/5\/2024\/05\/estudiantes-vocacional-250x150.jpg 250w, https:\/\/www.mendoza.gov.ar\/wp-content\/uploads\/sites\/5\/2024\/05\/estudiantes-vocacional-120x72.jpg 120w\" sizes=\"(max-width: 500px) 100vw, 500px\"><\/a><\/figure><\/li><li class=\"blocks-gallery-item\"><figure><a href=\"https:\/\/www.mendoza.gov.ar\/wp-content\/uploads\/sites\/5\/2024\/05\/estudiantes-vocacion-2-e1715113479388.jpg\"><img loading=\"lazy\" width=\"500\" height=\"300\" src=\"https:\/\/www.mendoza.gov.ar\/wp-content\/uploads\/sites\/5\/2024\/05\/estudiantes-vocacion-2-e1715113479388.jpg\" alt=\"\" data-id=\"408614\" data-full-url=\"https:\/\/www.mendoza.gov.ar\/wp-content\/uploads\/sites\/5\/2024\/05\/estudiantes-vocacion-2-e1715113479388.jpg\" data-link=\"https:\/\/www.mendoza.gov.ar\/prensa\/?attachment_id=408614\" class=\"wp-image-408614 img-responsive center-block\" srcset=\"https:\/\/www.mendoza.gov.ar\/wp-content\/uploads\/sites\/5\/2024\/05\/estudiantes-vocacion-2-e1715113479388.jpg 500w, https:\/\/www.mendoza.gov.ar\/wp-content\/uploads\/sites\/5\/2024\/05\/estudiantes-vocacion-2-e1715113479388-250x150.jpg 250w, https:\/\/www.mendoza.gov.ar\/wp-content\/uploads\/sites\/5\/2024\/05\/estudiantes-vocacion-2-e1715113479388-120x72.jpg 120w\" sizes=\"(max-width: 500px) 100vw, 500px\"><\/a><\/figure><\/li><li class=\"blocks-gallery-item\"><figure><a href=\"https:\/\/www.mendoza.gov.ar\/wp-content\/uploads\/sites\/5\/2024\/05\/estudiantes-vocacion-3-e1715113502804.jpg\"><img src=\"https:\/\/www.mendoza.gov.ar\/wp-content\/uploads\/sites\/5\/2024\/05\/estudiantes-vocacion-3-e1715113502804.jpg\" alt=\"\" data-id=\"408615\" data-full-url=\"https:\/\/www.mendoza.gov.ar\/wp-content\/uploads\/sites\/5\/2024\/05\/estudiantes-vocacion-3-e1715113502804.jpg\" data-link=\"https:\/\/www.mendoza.gov.ar\/prensa\/?attachment_id=408615\" class=\"wp-image-408615 img-responsive center-block\"><\/a><\/figure><\/li><\/ul><\/figure>\n<\/body><\/html>\n","protected":false},"excerpt":{"rendered":"Destinada a estudiantes de los &uacute;ltimos a&ntilde;os, la DGE propone un acompa&ntilde;amiento docente a estudiantes para que puedan elegir una carrera o formaci&oacute;n en oficios que les garanticen la continuidad en sus trayectorias educativas no obligatorias y consolidar un futuro laboral. La Direcci&oacute;n General de Escuelas (DGE) present&oacute; por medio de capacitaciones destinadas a equipos&#8230; <a class=\"view-article\" href=\"https:\/\/www.mendoza.gov.ar\/prensa\/trayecto-maps-vocacional-una-accion-que-acompana-la-orientacion-vocacional\/\"><\/a>","protected":false},"author":63,"featured_media":408615,"comment_status":"open","ping_status":"open","sticky":false,"template":"","format":"standard","meta":[],"categories":[12],"tags":[],"_links":{"self":[{"href":"https:\/\/www.mendoza.gov.ar\/prensa\/wp-json\/wp\/v2\/posts\/408609"}],"collection":[{"href":"https:\/\/www.mendoza.gov.ar\/prensa\/wp-json\/wp\/v2\/posts"}],"about":[{"href":"https:\/\/www.mendoza.gov.ar\/prensa\/wp-json\/wp\/v2\/types\/post"}],"author":[{"embeddable":true,"href":"https:\/\/www.mendoza.gov.ar\/prensa\/wp-json\/wp\/v2\/users\/63"}],"replies":[{"embeddable":true,"href":"https:\/\/www.mendoza.gov.ar\/prensa\/wp-json\/wp\/v2\/comments?post=408609"}],"version-history":[{"count":9,"href":"https:\/\/www.mendoza.gov.ar\/prensa\/wp-json\/wp\/v2\/posts\/408609\/revisions"}],"predecessor-version":[{"id":408631,"href":"https:\/\/www.mendoza.gov.ar\/prensa\/wp-json\/wp\/v2\/posts\/408609\/revisions\/408631"}],"wp:featuredmedia":[{"embeddable":true,"href":"https:\/\/www.mendoza.gov.ar\/prensa\/wp-json\/wp\/v2\/media\/408615"}],"wp:attachment":[{"href":"https:\/\/www.mendoza.gov.ar\/prensa\/wp-json\/wp\/v2\/media?parent=408609"}],"wp:term":[{"taxonomy":"category","embeddable":true,"href":"https:\/\/www.mendoza.gov.ar\/prensa\/wp-json\/wp\/v2\/categories?post=408609"},{"taxonomy":"post_tag","embeddable":true,"href":"https:\/\/www.mendoza.gov.ar\/prensa\/wp-json\/wp\/v2\/tags?post=408609"}],"curies":[{"name":"wp","href":"https:\/\/api.w.org\/{rel}","templated":true}]}}