{"id":40924,"date":"2015-09-17T10:25:34","date_gmt":"2015-09-17T13:25:34","guid":{"rendered":"http:\/\/prensa.mendoza.gov.ar\/?p=40924"},"modified":"2015-09-17T10:25:34","modified_gmt":"2015-09-17T13:25:34","slug":"sismo-hasta-el-momento-solo-cinco-escuelas-suspendieron-las-clases","status":"publish","type":"post","link":"https:\/\/www.mendoza.gov.ar\/prensa\/sismo-hasta-el-momento-solo-cinco-escuelas-suspendieron-las-clases\/","title":{"rendered":"Sismo: S\u00f3lo seis escuelas suspendieron las clases"},"content":{"rendered":"<!DOCTYPE html PUBLIC \"-\/\/W3C\/\/DTD HTML 4.0 Transitional\/\/EN\" \"http:\/\/www.w3.org\/TR\/REC-html40\/loose.dtd\">\n<html><body><p class=\"ecxmsonormal\" style=\"text-align: justify\">La Subsecretar&iacute;a de Infraestructura Educativa informa que, hasta el momento, asciende a 90 el n&uacute;mero de escuelas de la provincia que han solicitado una revisi&oacute;n t&eacute;cnica a ra&iacute;z del sismo ocurrido ayer, y ser&aacute;n relevadas por t&eacute;cnicos especializados para determinar los da&ntilde;os en las mismas.<\/p>\n<p><span lang=\"ES-AR\">Y de estos establecimientos, ahora son s&oacute;lo 6 las que han suspendido las actividades para hoy jueves, debido a que sus directivos tomaron dicha decisi&oacute;n a partir de observar algunas grietas y fisuras en los respectivos edificios.<\/span><\/p>\n<p><span lang=\"ES-AR\">Se trata de las escuelas Toribio Luzuriaga y Vicente L&oacute;pez, ambas de Tunuy&aacute;n, Mart&iacute;n G&uuml;emes (San Mart&iacute;n), Mois&eacute;s Lucero (Jun&iacute;n), el jard&iacute;n de infantes de la Juan Jos&eacute; Castelli (San Mart&iacute;n) y la Juan Andr&eacute;s D&iacute;az (Lavalle).<\/span><\/p>\n<\/body><\/html>\n","protected":false},"excerpt":{"rendered":"Infraestructura Escolar ha informado que 90 establecimientos han pedido revisi\u00f3n de grietas y fisuras,  oportunamente se brindar\u00e1 el informe relevado actualizado por personal t\u00e9cnico de Infraestructura Educativa.","protected":false},"author":3,"featured_media":40991,"comment_status":"open","ping_status":"open","sticky":false,"template":"","format":"standard","meta":[],"categories":[1],"tags":[],"_links":{"self":[{"href":"https:\/\/www.mendoza.gov.ar\/prensa\/wp-json\/wp\/v2\/posts\/40924"}],"collection":[{"href":"https:\/\/www.mendoza.gov.ar\/prensa\/wp-json\/wp\/v2\/posts"}],"about":[{"href":"https:\/\/www.mendoza.gov.ar\/prensa\/wp-json\/wp\/v2\/types\/post"}],"author":[{"embeddable":true,"href":"https:\/\/www.mendoza.gov.ar\/prensa\/wp-json\/wp\/v2\/users\/3"}],"replies":[{"embeddable":true,"href":"https:\/\/www.mendoza.gov.ar\/prensa\/wp-json\/wp\/v2\/comments?post=40924"}],"version-history":[{"count":0,"href":"https:\/\/www.mendoza.gov.ar\/prensa\/wp-json\/wp\/v2\/posts\/40924\/revisions"}],"wp:featuredmedia":[{"embeddable":true,"href":"https:\/\/www.mendoza.gov.ar\/prensa\/wp-json\/wp\/v2\/media\/40991"}],"wp:attachment":[{"href":"https:\/\/www.mendoza.gov.ar\/prensa\/wp-json\/wp\/v2\/media?parent=40924"}],"wp:term":[{"taxonomy":"category","embeddable":true,"href":"https:\/\/www.mendoza.gov.ar\/prensa\/wp-json\/wp\/v2\/categories?post=40924"},{"taxonomy":"post_tag","embeddable":true,"href":"https:\/\/www.mendoza.gov.ar\/prensa\/wp-json\/wp\/v2\/tags?post=40924"}],"curies":[{"name":"wp","href":"https:\/\/api.w.org\/{rel}","templated":true}]}}